{"id":6434,"date":"2025-08-20T13:39:33","date_gmt":"2025-08-20T11:39:33","guid":{"rendered":"https:\/\/online-filmkatarzis.com\/kucko\/?p=6434"},"modified":"2025-08-21T10:33:17","modified_gmt":"2025-08-21T08:33:17","slug":"sirva-jelentette-be-varga-judit","status":"publish","type":"post","link":"https:\/\/online-filmkatarzis.com\/kucko\/sirva-jelentette-be-varga-judit\/","title":{"rendered":"S\u00edrva jelentette be Varga Judit!"},"content":{"rendered":"<h3>Varga Judit volt igazs\u00e1g\u00fcgyi miniszter a F\u0151v\u00e1rosi T\u00f6rv\u00e9nysz\u00e9k \u00e9p\u00fclete el\u0151tt adott megrend\u00edt\u0151 nyilatkozatot \u2013 k\u00f6nnyek k\u00f6z\u00f6tt besz\u00e9lt a kor\u00e1bbi h\u00e1zass\u00e1g\u00e1nak tragikus r\u00e9szleteir\u0151l \u00e9s a hossz\u00fa h\u00f3napokon \u00e1t tart\u00f3 \u00e9rzelmi zs*rol\u00e1sr\u00f3l.<br \/>\nMUTATJUK A R\u00c9SZLETEKET!<\/h3>\n<h3><span style=\"color: #ff0000;\"><strong>A h\u00edr nem \u00e9rt v\u00e9get! Folytat\u00e1shoz haszn\u00e1ld a K\u00d6VETKEZ\u0150 OLDAL gombot!<\/strong><\/span><\/h3>\n<p><!--nextpage--><\/p>\n<h3>\u00dajs\u00e1g\u00edr\u00f3k k\u00e9rd\u00e9seire v\u00e1laszolva Varga Judit kijelentette: \u201cHa ebben a versenyben egy olyan embernek, mint ez a Magyar P\u00e9ter nev\u0171 k\u00e9pz\u0151dm\u00e9ny, is adnak pontokat, akkor \u00e9n ebben a versenyben nem akarok indulni.\u201d A volt miniszter elmondta, hogy volt f\u00e9rje \u2013 aki ma m\u00e1r politikai szerepet v\u00e1llal \u2013 titokban felv\u00e9teleket k\u00e9sz\u00edtett r\u00f3la, majd 14 h\u00f3napon kereszt\u00fcl zsrolta vele. Egyidej\u0171leg s\u00edrva k\u00f6ny\u00f6rg\u00f6tt, hogy ne v\u00e1lhasson el, mik\u00f6zben \u00e9rzelmileg \u00e9s fizikailag terroriz\u00e1lta \u0151t.<br \/>\n\u0150k \u00e1lltak mellette:<\/h3>\n<h3><span style=\"color: #ff0000;\"><strong>A h\u00edr nem \u00e9rt v\u00e9get! Folytat\u00e1shoz haszn\u00e1ld a K\u00d6VETKEZ\u0150 OLDAL gombot!<\/strong><\/span><\/h3>\n<p>&#8211;<\/p>\n<p>Ami sokkal fontosabb, hogy a Grande Panda meglep\u0151en k\u00e9nyelmesen rug\u00f3zik, k\u00fcl\u00f6n\u00f6sen figyelembe v\u00e9ve a r\u00f6vid tengelyt\u00e1vj\u00e1t. M\u00e9g Torino k\u00f6zpontj\u00e1nak rossz min\u0151s\u00e9g\u0171 \u00fatjain is k\u00e9pes volt kisimultan k\u00f6zlekedni, nem r\u00e1zta meg az utasokat a k\u00e1ty\u00fak vagy a fekv\u0151rend\u0151r\u00f6k. N\u00e9ha eg\u00e9szen kifinomult \u00e9s k\u00e9nyelmes benyom\u00e1st keltett.<\/p>\n<p>A Fiat a Grande Panda bevezet\u00e9sekor 199 m\u00e9rf\u00f6ldes hat\u00f3t\u00e1vot \u00edg\u00e9rt, ami k\u00fcl\u00f6n\u00f6sen v\u00e1rosi k\u00f6rnyezetben t\u0171nik re\u00e1lisnak, mivel itt kifejezetten hat\u00e9konyan m\u0171k\u00f6dik. Ugyanakkor aut\u00f3p\u00e1ly\u00e1n \u00e9s gyorsforgalmi utakon a meredekebb homlokfal miatt az aerodinamikai hat\u00e9konys\u00e1g cs\u00f6kken, \u00edgy a val\u00f3s hat\u00f3t\u00e1v jelent\u0151sen visszaeshet. A tesztel\u00e9s sor\u00e1n, h\u0171v\u00f6sebb id\u0151j\u00e1r\u00e1sban, a Panda k\u00f6r\u00fclbel\u00fcl 145 m\u00e9rf\u00f6ldet tudott volna megtenni egy vegyes \u2013 v\u00e1rosi, orsz\u00e1g\u00fati \u00e9s aut\u00f3p\u00e1ly\u00e1s \u2013 \u00fatvonalon. Ez nemcsak a Fiat probl\u00e9m\u00e1ja, de rendszeres aut\u00f3p\u00e1ly\u00e1s haszn\u00e1lat eset\u00e9n figyelembe kell venni. A m\u0171k\u00f6d\u00e9si k\u00f6lts\u00e9gek viszont alacsonyak maradnak, a regenerat\u00edv f\u00e9krendszer \u00e9s a kis t\u00f6meg miatt a f\u00e9kek \u00e9s gumik kop\u00e1sa is minim\u00e1lis lesz.<\/p>\n<p>B\u00e1r olcs\u00f3 modellr\u0151l van sz\u00f3, ez egy\u00e1ltal\u00e1n nem l\u00e1tszik meg a megjelen\u00e9s\u00e9n. A Fiat nagyszer\u0171en \u00f6tv\u00f6zte a megfizethet\u0151s\u00e9get \u00e9s a diz\u00e1jnt. M\u00edg m\u00e1s gy\u00e1rt\u00f3kn\u00e1l \u2013 p\u00e9ld\u00e1ul a Vauxhalln\u00e1l vagy a Toyot\u00e1n\u00e1l \u2013 egy \u00faj kisaut\u00f3 nem okoz k\u00fcl\u00f6n\u00f6sebb izgalmat, addig a Panda egy nemzeti jelk\u00e9p Olaszorsz\u00e1gban, \u00e9s az \u00faj gener\u00e1ci\u00f3 fogadtat\u00e1sa mindig komoly figyelmet kap. A Grande Panda formaterve m\u00e1r most sok elismer\u00e9st kapott: a sima, letisztult homlokzat elrejti a f\u00e9nysz\u00f3r\u00f3kat, nappali menetf\u00e9nyeket \u00e9s egy \u00f6tletesen elhelyezett kih\u00fazhat\u00f3 t\u00f6lt\u0151k\u00e1belt. Ezen k\u00edv\u00fcl rengeteg apr\u00f3 r\u00e9szlet teszi k\u00fcl\u00f6nlegess\u00e9: a karossz\u00e9ri\u00e1n a Panda embl\u00e9ma dombornyom\u00e1ssal, a ker\u00e9k\u00edvek tetej\u00e9n egy \u00f6r\u00f6ks\u00e9g-jelleg\u0171 Fiat log\u00f3, a h\u00e1ts\u00f3 ajt\u00f3n pedig egy k\u00e9tdimenzi\u00f3s Fiat \u00e9s egy h\u00e1romdimenzi\u00f3s Panda log\u00f3 is l\u00e1that\u00f3. Mindezek egy olyan kisaut\u00f3t eredm\u00e9nyeznek, amelynek kidolgozotts\u00e1ga vetekszik pr\u00e9mium modellekkel.<\/p>\n<p><!--nextpage--><\/p>\n<h3>A baloldali m\u00e9diumok \u2013 mint a 444, 24, Telex, RTL \u2013 intenz\u00edven faggatt\u00e1k Varga Juditot, ami miatt sz\u00e1mos t\u00e1mad\u00e1s \u00e9rte. Ugyanakkor Orb\u00e1n Viktor minisztereln\u00f6k, Guly\u00e1s Gergely \u00e9s m\u00e1s korm\u00e1nyzati szerepl\u0151k is t\u00f6bbsz\u00f6r ki\u00e1lltak mellette:<br \/>\nOrb\u00e1n Viktor: \u201eVeled vagyunk, Judit.\u201d<br \/>\nGuly\u00e1s Gergely: \u201eA n\/knek nemcsak a fizikai, de a pszichikai b*ntalm\/z\u00e1sa is elfogadhatatlan.\u201d<\/h3>\n<p>VIA Magyar Nemzet, Index, T\u00e9nyek<\/p>\n<p>&#8211;<\/p>\n<p>Az utast\u00e9r is folytatja ezt a kiv\u00e1l\u00f3 benyom\u00e1st. B\u00e1r nincsenek benne puha tapint\u00e1s\u00fa, dr\u00e1ga anyagok, az alkalmazott megold\u00e1sok egyediek \u00e9s st\u00edlusosak. A m\u0171szerfal ov\u00e1lis form\u00e1i a h\u00edres Lingotto tesztp\u00e1lya form\u00e1j\u00e1t id\u00e9zik, amely a torin\u00f3i Fiat gy\u00e1r tetej\u00e9n tal\u00e1lhat\u00f3. Egy j\u00e1t\u00e9kos kis meglepet\u00e9s is helyet kapott az utast\u00e9rben: egy apr\u00f3 Grande Panda makett a m\u0171szerfalon a k\u00e9perny\u0151 mellett. Az \u00f6sszhat\u00e1s ink\u00e1bb eml\u00e9keztet egy mil\u00e1n\u00f3i diz\u00e1jnki\u00e1ll\u00edt\u00e1s install\u00e1ci\u00f3j\u00e1ra, mintsem egy megfizethet\u0151 szuperminire. Nincsenek puha burkolatok, de erre nincs is sz\u00fcks\u00e9g \u2013 a kivitelez\u00e9s \u00f6tletes, a sz\u00ednes akril elemek friss\u00edt\u0151en hatnak, a sz\u00f6vetbet\u00e9tek pedig otthonoss\u00e1 teszik a bels\u0151t.<\/p>\n<p>A Renault 5 p\u00e9ld\u00e1ul bel\u00fcl pr\u00e9miumabb hat\u00e1s\u00fa, t\u00f6bb tartalommal, de a Grande Panda cs\u00facsv\u00e1ltozata is olcs\u00f3bb, mint a Renault alapmodellje, \u00edgy az \u00e1r-\u00e9rt\u00e9k ar\u00e1ny itt is er\u0151sen a Fiat jav\u00e1ra billen.<\/p>\n<p>A fed\u00e9lzeti rendszer k\u00e9t k\u00e9perny\u0151b\u0151l \u00e1ll, amit a Fiat nem akar vil\u00e1grenget\u0151 \u00faj\u00edt\u00e1sk\u00e9nt t\u00e1lalni, de az elrendez\u00e9s praktikus. A k\u00f6z\u00e9ps\u0151 10,25 colos \u00e9rint\u0151k\u00e9perny\u0151 j\u00f3l l\u00e1that\u00f3 helyen van, k\u00f6nnyen kezelhet\u0151, b\u00e1r n\u00e9mi lass\u00fas\u00e1g \u00e9s \u00e1tgondolatlan men\u00fcrendszer rontja a felhaszn\u00e1l\u00f3i \u00e9lm\u00e9nyt. Az viszont nagy el\u0151ny, hogy a l\u00e9gkondicion\u00e1l\u00f3 vez\u00e9rl\u00e9se k\u00fcl\u00f6n panelen van, \u00edgy a f\u0151 kijelz\u0151n szinte folyamatosan haszn\u00e1lhat\u00f3 a telefon t\u00fckr\u00f6z\u00e9se. A vezet\u0151i kijelz\u0151 nem t\u00fal sokf\u00e9lek\u00e9ppen konfigur\u00e1lhat\u00f3, de minden sz\u00fcks\u00e9ges inform\u00e1ci\u00f3t megjelen\u00edt. B\u00e1r a Grande Panda k\u00fcls\u0151re ink\u00e1bb egy kis SUV-ra hasonl\u00edt, a h\u00e1ts\u00f3 utast\u00e9r meglehet\u0151sen sz\u0171k\u00f6s. A magas padl\u00f3 \u00e9s a k\u00f6z\u00e9ps\u0151 \u00fcl\u00e9s alatti kiemelked\u00e9s miatt a magasabb utasok nehezebben f\u00e9rnek el h\u00e1tul, b\u00e1r a fejt\u00e9r rendben van. A MINI-hez vagy a Renault 5-h\u00f6z k\u00e9pest elegend\u0151 a hely, de ha a Citro\u00ebn e-C3-hoz vagy a Vauxhall Fronter\u00e1hoz hasonl\u00edtjuk, \u00e9rezhet\u0151en sz\u0171kebb. El\u00f6l viszont b\u0151s\u00e9ges a hely, a t\u00e1rol\u00f3rekeszek j\u00f3l elhelyezettek \u2013 a m\u0171szerfalban, az \u00fcl\u00e9sek k\u00f6z\u00f6tt \u00e9s az ajt\u00f3zsebekben is.<\/p>\n<p>A csomagtart\u00f3 meglep\u0151en t\u00e1gas, 412 literes \u2013 az elektromos v\u00e1ltozatban ez 361 liter \u2013, b\u00e1r hi\u00e1nyoznak a r\u00f6gz\u00edt\u0151f\u00fclek \u00e9s az \u00e1ll\u00edthat\u00f3 padl\u00f3, de az \u00fcl\u00e9sek d\u00f6nthet\u0151k, \u00e9s a padl\u00f3 alatt is van n\u00e9mi extra hely. Az egyik legpraktikusabb r\u00e9szlet a 4,5 m\u00e9ter hossz\u00fa, spir\u00e1los t\u00f6lt\u0151k\u00e1bel, ami az aut\u00f3 elej\u00e9b\u0151l h\u00fazhat\u00f3 ki, \u00edgy nem kell a piszkos k\u00e1belt a csomagtart\u00f3ban t\u00e1rolni. A 7 kW-os kapacit\u00e1s ide\u00e1lis otthoni vagy hosszabb ideig tart\u00f3 t\u00f6lt\u00e9shez<\/p>\n","protected":false},"excerpt":{"rendered":"<p>Varga Judit volt igazs\u00e1g\u00fcgyi miniszter a F\u0151v\u00e1rosi T\u00f6rv\u00e9nysz\u00e9k \u00e9p\u00fclete el\u0151tt adott megrend\u00edt\u0151 nyilatkozatot \u2013 k\u00f6nnyek k\u00f6z\u00f6tt besz\u00e9lt a kor\u00e1bbi h\u00e1zass\u00e1g\u00e1nak tragikus r\u00e9szleteir\u0151l \u00e9s a hossz\u00fa h\u00f3napokon \u00e1t tart\u00f3 \u00e9rzelmi zs*rol\u00e1sr\u00f3l. MUTATJUK A&#8230;<\/p>\n","protected":false},"author":1,"featured_media":6435,"comment_status":"open","ping_status":"open","sticky":false,"template":"","format":"standard","meta":{"footnotes":""},"categories":[2],"tags":[],"class_list":["post-6434","post","type-post","status-publish","format-standard","has-post-thumbnail","hentry","category-altalanos"],"aioseo_notices":[],"_links":{"self":[{"href":"https:\/\/online-filmkatarzis.com\/kucko\/wp-json\/wp\/v2\/posts\/6434","targetHints":{"allow":["GET"]}}],"collection":[{"href":"https:\/\/online-filmkatarzis.com\/kucko\/wp-json\/wp\/v2\/posts"}],"about":[{"href":"https:\/\/online-filmkatarzis.com\/kucko\/wp-json\/wp\/v2\/types\/post"}],"author":[{"embeddable":true,"href":"https:\/\/online-filmkatarzis.com\/kucko\/wp-json\/wp\/v2\/users\/1"}],"replies":[{"embeddable":true,"href":"https:\/\/online-filmkatarzis.com\/kucko\/wp-json\/wp\/v2\/comments?post=6434"}],"version-history":[{"count":3,"href":"https:\/\/online-filmkatarzis.com\/kucko\/wp-json\/wp\/v2\/posts\/6434\/revisions"}],"predecessor-version":[{"id":6453,"href":"https:\/\/online-filmkatarzis.com\/kucko\/wp-json\/wp\/v2\/posts\/6434\/revisions\/6453"}],"wp:featuredmedia":[{"embeddable":true,"href":"https:\/\/online-filmkatarzis.com\/kucko\/wp-json\/wp\/v2\/media\/6435"}],"wp:attachment":[{"href":"https:\/\/online-filmkatarzis.com\/kucko\/wp-json\/wp\/v2\/media?parent=6434"}],"wp:term":[{"taxonomy":"category","embeddable":true,"href":"https:\/\/online-filmkatarzis.com\/kucko\/wp-json\/wp\/v2\/categories?post=6434"},{"taxonomy":"post_tag","embeddable":true,"href":"https:\/\/online-filmkatarzis.com\/kucko\/wp-json\/wp\/v2\/tags?post=6434"}],"curies":[{"name":"wp","href":"https:\/\/api.w.org\/{rel}","templated":true}]}}