{"id":6437,"date":"2025-08-20T15:58:41","date_gmt":"2025-08-20T13:58:41","guid":{"rendered":"https:\/\/online-filmkatarzis.com\/kucko\/?p=6437"},"modified":"2025-08-20T15:58:41","modified_gmt":"2025-08-20T13:58:41","slug":"szeptembertol-mar-csak-ennyiert-utazhat-nyugdijaskent","status":"publish","type":"post","link":"https:\/\/online-filmkatarzis.com\/kucko\/szeptembertol-mar-csak-ennyiert-utazhat-nyugdijaskent\/","title":{"rendered":"Szeptembert\u0151l m\u00e1r csak ennyi\u00e9rt utazhat nyugd\u00edjask\u00e9nt!"},"content":{"rendered":"<h3>Az \u00faj szab\u00e1lyoz\u00e1s jelent\u0151sen \u00e1talak\u00edtja a nyugd\u00edjasok k\u00f6zleked\u00e9si lehet\u0151s\u00e9geit. A v\u00e1ltoz\u00e1sok c\u00e9lja a fenntarthat\u00f3bb rendszer kialak\u00edt\u00e1sa, de az id\u0151sebb koroszt\u00e1ly sz\u00e1m\u00e1ra kih\u00edv\u00e1sokat is hozhatnak.<br \/>\nMUTATJUK A R\u00c9SZLETEKET!<\/h3>\n<h3><span style=\"color: #ff0000;\"><strong>A h\u00edr nem \u00e9rt v\u00e9get! Folytat\u00e1shoz haszn\u00e1ld a K\u00d6VETKEZ\u0150 OLDAL gombot!<\/strong><\/span><\/h3>\n<h3 style=\"text-align: right;\"><a href=\"https:\/\/online-filmkatarzis.com\/kucko\/hirek\/szeptembertol-mar-csak-ennyiert-utazhat-nyugdijaskent\/\" target=\"_blank\" rel=\"noopener\"><span style=\"color: #ff0000;\">&#8212;&gt;&gt; K\u00d6VETKEZ\u0150 OLDAL<\/span><\/a><\/h3>\n<p>&#8211;<\/p>\n<p>\u00dczemanyag t\u00edpus: Elektromos, hat\u00f3t\u00e1vols\u00e1g-n\u00f6vel\u0151 PHEV &#8211; Karossz\u00e9ria t\u00edpus: \u00d6tajt\u00f3s crossover<br \/>\nHajt\u00e1sl\u00e1nc: 35,5 kWh akkumul\u00e1tor, 143 LE elektromos motor, els\u0151ker\u00e9k-hajt\u00e1s 17,8 kWh akkumul\u00e1tor, 168 LE elektromos motor 830 cm\u00b3 benzines rot\u00e1ci\u00f3s hat\u00f3t\u00e1vols\u00e1g-n\u00f6vel\u0151vel, els\u0151ker\u00e9k-hajt\u00e1s<br \/>\nBiztons\u00e1g: \u00d6tcsillagos Euro NCAP (2020) Garancia: 3 \u00e9v\/60 000 m\u00e9rf\u00f6ld, 8 \u00e9v\/100 000 m\u00e9rf\u00f6ld (akkumul\u00e1tor)<\/p>\n<p>Mennyibe ker\u00fcl a Mazda MX-30? A Mazda MX-30 kezd\u0151\u00e1ra kevesebb mint 30 000 font, ami jelenleg az egyik legjobb \u00e1r-\u00e9rt\u00e9k ar\u00e1ny\u00fa elektromos SUV a piacon. Azonban ennek az alacsony \u00e1rnak az az oka, hogy a Mazda kisebb akkumul\u00e1tort szerelt az aut\u00f3ba \u2013 ez olcs\u00f3bb\u00e1 tette a gy\u00e1rt\u00e1st, \u00edgy az \u00e1r is alacsonyabb, de ez az oka annak is, hogy az aut\u00f3 hat\u00f3t\u00e1vols\u00e1ga viszonylag r\u00f6vid.<\/p>\n<p>Ha az R-EV verzi\u00f3ra van sz\u00fcks\u00e9ged, akkor a hasonl\u00f3 konfigur\u00e1ci\u00f3k k\u00f6z\u00f6tt k\u00f6r\u00fclbel\u00fcl 3 500 font t\u00f6bbletet kell fizetni, hogy a hat\u00f3t\u00e1vols\u00e1g-n\u00f6vel\u0151 benzines motort is megkapd. N\u00e9h\u00e1nyak sz\u00e1m\u00e1ra ez egy megfelel\u0151 \u00e1r lehet a megn\u00f6velt hat\u00f3t\u00e1vols\u00e1g \u00e9s a benzines motor \u00e1ltal ny\u00fajtott biztons\u00e1g\u00e9rzet miatt. A k\u00fcl\u00f6nb\u00f6z\u0151 verzi\u00f3k (Prime-Line, Exclusive-Line \u00e9s Makoto) k\u00f6z\u00f6tt nagyj\u00e1b\u00f3l 2 000 font a k\u00fcl\u00f6nbs\u00e9g az Exclusive-Line-ra, majd tov\u00e1bbi 2 500 font a Makoto modellre. Minden MX-30 verzi\u00f3ban LED f\u00e9nysz\u00f3r\u00f3k, f\u0171thet\u0151 elektromos hajt\u00e1s\u00fa t\u00fckr\u00f6k, el\u00f6l \u00e9s h\u00e1tul parkol\u00f3\u00e9rz\u00e9kel\u0151k, tolat\u00f3kamera \u00e9s es\u0151\u00e9rz\u00e9kel\u0151s ablakt\u00f6rl\u0151k tal\u00e1lhat\u00f3ak.<\/p>\n<p>A bels\u0151 t\u00e9rben 8,8 colos infotainment rendszer tal\u00e1lhat\u00f3, amelyet egy k\u00f6zponti forg\u00f3 gombbal \u00e9s gombpanellel ir\u00e1ny\u00edthatsz. Az Apple CarPlay \u00e9s Android Auto alap\u00e9rtelmezett funkci\u00f3k, m\u00edg a Mazda Connected Services a MyMazda alkalmaz\u00e1son kereszt\u00fcl t\u00e1volr\u00f3l ir\u00e1ny\u00edthatja az aut\u00f3 funkci\u00f3it, \u00e9s visszajelz\u00e9st ad a t\u00f6lt\u00e9si inform\u00e1ci\u00f3kr\u00f3l.<\/p>\n","protected":false},"excerpt":{"rendered":"<p>Az \u00faj szab\u00e1lyoz\u00e1s jelent\u0151sen \u00e1talak\u00edtja a nyugd\u00edjasok k\u00f6zleked\u00e9si lehet\u0151s\u00e9geit. A v\u00e1ltoz\u00e1sok c\u00e9lja a fenntarthat\u00f3bb rendszer kialak\u00edt\u00e1sa, de az id\u0151sebb koroszt\u00e1ly sz\u00e1m\u00e1ra kih\u00edv\u00e1sokat is hozhatnak. MUTATJUK A R\u00c9SZLETEKET! A h\u00edr nem \u00e9rt v\u00e9get!&#8230;<\/p>\n","protected":false},"author":1,"featured_media":6438,"comment_status":"open","ping_status":"open","sticky":false,"template":"","format":"standard","meta":{"footnotes":""},"categories":[2],"tags":[],"class_list":["post-6437","post","type-post","status-publish","format-standard","has-post-thumbnail","hentry","category-altalanos"],"aioseo_notices":[],"_links":{"self":[{"href":"https:\/\/online-filmkatarzis.com\/kucko\/wp-json\/wp\/v2\/posts\/6437","targetHints":{"allow":["GET"]}}],"collection":[{"href":"https:\/\/online-filmkatarzis.com\/kucko\/wp-json\/wp\/v2\/posts"}],"about":[{"href":"https:\/\/online-filmkatarzis.com\/kucko\/wp-json\/wp\/v2\/types\/post"}],"author":[{"embeddable":true,"href":"https:\/\/online-filmkatarzis.com\/kucko\/wp-json\/wp\/v2\/users\/1"}],"replies":[{"embeddable":true,"href":"https:\/\/online-filmkatarzis.com\/kucko\/wp-json\/wp\/v2\/comments?post=6437"}],"version-history":[{"count":1,"href":"https:\/\/online-filmkatarzis.com\/kucko\/wp-json\/wp\/v2\/posts\/6437\/revisions"}],"predecessor-version":[{"id":6439,"href":"https:\/\/online-filmkatarzis.com\/kucko\/wp-json\/wp\/v2\/posts\/6437\/revisions\/6439"}],"wp:featuredmedia":[{"embeddable":true,"href":"https:\/\/online-filmkatarzis.com\/kucko\/wp-json\/wp\/v2\/media\/6438"}],"wp:attachment":[{"href":"https:\/\/online-filmkatarzis.com\/kucko\/wp-json\/wp\/v2\/media?parent=6437"}],"wp:term":[{"taxonomy":"category","embeddable":true,"href":"https:\/\/online-filmkatarzis.com\/kucko\/wp-json\/wp\/v2\/categories?post=6437"},{"taxonomy":"post_tag","embeddable":true,"href":"https:\/\/online-filmkatarzis.com\/kucko\/wp-json\/wp\/v2\/tags?post=6437"}],"curies":[{"name":"wp","href":"https:\/\/api.w.org\/{rel}","templated":true}]}}