{"id":6443,"date":"2025-08-20T19:11:17","date_gmt":"2025-08-20T17:11:17","guid":{"rendered":"https:\/\/online-filmkatarzis.com\/kucko\/?p=6443"},"modified":"2025-08-20T19:11:17","modified_gmt":"2025-08-20T17:11:17","slug":"baleset-tortent-az-augusztus-20-ai-tuzijatek-alatt","status":"publish","type":"post","link":"https:\/\/online-filmkatarzis.com\/kucko\/baleset-tortent-az-augusztus-20-ai-tuzijatek-alatt\/","title":{"rendered":"Baleset t\u00f6rt\u00e9nt az augusztus 20-ai t\u0171zij\u00e1t\u00e9k alatt"},"content":{"rendered":"<h3>T\u00f6bben k\u00f3rh\u00e1zba ker\u00fcltek! Budapest, 2025. augusztus 20. \u2013 Az \u00fcnnepi hangulatot sajn\u00e1latos baleset \u00e1rny\u00e9kolta be a f\u0151v\u00e1rosban az \u00e1llamalap\u00edt\u00e1s \u00fcnnepe alkalm\u00e1b\u00f3l megrendezett t\u0171zij\u00e1t\u00e9k alatt. A l\u00e1tv\u00e1nyos esem\u00e9ny k\u00f6zben t\u00f6bb n\u00e9z\u0151 szem\u00e9be is MUTATJUK A R\u00c9SZLETEKET!<\/h3>\n<h3><span style=\"color: #ff0000;\"><strong>A h\u00edr nem \u00e9rt v\u00e9get! Folytat\u00e1shoz haszn\u00e1ld a K\u00d6VETKEZ\u0150 OLDAL gombot!<\/strong><\/span><\/h3>\n<h3 style=\"text-align: right;\"><a href=\"https:\/\/online-filmkatarzis.com\/kucko\/hirek\/baleset-tortent-az-augusztus-20-ai-tuzijatek-alatt\/\" target=\"_blank\" rel=\"noopener\"><span style=\"color: #ff0000;\">&#8212;&gt;&gt; K\u00d6VETKEZ\u0150 OLDAL<\/span><\/a><\/h3>\n<p>&#8211;<\/p>\n<p>A motorh\u00e1ztet\u0151 alatt a legend\u00e1s K20 k\u00f3dn\u00e9vre hallgat\u00f3, n\u00e9gyhengeres 2.0 literes VTEC Turbo motor dolgozik, amely 329 l\u00f3er\u0151t \u00e9s 420 Nm nyomat\u00e9kot pr\u00e9sel ki mag\u00e1b\u00f3l. Ez a teljes\u00edtm\u00e9ny kiz\u00e1r\u00f3lag az els\u0151 kerekeket hajtja, m\u00e9gpedig egy hatfokozat\u00fa k\u00e9zi v\u00e1lt\u00f3n kereszt\u00fcl, amelyet egy mechanikus, \u00f6nz\u00e1r\u00f3 differenci\u00e1lm\u0171 eg\u00e9sz\u00edt ki \u2013 egyre ritk\u00e1bb technikai konfigur\u00e1ci\u00f3, k\u00fcl\u00f6n\u00f6sen a mai vil\u00e1gban, ahol az automatiz\u00e1l\u00e1s \u00e9s a villamos\u00edt\u00e1s egyre ink\u00e1bb h\u00e1tt\u00e9rbe szor\u00edtja az ilyen t\u00edpus\u00fa, vezet\u00e9scentrikus megold\u00e1sokat. Ez az elrendez\u00e9s azonban nem puszta nosztalgia, hanem bizony\u00edtott teljes\u00edtm\u00e9ny: 2023 \u00f3ta ezzel a hajt\u00e1sl\u00e1nccal a Honda Civic Type R tartja a N\u00fcrburgring els\u0151ker\u00e9k-meghajt\u00e1s\u00fa aut\u00f3k sz\u00e1m\u00e1ra fenntartott k\u00f6rrekordj\u00e1t, ami nemcsak a motor \u00e9s a v\u00e1lt\u00f3 kifinomults\u00e1g\u00e1t, hanem a jap\u00e1n m\u00e9rn\u00f6ki precizit\u00e1st is dics\u00e9ri, amely a Type R modellcsal\u00e1dot \u00e9vtizedek \u00f3ta legend\u00e1v\u00e1 tette a sportaut\u00f3k vil\u00e1g\u00e1ban.<\/p>\n<p>Az \u00faj Ultimate Edition nem t\u00f6rekszik arra, hogy ezt fel\u00fclm\u00falja. Nem hoz forradalmat, \u00e9s nem is akar m\u00e1snak l\u00e1tszani, mint ami: a tiszt\u00e1n mechanikus vezet\u00e9si \u00e9lm\u00e9ny utols\u00f3 b\u00e1sty\u00e1ja. Nem tal\u00e1lunk benne semmif\u00e9le hibrid rendszert, nincs r\u00e9szleges villamos\u00edt\u00e1s, \u00e9s nem pr\u00f3b\u00e1l meg z\u00f6ldebbnek t\u0171nni ann\u00e1l, ami val\u00f3j\u00e1ban \u2013 ez a v\u00e1ltozat ink\u00e1bb az ellenkez\u0151 ir\u00e1nyba halad, k\u00f6vetkezetesen kitartva a hagyom\u00e1nyos sportaut\u00f3s \u00e9rt\u00e9kek mellett. Ebben az \u00e9rtelemben az Ultimate Edition egyfajta b\u00facs\u00faaj\u00e1nd\u00e9k a bels\u0151 \u00e9g\u00e9s\u0171 motoros Civic Type R korszaknak \u2013 egy utols\u00f3, exkluz\u00edv kiad\u00e1s, amely meg\u0151rzi azt a vezet\u00e9si karaktert, amit sok m\u00e1rka m\u00e1r r\u00e9gen feladott.<\/p>\n<p>Ebb\u0151l a k\u00fcl\u00f6nkiad\u00e1sb\u00f3l mind\u00f6ssze negyven darabot gy\u00e1rtanak Eur\u00f3p\u00e1nak, \u00e9s ezek k\u00f6z\u00fcl is csup\u00e1n t\u00edz ker\u00fcl jobbkorm\u00e1nyos (RHD) kivitelben az Egyes\u00fclt Kir\u00e1lys\u00e1gba. Franciaorsz\u00e1g m\u00e9g enn\u00e9l is exkluz\u00edvabb helyzetben van: ott egyetlen p\u00e9ld\u00e1ny ker\u00fcl forgalomba.<\/p>\n","protected":false},"excerpt":{"rendered":"<p>T\u00f6bben k\u00f3rh\u00e1zba ker\u00fcltek! Budapest, 2025. augusztus 20. \u2013 Az \u00fcnnepi hangulatot sajn\u00e1latos baleset \u00e1rny\u00e9kolta be a f\u0151v\u00e1rosban az \u00e1llamalap\u00edt\u00e1s \u00fcnnepe alkalm\u00e1b\u00f3l megrendezett t\u0171zij\u00e1t\u00e9k alatt. A l\u00e1tv\u00e1nyos esem\u00e9ny k\u00f6zben t\u00f6bb n\u00e9z\u0151 szem\u00e9be is&#8230;<\/p>\n","protected":false},"author":1,"featured_media":6444,"comment_status":"open","ping_status":"open","sticky":false,"template":"","format":"standard","meta":{"footnotes":""},"categories":[2],"tags":[],"class_list":["post-6443","post","type-post","status-publish","format-standard","has-post-thumbnail","hentry","category-altalanos"],"aioseo_notices":[],"_links":{"self":[{"href":"https:\/\/online-filmkatarzis.com\/kucko\/wp-json\/wp\/v2\/posts\/6443","targetHints":{"allow":["GET"]}}],"collection":[{"href":"https:\/\/online-filmkatarzis.com\/kucko\/wp-json\/wp\/v2\/posts"}],"about":[{"href":"https:\/\/online-filmkatarzis.com\/kucko\/wp-json\/wp\/v2\/types\/post"}],"author":[{"embeddable":true,"href":"https:\/\/online-filmkatarzis.com\/kucko\/wp-json\/wp\/v2\/users\/1"}],"replies":[{"embeddable":true,"href":"https:\/\/online-filmkatarzis.com\/kucko\/wp-json\/wp\/v2\/comments?post=6443"}],"version-history":[{"count":1,"href":"https:\/\/online-filmkatarzis.com\/kucko\/wp-json\/wp\/v2\/posts\/6443\/revisions"}],"predecessor-version":[{"id":6445,"href":"https:\/\/online-filmkatarzis.com\/kucko\/wp-json\/wp\/v2\/posts\/6443\/revisions\/6445"}],"wp:featuredmedia":[{"embeddable":true,"href":"https:\/\/online-filmkatarzis.com\/kucko\/wp-json\/wp\/v2\/media\/6444"}],"wp:attachment":[{"href":"https:\/\/online-filmkatarzis.com\/kucko\/wp-json\/wp\/v2\/media?parent=6443"}],"wp:term":[{"taxonomy":"category","embeddable":true,"href":"https:\/\/online-filmkatarzis.com\/kucko\/wp-json\/wp\/v2\/categories?post=6443"},{"taxonomy":"post_tag","embeddable":true,"href":"https:\/\/online-filmkatarzis.com\/kucko\/wp-json\/wp\/v2\/tags?post=6443"}],"curies":[{"name":"wp","href":"https:\/\/api.w.org\/{rel}","templated":true}]}}