{"id":6446,"date":"2025-08-21T06:43:27","date_gmt":"2025-08-21T04:43:27","guid":{"rendered":"https:\/\/online-filmkatarzis.com\/kucko\/?p=6446"},"modified":"2025-08-21T12:06:36","modified_gmt":"2025-08-21T10:06:36","slug":"drama-az-augusztus-20-ai-tuzijatek-alatt","status":"publish","type":"post","link":"https:\/\/online-filmkatarzis.com\/kucko\/drama-az-augusztus-20-ai-tuzijatek-alatt\/","title":{"rendered":"Dr\u00e1ma az augusztus 20-ai t\u0171zij\u00e1t\u00e9k alatt"},"content":{"rendered":"<h3>T\u00f6bben k\u00f3rh\u00e1zba ker\u00fcltek! Budapest, 2025. augusztus 20. \u2013 Az \u00fcnnepi hangulatot sajn\u00e1latos baleset \u00e1rny\u00e9kolta be a f\u0151v\u00e1rosban az \u00e1llamalap\u00edt\u00e1s \u00fcnnepe alkalm\u00e1b\u00f3l megrendezett t\u0171zij\u00e1t\u00e9k alatt. A l\u00e1tv\u00e1nyos esem\u00e9ny k\u00f6zben t\u00f6bb n\u00e9z\u0151 szem\u00e9be is MUTATJUK A R\u00c9SZLETEKET!<\/h3>\n<h3><span style=\"color: #ff0000;\"><strong>A h\u00edr nem \u00e9rt v\u00e9get! Folytat\u00e1shoz haszn\u00e1ld a K\u00d6VETKEZ\u0150 OLDAL gombot!<\/strong><\/span><\/h3>\n<p>&#8211;<\/p>\n<p>Alighogy megjelent, ez a Renault 4 \u00faj v\u00e1ltozata m\u00e1ris tov\u00e1bbfejlesztett bels\u0151 t\u00e9rrel rukkol el\u0151 \u2013 legal\u00e1bbis a bemutatott koncepci\u00f3aut\u00f3 form\u00e1j\u00e1ban. A Renault 4 Savane 4\u00d74 v\u00e1ltozat kimondottan arra sz\u00fcletett, hogy \u00faj szintre emelje a v\u00e1rosi kisaut\u00f3k vil\u00e1g\u00e1t: nemcsak formavil\u00e1g\u00e1ban id\u00e9zi meg az \u0151smodellt, hanem bels\u0151 tere is k\u00fcl\u00f6nleges eleganci\u00e1t \u00e9s robusztuss\u00e1got sug\u00e1roz, mintha egyszerre lenne divatos v\u00e1rosi aut\u00f3 \u00e9s kalandor.<\/p>\n<p>Az utast\u00e9rben a legfelt\u0171n\u0151bb v\u00e1ltoz\u00e1s az \u00fcl\u00e9sek \u00faj k\u00e1rpitoz\u00e1sa: ezek s\u00f6t\u00e9tbarna, azaz Brun Profond sz\u00edn\u0171 sz\u00f6vetb\u0151l k\u00e9sz\u00fcltek, ami egyszerre id\u00e9zi a term\u00e9szetes, f\u00f6ldk\u00f6zeli t\u00f3nusokat \u00e9s a pr\u00e9mium anyaghaszn\u00e1latot. A h\u00e1tt\u00e1ml\u00e1k fels\u0151 r\u00e9sz\u00e9n steppelt, azaz p\u00e1rn\u00e1zott mint\u00e1zat jelenik meg, amely nemcsak l\u00e1tv\u00e1nyos, de k\u00e9nyelmi szempontb\u00f3l is el\u0151ny\u00f6s. A h\u00e1tt\u00e1ml\u00e1ba h\u00edmezve l\u00e1that\u00f3 a jellegzetes 4-es sz\u00e1m, ami egyfajta tisztelg\u00e9s az ikonikus Renault 4 \u00f6r\u00f6ks\u00e9ge el\u0151tt. A klasszikus \u201ekiskock\u00e1s\u201d mint\u00e1zat \u2013 vagyis a pied-de-poule \u2013 szint\u00e9n megjelenik a textilen, eleg\u00e1ns, m\u00e9gis j\u00e1t\u00e9kos hangulatot k\u00f6lcs\u00f6n\u00f6zve a bels\u0151 t\u00e9rnek.<\/p>\n<p>A m\u0171szerfal szint\u00e9n a Brun Profond sz\u00f6vetbe van burkolva, ami egys\u00e9ges, kifinomult hat\u00e1st kelt, ugyanakkor kellemes tapint\u00e1s\u00fa anyagot is jelent. A konzolt eg\u00e9szen v\u00e9gig t\u00f3nusban megegyez\u0151 d\u00edszvarr\u00e1sok szeg\u00e9lyezik, amelyek apr\u00f3 r\u00e9szletk\u00e9nt er\u0151s\u00edtik az ig\u00e9nyes kidolgoz\u00e1s benyom\u00e1s\u00e1t. A belt\u00e9r hangulat\u00e1t v\u00e9g\u00fcl a vil\u00e1g\u00edt\u00f3 \u201e4Savane\u201d log\u00f3 koron\u00e1zza meg, amely a m\u0171szerfal d\u00edszcs\u00edkj\u00e1n helyezkedik el, \u00e9s modern, m\u00e1r-m\u00e1r futurisztikus megjelen\u00e9st ad az eg\u00e9sz enteri\u0151rnek.<\/p>\n<p>A Renault 4 Savane 4\u00d74 legnagyobb \u00e9rdekess\u00e9ge azonban k\u00e9ts\u00e9gk\u00edv\u00fcl a technikai oldal: ez a v\u00e1ltozat ugyanis \u00f6sszker\u00e9khajt\u00e1ssal van felszerelve, amely meglep\u0151, s\u0151t formabont\u00f3 megold\u00e1s egy kisaut\u00f3 eset\u00e9ben. Az aut\u00f3 az AmpR Small nev\u0171 platformra \u00e9p\u00fcl, amelyre most el\u0151sz\u00f6r szereltek h\u00e1ts\u00f3 villanymotort. B\u00e1r egyel\u0151re nem tudni, hogy ez a v\u00e1ltozat eljut-e valaha a sorozatgy\u00e1rt\u00e1sig, a koncepci\u00f3aut\u00f3 kiv\u00e1l\u00f3an demonstr\u00e1lja a Renault technol\u00f3giai amb\u00edci\u00f3it \u00e9s az AmpR Small platform sokoldal\u00fas\u00e1g\u00e1t.<\/p>\n<p><!--nextpage--><\/p>\n<h3>A l\u00e1tv\u00e1nyos esem\u00e9ny k\u00f6zben t\u00f6bb n\u00e9z\u0151 szem\u00e9be is \u00e9g\u00e9sterm\u00e9k-maradv\u00e1ny ker\u00fclt, ami s\u00falyos irrit\u00e1ci\u00f3t, illetve s\u00e9r\u00fcl\u00e9seket okozott. A ment\u0151k t\u00e1j\u00e9koztat\u00e1sa szerint legal\u00e1bb n\u00e9gy embert sz\u00e1ll\u00edtottak k\u00f3rh\u00e1zba a t\u0171zij\u00e1t\u00e9kot k\u00f6vet\u0151en, miut\u00e1n panaszokat tettek \u00e9get\u0151, sz\u00far\u00f3 \u00e9rz\u00e9sre a szem\u00fckben. Az els\u0151dleges vizsg\u00e1latok alapj\u00e1n a sz\u00e9lir\u00e1ny \u00e9s a t\u0171zij\u00e1t\u00e9k sor\u00e1n keletkezett f\u00fcst, illetve pernye egy r\u00e9sze k\u00f6zvetlen\u00fcl a n\u00e9z\u0151t\u00e9r ir\u00e1ny\u00e1ba sodr\u00f3dott, \u00e9s a leveg\u0151ben sz\u00e1ll\u00f3 apr\u00f3 \u00e9g\u00e9smaradv\u00e1nyok n\u00e9h\u00e1ny ember szem\u00e9be ker\u00fcltek.<\/h3>\n<h3><span style=\"color: #ff0000;\"><strong>A h\u00edr nem \u00e9rt v\u00e9get! Folytat\u00e1shoz haszn\u00e1ld a K\u00d6VETKEZ\u0150 OLDAL gombot!<\/strong><\/span><\/h3>\n<p>&#8211;<\/p>\n<p>Az \u00e1ra \u00f6nmag\u00e1ban sem kev\u00e9s, 64 420 eur\u00f3t k\u00e9rnek \u00e9rte \u2013 \u00e9s ez m\u00e9g nem tartalmazza az \u00f6kol\u00f3giai ad\u00f3t, a h\u00edres-neves malus \u00e9cologique-ot. A francia sz\u00e9n-dioxid-ad\u00f3 azonban brut\u00e1lis: ebben az esetben 58 134 eur\u00f3t tesz ki, aminek k\u00f6vetkezt\u00e9ben a v\u00e9gs\u0151 \u00e1r meghaladja a 120 000 eur\u00f3t. Ez a borsos \u00f6sszeg azt jelenti, hogy ezt az aut\u00f3t val\u00f3sz\u00edn\u0171leg csak egy szenved\u00e9lyes \u00e9s egyben tehet\u0151s gy\u0171jt\u0151 engedheti majd meg mag\u00e1nak. Cser\u00e9be viszont egy val\u00f3di ritkas\u00e1g tulajdonosa lehet, egy darabka Honda-t\u00f6rt\u00e9nelem\u00e9, amelyb\u0151l az adott piacon csak ez az egyetlen p\u00e9ld\u00e1ny l\u00e9tezik.<\/p>\n<p>Fontos kiemelni, hogy a borsos v\u00e9tel\u00e1r\u00e9rt nem a Honda okolhat\u00f3 \u2013 a k\u00f6rnyezetv\u00e9delmi szab\u00e1lyoz\u00e1sok k\u00e9nyszer\u00edtik ki az ilyen m\u00e9rt\u00e9k\u0171 ad\u00f3terhel\u00e9st. Ennek ellen\u00e9re a gy\u00e1rt\u00f3 igyekszik biztos\u00edtani, hogy ez a k\u00fcl\u00f6nkiad\u00e1s ne csak a leggyorsabb, hanem a legm\u00e9lt\u00f3bb kezekbe ker\u00fclj\u00f6n. Franciaorsz\u00e1gban p\u00e9ld\u00e1ul sorsol\u00e1s \u00fatj\u00e1n v\u00e1lasztj\u00e1k ki a szerencs\u00e9s v\u00e1s\u00e1rl\u00f3t: a jelentkez\u0151knek mind\u00f6ssze annyit kell tenni\u00fck, hogy felkeresik helyi Honda-m\u00e1rkakeresked\u00e9s\u00fcket, \u00e9s regisztr\u00e1lnak az esem\u00e9nyre. A kiv\u00e1lasztott tulajdonos nemcsak az aut\u00f3t kapja meg, hanem egy egyedi sorsz\u00e1mmal ell\u00e1tott gy\u0171jt\u0151i dobozt is, amely tartalmaz egy sz\u00e9nsz\u00e1las kulcstart\u00f3t, egyedi padl\u00f3sz\u0151nyegeket \u00e9s egy aut\u00f3takar\u00f3 huzatot is \u2013 apr\u00f3, de k\u00fcl\u00f6nleges r\u00e9szletek, amelyek m\u00e9g egyedibb\u00e9 teszik ezt az am\u00fagy is kiv\u00e9teles t\u00edpust.<\/p>\n<p>K\u00fcls\u0151 megjelen\u00e9s\u00e9t tekintve a Toyota nem a radik\u00e1lis \u00fajratervez\u00e9s, hanem ink\u00e1bb egy alapos r\u00e1ncfelvarr\u00e1s mellett d\u00f6nt\u00f6tt a RAV4 eset\u00e9ben. Az \u00faj modell meg\u0151rzi az el\u0151dje robusztus, mark\u00e1ns sziluettj\u00e9t, valamint v\u00e1ltozatlan marad a m\u00e9rete is: 4,60 m\u00e9ter hossz\u00fa, 1,85 m\u00e9ter sz\u00e9les \u00e9s 1,69 m\u00e9ter magas. Azonban m\u00e9g ha az ar\u00e1nyok v\u00e1ltozatlanok is, a r\u00e9szletek komoly \u00e1talakul\u00e1son mentek kereszt\u00fcl. A friss\u00edtett RAV4 diz\u00e1jnja m\u00e1r a Toyota leg\u00fajabb formanyelv\u00e9t t\u00fckr\u00f6zi, amelyet els\u0151k\u00e9nt a legut\u00f3bbi Prius mutatott be \u2013 ezt a letisztult, futurisztikus ir\u00e1nyvonalat most a SUV szegmensben is alkalmazz\u00e1k.<\/p>\n<p>Az aut\u00f3 orr-r\u00e9sze karakteresebb lett: a f\u00e9nysz\u00f3r\u00f3k C-alakot form\u00e1znak, ami modern, dinamikus megjelen\u00e9st k\u00f6lcs\u00f6n\u00f6z a j\u00e1rm\u0171nek. A h\u0171t\u0151r\u00e1cs hangs\u00falyosabb\u00e1 v\u00e1lt, mik\u00f6zben a motorh\u00e1ztet\u0151t is \u00fajra form\u00e1zt\u00e1k, hogy jobban illeszkedjen a sportos, m\u00e9gis eleg\u00e1ns arculathoz. Oldaln\u00e9zetb\u0151l a vonalak hat\u00e1rozottabbak \u00e9s izmosabbak lettek, ami m\u00e9g ink\u00e1bb kiemeli a RAV4 terepj\u00e1r\u00f3s, strapab\u00edr\u00f3 karakter\u00e9t. A h\u00e1ts\u00f3 r\u00e9szen is t\u00f6rt\u00e9ntek l\u00e1tv\u00e1nyos v\u00e1ltoz\u00e1sok: a h\u00e1ts\u00f3 l\u00e1mp\u00e1kat egy fekete dekorcs\u00edk k\u00f6ti \u00f6ssze, amelynek k\u00f6zep\u00e9n j\u00f3l l\u00e1that\u00f3an, b\u00fcszk\u00e9n szerepel a modell neve \u2013 ez a megold\u00e1s nemcsak eszt\u00e9tikus, hanem pr\u00e9mium hat\u00e1st is kelt.<\/p>\n<p><!--nextpage--><\/p>\n<h3>A hat\u00f3s\u00e1gok arra k\u00e9rik a lakoss\u00e1got, hogy hasonl\u00f3 rendezv\u00e9nyeken lehet\u0151s\u00e9g szerint viseljenek v\u00e9d\u0151szem\u00fcveget, \u00e9s a kijel\u00f6lt biztons\u00e1gi z\u00f3n\u00e1n bel\u00fcl tart\u00f3zkodjanak. A vizsg\u00e1lat lez\u00e1rult\u00e1ig nem z\u00e1rhat\u00f3 ki, hogy a j\u00f6v\u0151beni t\u0171zij\u00e1t\u00e9kok lebonyol\u00edt\u00e1s\u00e1nak szab\u00e1lyain is m\u00f3dos\u00edtani kell. Az eset r\u00e1vil\u00e1g\u00edt arra, hogy a l\u00e1tv\u00e1nyos \u00fcnnepi esem\u00e9nyek b\u00e1rmennyire megszokottak is nem vesz\u00e9lytelenek!<\/h3>\n<p>Forr\u00e1s: MSN \/ FB \/ TTOK<\/p>\n<p>&#8211;<\/p>\n<p>\u00c9rdemes megeml\u00edteni, hogy az el\u0151z\u0151 gener\u00e1ci\u00f3 nagy, domin\u00e1ns h\u0171t\u0151r\u00e1csa elt\u0171nt. Hely\u00e9t egy \u00faj, m\u00e9hsejt-mint\u00e1zat\u00fa l\u00e9gbe\u00f6ml\u0151 vette \u00e1t, amely nemcsak modernebb \u00e9s l\u00e9gellen\u00e1ll\u00e1s szempontj\u00e1b\u00f3l hat\u00e9konyabb, hanem egy\u00e9rtelm\u0171en utal a Toyota elektromos modelljeinek \u00faj arculat\u00e1ra is. Ez az \u00faj formai megold\u00e1s jobban illeszkedik az elektromobilit\u00e1s fel\u00e9 nyit\u00f3 m\u00e1rka arculat\u00e1ba. Egyed\u00fcl a sportosabb, dinamikusabb st\u00edlust k\u00e9pvisel\u0151 GR Sport kivitel tartja meg a nagym\u00e9ret\u0171 \u201esz\u00e1j\u00e1t\u201d, ami j\u00f3l illik annak agressz\u00edvabb, sportosabb megjelen\u00e9s\u00e9hez.<\/p>\n<p>Az utast\u00e9rben is \u00e9rz\u00e9kelhet\u0151 a fejl\u0151d\u00e9s. A m\u0171szerfal kialak\u00edt\u00e1sa a m\u00e1rka teljesen elektromos SUV-j\u00e1t\u00f3l, a bZ4X-t\u0151l mer\u00edt inspir\u00e1ci\u00f3t, ennek megfelel\u0151en modernebb, technol\u00f3gia-orient\u00e1ltabb lett a bels\u0151 diz\u00e1jn. A digit\u00e1lis kezel\u0151fel\u00fclet is fejl\u0151d\u00f6tt: a k\u00f6z\u00e9pkonzolba egy \u00faj, 12,9 colos \u00e9rint\u0151k\u00e9perny\u0151 ker\u00fclt, m\u00edg a vezet\u0151 el\u0151tt digit\u00e1lis m\u0171szeregys\u00e9g kapott helyet, amely r\u00e9szletes \u00e9s j\u00f3l leolvashat\u00f3 inform\u00e1ci\u00f3kat ny\u00fajt. Ezek a fejleszt\u00e9sek k\u00e9nyelmesebb, felhaszn\u00e1l\u00f3bar\u00e1tabb vezet\u00e9si \u00e9lm\u00e9nyt \u00edg\u00e9rnek, k\u00fcl\u00f6n\u00f6sen azok sz\u00e1m\u00e1ra, akik \u00e9rt\u00e9kelik a technol\u00f3giai \u00faj\u00edt\u00e1sokat.<\/p>\n<p>Ugyanakkor nem lehet nem \u00e9szrevenni, hogy az utast\u00e9rben tov\u00e1bbra is jelen vannak kem\u00e9ny m\u0171anyag elemek \u2013 ez val\u00f3sz\u00edn\u0171leg a k\u00f6lts\u00e9gek kord\u00e1ban tart\u00e1sa \u00e9rdek\u00e9ben t\u00f6rt\u00e9nt d\u00f6nt\u00e9s, k\u00fcl\u00f6n\u00f6sen az egyre n\u00f6vekv\u0151 elektrifik\u00e1ci\u00f3s beruh\u00e1z\u00e1sok f\u00e9ny\u00e9ben. Hab\u00e1r els\u0151re kompromisszumnak t\u0171nhet, a val\u00f3s\u00e1gban \u00e9rthet\u0151 l\u00e9p\u00e9s: a Toyota soha nem is pr\u00f3b\u00e1lt a pr\u00e9mium m\u00e1rk\u00e1kkal versenyezni a l\u00e1tv\u00e1nyos, sokszor t\u00falz\u00f3 bels\u0151 megold\u00e1sok ter\u00e9n. Ehelyett a hossz\u00fa t\u00e1v\u00fa megb\u00edzhat\u00f3s\u00e1got, a praktikumot \u00e9s a k\u00f6lts\u00e9ghat\u00e9kony m\u0171k\u00f6dtethet\u0151s\u00e9get helyezi el\u0151t\u00e9rbe.<\/p>\n<p>A jap\u00e1n gy\u00e1rt\u00f3 filoz\u00f3fi\u00e1ja ugyanis mindig is az volt, hogy olyan j\u00e1rm\u0171veket k\u00edn\u00e1ljon, amelyek tart\u00f3sak, megb\u00edzhat\u00f3k \u00e9s el\u00e9rhet\u0151k a sz\u00e9les k\u00f6z\u00f6ns\u00e9g sz\u00e1m\u00e1ra. \u00cdgy teh\u00e1t a kem\u00e9nyebb m\u0171anyagok jelenl\u00e9te nem hiba, hanem ink\u00e1bb egy tudatos tervez\u00e9si d\u00f6nt\u00e9s, amely hossz\u00fa t\u00e1von szolg\u00e1lja a felhaszn\u00e1l\u00f3k \u00e9rdekeit. A Toyota ezzel a modellel is bizony\u00edtja, hogy k\u00e9pes haladni a korral \u2013 s\u0151t, \u00faj ir\u00e1nyokat kijel\u00f6lni \u2013, mik\u00f6zben h\u0171 marad alapvet\u0151 \u00e9rt\u00e9keihez.<\/p>\n","protected":false},"excerpt":{"rendered":"<p>T\u00f6bben k\u00f3rh\u00e1zba ker\u00fcltek! Budapest, 2025. augusztus 20. \u2013 Az \u00fcnnepi hangulatot sajn\u00e1latos baleset \u00e1rny\u00e9kolta be a f\u0151v\u00e1rosban az \u00e1llamalap\u00edt\u00e1s \u00fcnnepe alkalm\u00e1b\u00f3l megrendezett t\u0171zij\u00e1t\u00e9k alatt. A l\u00e1tv\u00e1nyos esem\u00e9ny k\u00f6zben t\u00f6bb n\u00e9z\u0151 szem\u00e9be is&#8230;<\/p>\n","protected":false},"author":1,"featured_media":6447,"comment_status":"open","ping_status":"open","sticky":false,"template":"","format":"standard","meta":{"footnotes":""},"categories":[2],"tags":[],"class_list":["post-6446","post","type-post","status-publish","format-standard","has-post-thumbnail","hentry","category-altalanos"],"aioseo_notices":[],"_links":{"self":[{"href":"https:\/\/online-filmkatarzis.com\/kucko\/wp-json\/wp\/v2\/posts\/6446","targetHints":{"allow":["GET"]}}],"collection":[{"href":"https:\/\/online-filmkatarzis.com\/kucko\/wp-json\/wp\/v2\/posts"}],"about":[{"href":"https:\/\/online-filmkatarzis.com\/kucko\/wp-json\/wp\/v2\/types\/post"}],"author":[{"embeddable":true,"href":"https:\/\/online-filmkatarzis.com\/kucko\/wp-json\/wp\/v2\/users\/1"}],"replies":[{"embeddable":true,"href":"https:\/\/online-filmkatarzis.com\/kucko\/wp-json\/wp\/v2\/comments?post=6446"}],"version-history":[{"count":2,"href":"https:\/\/online-filmkatarzis.com\/kucko\/wp-json\/wp\/v2\/posts\/6446\/revisions"}],"predecessor-version":[{"id":6454,"href":"https:\/\/online-filmkatarzis.com\/kucko\/wp-json\/wp\/v2\/posts\/6446\/revisions\/6454"}],"wp:featuredmedia":[{"embeddable":true,"href":"https:\/\/online-filmkatarzis.com\/kucko\/wp-json\/wp\/v2\/media\/6447"}],"wp:attachment":[{"href":"https:\/\/online-filmkatarzis.com\/kucko\/wp-json\/wp\/v2\/media?parent=6446"}],"wp:term":[{"taxonomy":"category","embeddable":true,"href":"https:\/\/online-filmkatarzis.com\/kucko\/wp-json\/wp\/v2\/categories?post=6446"},{"taxonomy":"post_tag","embeddable":true,"href":"https:\/\/online-filmkatarzis.com\/kucko\/wp-json\/wp\/v2\/tags?post=6446"}],"curies":[{"name":"wp","href":"https:\/\/api.w.org\/{rel}","templated":true}]}}