{"id":6458,"date":"2025-08-21T16:59:36","date_gmt":"2025-08-21T14:59:36","guid":{"rendered":"https:\/\/online-filmkatarzis.com\/kucko\/?p=6458"},"modified":"2025-08-22T08:23:53","modified_gmt":"2025-08-22T06:23:53","slug":"kiderult-ki-a-tettes-a-nagydorogi-gyermek-ugyeben","status":"publish","type":"post","link":"https:\/\/online-filmkatarzis.com\/kucko\/kiderult-ki-a-tettes-a-nagydorogi-gyermek-ugyeben\/","title":{"rendered":"Kider\u00fclt ki a tettes a Nagydorogi gyermek \u00fcgy\u00e9ben!"},"content":{"rendered":"<h3>Az alig 2500 lakos\u00fa falut augusztus 20-\u00e1n megr\u00e1zta a h\u00edr, hogy nyomtalanul elt\u0171nt a telep\u00fcl\u00e9s f\u0151utc\u00e1j\u00e1r\u00f3l egy mind\u00f6ssze k\u00e9t hetes csecsem\u0151. Az els\u0151 besz\u00e1mol\u00f3k szerint az \u00e9desanya d\u00e9lel\u0151tt babakocsiban tolta kisfi\u00e1t, Attil\u00e1t, amikor \u2013 elmond\u00e1sa alapj\u00e1n \u2013 h\u00e1tulr\u00f3l le-t\u00f6tt\u00e9k. A t\u00e1mad\u00f3 ekkor kiemelte a gyermeket a kocsib\u00f3l, majd egy fekete aut\u00f3ba tette, \u00e9s elhajtott vele.<br \/>\nAZONBAN M\u00c1RA M\u00c1R KIDER\u00dcLT AZ IGAZS\u00c1G!<\/h3>\n<h3><span style=\"color: #ff0000;\"><strong>A h\u00edr nem \u00e9rt v\u00e9get! Folytat\u00e1shoz haszn\u00e1ld a K\u00d6VETKEZ\u0150 OLDAL gombot!<\/strong><\/span><\/h3>\n<p><!--nextpage--><\/p>\n<h3>Ugyanakkor a csal\u00e1d otthon\u00e1hoz k\u00f6zeli mell\u00e9kutca lak\u00f3i arr\u00f3l sz\u00e1moltak be, hogy l\u00e1tt\u00e1k a n\u0151t: lehajtott fejjel tolta a babakocsit a falu hat\u00e1ra fel\u00e9, nem k\u00f6sz\u00f6nt vissza, \u00e9s \u00fagy t\u0171nt, mintha nem lett volna teljesen mag\u00e1n\u00e1l. A csecsem\u0151t hat \u00f3r\u00e1s keres\u00e9s ut\u00e1n az utca v\u00e9g\u00e9n, a falu hat\u00e1r\u00e1ban l\u00e9v\u0151 kukoric\u00e1s mellett tal\u00e1lt\u00e1k meg. Ment\u0151t h\u00edvtak hozz\u00e1, de az orvos m\u00e1r nem tudott rajta seg\u00edteni. Meg\u00e1llap\u00edtottam hogy a gyermeket eg\u00e9szen biztosan meg-lt\u00e9k.<br \/>\nEKKOR J\u00d6TT A FORDULAT AZ \u00dcGYBEN<\/h3>\n<h3><span style=\"color: #ff0000;\"><strong>A h\u00edr nem \u00e9rt v\u00e9get! Folytat\u00e1shoz haszn\u00e1ld a K\u00d6VETKEZ\u0150 OLDAL gombot!<\/strong><\/span><\/h3>\n<p><!--nextpage--><\/p>\n<h3>A Blikk \u00e9rtes\u00fcl\u00e9sei szerint a nyomok \u00e9s az eddig \u00f6sszegy\u0171jt\u00f6tt inform\u00e1ci\u00f3k arra utalnak, hogy a gyermek hal\/l\u00e1t maga az \u00e9desanya okozhatta. Egyel\u0151re nem tiszt\u00e1zott, hogy pontosan mi t\u00f6rt\u00e9nt: lehet, hogy Vikt\u00f3ria egy v\u00e9letlen balesetet pr\u00f3b\u00e1lt leplezni a kital\u00e1lt t\u00f6rt\u00e9nettel, vagy zavarts\u00e1g\u00e1ban, esetleg egy pillanatnyi elm-zavar hat\u00e1s\u00e1ra k\u00f6vetett el visszaford\u00edthatatlan cselekedetet. A rend\u0151rs\u00e9g ezzel kapcsolatban k\u00e9s\u0151bbre \u00edg\u00e9rt r\u00e9szletesebb t\u00e1j\u00e9koztat\u00e1st.<\/h3>\n<p>VIA Blikk<\/p>\n<p>&#8211;<\/p>\n<p>A legbiztosabb m\u00f3dja annak, hogy valaki kateg\u00f3riaels\u0151 aut\u00f3t alkosson, ha egyszer\u0171en l\u00e9trehoz egy teljesen \u00faj kateg\u00f3ri\u00e1t.<br \/>\nPontosan ezt tette az eredeti Mercedes CLS a n\u00e9gyajt\u00f3s kup\u00e9val, vagy a Nissan Juke a B-szegmensbe sorolt SUV-val \u2013 \u00e9s ez csak k\u00e9t nyilv\u00e1nval\u00f3 p\u00e9lda. Most pedig, ha valaki olyan crossover-kup\u00e9t keres, amely k\u00edv\u00e1natosabb, mint egy B-szegmens\u0171 aut\u00f3, de m\u00e9g nem \u00e9ri el a C-szegmens m\u00e9reteit, akkor ott van a Renault Arkana.<br \/>\nAz Arkana a kisebb Captur padl\u00f3lemez\u00e9re \u00e9p\u00fcl, viseli a Renault csal\u00e1di arculat\u00e1t, viszont ann\u00e1l j\u00f3val hosszabb, \u00e9s egy kup\u00e9szer\u0171, lefel\u00e9 \u00edvel\u0151 tet\u0151vonalat kapott.<\/p>\n<p>Persze kevesen fogj\u00e1k ennyire konkr\u00e9t felt\u00e9telekkel meghat\u00e1rozni, milyen legyen a k\u00f6vetkez\u0151 kisebb csal\u00e1di aut\u00f3juk. Ha pedig valakit nem ragad mag\u00e1val az Arkana SUV-kup\u00e9s megjelen\u00e9se, b\u0151ven tal\u00e1l m\u00e1s alternat\u00edv\u00e1t is. A m\u00e1r eml\u00edtett Nissan Juke vagy a Renault saj\u00e1t Captur modellje olcs\u00f3bb, viszont valamennyivel kisebb bels\u0151 t\u00e9rrel rendelkeznek. Ha a v\u00e1s\u00e1rl\u00f3 n\u00e9h\u00e1ny ezer fonttal magasabb \u00e1rkateg\u00f3ri\u00e1t is megengedhet mag\u00e1nak, akkor ak\u00e1r egy pr\u00e9miumosabb SUV-hoz is hozz\u00e1juthat \u2013 p\u00e9ld\u00e1ul a Hyundai Tucsonhoz vagy a Nissan Qashqaihoz.<br \/>\nHogy kider\u00fclj\u00f6n, az Arkana val\u00f3ban \u00faj, ide\u00e1lis kompromisszumot k\u00edn\u00e1l-e m\u00e9ret \u00e9s bels\u0151 helyk\u00edn\u00e1lat k\u00f6z\u00f6tt a crossoverek vil\u00e1g\u00e1ban \u2013 vagy csak k\u00fcl\u00f6nf\u00e9le st\u00edlusir\u00e1nyzatok zavaros kever\u00e9ke \u2013, most teljes \u00e9rt\u00e9k\u0171 menetpr\u00f3b\u00e1nak vetj\u00fck al\u00e1. Emellett arra is v\u00e1laszt keres\u00fcnk, hogy az E-Tech hibrid hajt\u00e1sl\u00e1nc teljes \u00e9rt\u00e9k\u0171 hibridk\u00e9nt is olyan j\u00f3l m\u0171k\u00f6dik-e, mint plug-in hibrid form\u00e1ban a m\u00falt h\u00f3napban tesztelt M\u00e9gane-ban.<\/p>\n","protected":false},"excerpt":{"rendered":"<p>Az alig 2500 lakos\u00fa falut augusztus 20-\u00e1n megr\u00e1zta a h\u00edr, hogy nyomtalanul elt\u0171nt a telep\u00fcl\u00e9s f\u0151utc\u00e1j\u00e1r\u00f3l egy mind\u00f6ssze k\u00e9t hetes csecsem\u0151. Az els\u0151 besz\u00e1mol\u00f3k szerint az \u00e9desanya d\u00e9lel\u0151tt babakocsiban tolta kisfi\u00e1t, Attil\u00e1t,&#8230;<\/p>\n","protected":false},"author":1,"featured_media":6459,"comment_status":"open","ping_status":"open","sticky":false,"template":"","format":"standard","meta":{"footnotes":""},"categories":[2],"tags":[],"class_list":["post-6458","post","type-post","status-publish","format-standard","has-post-thumbnail","hentry","category-altalanos"],"aioseo_notices":[],"_links":{"self":[{"href":"https:\/\/online-filmkatarzis.com\/kucko\/wp-json\/wp\/v2\/posts\/6458","targetHints":{"allow":["GET"]}}],"collection":[{"href":"https:\/\/online-filmkatarzis.com\/kucko\/wp-json\/wp\/v2\/posts"}],"about":[{"href":"https:\/\/online-filmkatarzis.com\/kucko\/wp-json\/wp\/v2\/types\/post"}],"author":[{"embeddable":true,"href":"https:\/\/online-filmkatarzis.com\/kucko\/wp-json\/wp\/v2\/users\/1"}],"replies":[{"embeddable":true,"href":"https:\/\/online-filmkatarzis.com\/kucko\/wp-json\/wp\/v2\/comments?post=6458"}],"version-history":[{"count":3,"href":"https:\/\/online-filmkatarzis.com\/kucko\/wp-json\/wp\/v2\/posts\/6458\/revisions"}],"predecessor-version":[{"id":6476,"href":"https:\/\/online-filmkatarzis.com\/kucko\/wp-json\/wp\/v2\/posts\/6458\/revisions\/6476"}],"wp:featuredmedia":[{"embeddable":true,"href":"https:\/\/online-filmkatarzis.com\/kucko\/wp-json\/wp\/v2\/media\/6459"}],"wp:attachment":[{"href":"https:\/\/online-filmkatarzis.com\/kucko\/wp-json\/wp\/v2\/media?parent=6458"}],"wp:term":[{"taxonomy":"category","embeddable":true,"href":"https:\/\/online-filmkatarzis.com\/kucko\/wp-json\/wp\/v2\/categories?post=6458"},{"taxonomy":"post_tag","embeddable":true,"href":"https:\/\/online-filmkatarzis.com\/kucko\/wp-json\/wp\/v2\/tags?post=6458"}],"curies":[{"name":"wp","href":"https:\/\/api.w.org\/{rel}","templated":true}]}}