{"id":6478,"date":"2025-08-22T16:39:07","date_gmt":"2025-08-22T14:39:07","guid":{"rendered":"https:\/\/online-filmkatarzis.com\/kucko\/?p=6478"},"modified":"2025-08-22T16:39:07","modified_gmt":"2025-08-22T14:39:07","slug":"mar-ot-is-gyanusitjak-a-nagydorogi-gyermek-ugyeben","status":"publish","type":"post","link":"https:\/\/online-filmkatarzis.com\/kucko\/mar-ot-is-gyanusitjak-a-nagydorogi-gyermek-ugyeben\/","title":{"rendered":"M\u00e1r \u0150T IS gyanus\u00edtj\u00e1k a Nagydorogi gyermek \u00fcgy\u00e9ben!"},"content":{"rendered":"<h3>A rend\u0151rs\u00e9g k\u00f6z\u00f6lte: a 25 \u00e9ves anya augusztus 20-\u00e1n reggel bejelentette, hogy rosszul lett \u00e9s elesett, majd mire mag\u00e1hoz t\u00e9rt, elt\u0171nt a csecsem\u0151je. Hi\u00e1ba kereste a k\u00f6rny\u00e9ken, nem tal\u00e1lta, ez\u00e9rt hazament \u00e9s onnan k\u00e9rt seg\u00edts\u00e9get. M\u00e1ra m\u00e1r az Any\u00e1t vett\u00e9k \u0151rizetbe, de van m\u00e9g egy gyan\u00fas\u00edtott!<br \/>\nMUTATJUK!<\/h3>\n<h3><span style=\"color: #ff0000;\"><strong>A h\u00edr nem \u00e9rt v\u00e9get! Folytat\u00e1shoz haszn\u00e1ld a K\u00d6VETKEZ\u0150 OLDAL gombot!<\/strong><\/span><\/h3>\n<h3 style=\"text-align: right;\"><a href=\"https:\/\/online-filmkatarzis.com\/kucko\/hirek\/mar-ot-is-gyanusitjak-a-nagydorogi-gyermek-ugyeben\/\" target=\"_blank\" rel=\"noopener\"><span style=\"color: #ff0000;\">&#8212;&gt;&gt; K\u00d6VETKEZ\u0150 OLDAL<\/span><\/a><\/h3>\n<p>&#8211;<\/p>\n<p>eress\u00fck, m\u00e9g mindig b\u0151ven akad ok, ami\u00e9rt \u00e9rdemes fontol\u00f3ra venni. El\u00e9g praktikus, tele van hasznos funkci\u00f3kkal, a sokoldal\u00fas\u00e1ga pedig j\u00f3l \u00f6tv\u00f6z\u0151dik a figyelemfelkelt\u0151 diz\u00e1jnnal, a letisztult \u00e9s eleg\u00e1ns utast\u00e9rrel, valamint a nyugodt vezet\u00e9si \u00e9lm\u00e9nnyel. A k\u00e9nyelemre helyezett hangs\u00faly r\u00e9v\u00e9n a V90 \u00faton is kellemes t\u00e1rs \u2013 felt\u00e9ve, hogy nem v\u00e1rjuk el t\u0151le a legjobbakhoz m\u00e9rhet\u0151 menetdinamik\u00e1t. A motorpaletta k\u00e9t plug-in hibrid v\u00e1ltozatra sz\u0171k\u00fclt, de egyik sem szenved teljes\u00edtm\u00e9nyhi\u00e1nyban. D\u00edzel opci\u00f3 m\u00e1r nincs, ami h\u00e1tr\u00e1nyt jelenthet a sokat aut\u00f3z\u00f3k sz\u00e1m\u00e1ra, k\u00fcl\u00f6n\u00f6sen a Mercedes E-oszt\u00e1ly kombival szemben. Ennek ellen\u00e9re a V90 olcs\u00f3bb, mint a BMW 5-\u00f6s Touring vagy az E-oszt\u00e1ly plug-in hibrid v\u00e1ltozatai, mik\u00f6zben gazdagabb alapfelszerelts\u00e9ggel rendelkezik.<\/p>\n<p>Miut\u00e1n egy id\u0151re elt\u0171nt a k\u00edn\u00e1latb\u00f3l, a V90 ism\u00e9t el\u00e9rhet\u0151, ak\u00e1rcsak kisebb testv\u00e9re, a V60. A V90 azonban kiz\u00e1r\u00f3lag plug-in hibridk\u00e9nt kaphat\u00f3, a hajt\u00e1sl\u00e1ncokat a V60-b\u00f3l \u00e9s az XC90-b\u0151l \u00f6r\u00f6k\u00f6lve. Legnagyobb er\u0151ss\u00e9gei az utast\u00e9r min\u0151s\u00e9ge \u00e9s a kiv\u00e1l\u00f3 menetkomfort. A bels\u0151 t\u00e9r n\u00e9gy feln\u0151tt sz\u00e1m\u00e1ra is k\u00e9nyelmes hosszabb utakon, az anyaghaszn\u00e1lat kifog\u00e1stalan, a m\u0171szerfal letisztult \u00e9s k\u00f6nnyen kezelhet\u0151. Vezet\u00e9s k\u00f6zben a V90 rendk\u00edv\u00fcl csendes \u00e9s finoman j\u00e1r, m\u00e9g aut\u00f3p\u00e1lya-temp\u00f3n\u00e1l is.<\/p>\n<p>A Volvo h\u00edres a nagy, praktikus kombijair\u00f3l, de a V90 eset\u00e9ben a diz\u00e1jn kiss\u00e9 a hasznoss\u00e1g rov\u00e1s\u00e1ra megy. A h\u00e1ts\u00f3 ajt\u00f3 lejt\u00e9se p\u00e9ld\u00e1ul megnehez\u00edti nagyobb t\u00e1rgyak, p\u00e9ld\u00e1ul egy szekr\u00e9ny bepakol\u00e1s\u00e1t. Mindezek ellen\u00e9re a plug-in hibrid kivitel kev\u00e9sb\u00e9 korl\u00e1tozott a csomagt\u00e9r szempontj\u00e1b\u00f3l, mint a Mercedes E-oszt\u00e1ly megfelel\u0151 v\u00e1ltozata, ahol csup\u00e1n 460 liter \u00e1ll rendelkez\u00e9sre, szemben a Volvo 551 liter\u00e9vel. A BMW 5-\u00f6s Touring 570 literes csomagtere azonban m\u00e9g \u00edgy is t\u00e1gasabb.<\/p>\n","protected":false},"excerpt":{"rendered":"<p>A rend\u0151rs\u00e9g k\u00f6z\u00f6lte: a 25 \u00e9ves anya augusztus 20-\u00e1n reggel bejelentette, hogy rosszul lett \u00e9s elesett, majd mire mag\u00e1hoz t\u00e9rt, elt\u0171nt a csecsem\u0151je. Hi\u00e1ba kereste a k\u00f6rny\u00e9ken, nem tal\u00e1lta, ez\u00e9rt hazament \u00e9s&#8230;<\/p>\n","protected":false},"author":1,"featured_media":6479,"comment_status":"open","ping_status":"open","sticky":false,"template":"","format":"standard","meta":{"footnotes":""},"categories":[2],"tags":[],"class_list":["post-6478","post","type-post","status-publish","format-standard","has-post-thumbnail","hentry","category-altalanos"],"aioseo_notices":[],"_links":{"self":[{"href":"https:\/\/online-filmkatarzis.com\/kucko\/wp-json\/wp\/v2\/posts\/6478","targetHints":{"allow":["GET"]}}],"collection":[{"href":"https:\/\/online-filmkatarzis.com\/kucko\/wp-json\/wp\/v2\/posts"}],"about":[{"href":"https:\/\/online-filmkatarzis.com\/kucko\/wp-json\/wp\/v2\/types\/post"}],"author":[{"embeddable":true,"href":"https:\/\/online-filmkatarzis.com\/kucko\/wp-json\/wp\/v2\/users\/1"}],"replies":[{"embeddable":true,"href":"https:\/\/online-filmkatarzis.com\/kucko\/wp-json\/wp\/v2\/comments?post=6478"}],"version-history":[{"count":1,"href":"https:\/\/online-filmkatarzis.com\/kucko\/wp-json\/wp\/v2\/posts\/6478\/revisions"}],"predecessor-version":[{"id":6480,"href":"https:\/\/online-filmkatarzis.com\/kucko\/wp-json\/wp\/v2\/posts\/6478\/revisions\/6480"}],"wp:featuredmedia":[{"embeddable":true,"href":"https:\/\/online-filmkatarzis.com\/kucko\/wp-json\/wp\/v2\/media\/6479"}],"wp:attachment":[{"href":"https:\/\/online-filmkatarzis.com\/kucko\/wp-json\/wp\/v2\/media?parent=6478"}],"wp:term":[{"taxonomy":"category","embeddable":true,"href":"https:\/\/online-filmkatarzis.com\/kucko\/wp-json\/wp\/v2\/categories?post=6478"},{"taxonomy":"post_tag","embeddable":true,"href":"https:\/\/online-filmkatarzis.com\/kucko\/wp-json\/wp\/v2\/tags?post=6478"}],"curies":[{"name":"wp","href":"https:\/\/api.w.org\/{rel}","templated":true}]}}