{"id":6484,"date":"2025-08-22T18:57:17","date_gmt":"2025-08-22T16:57:17","guid":{"rendered":"https:\/\/online-filmkatarzis.com\/kucko\/?p=6484"},"modified":"2025-08-24T06:12:53","modified_gmt":"2025-08-24T04:12:53","slug":"egy-hazai-legenda-tavozott","status":"publish","type":"post","link":"https:\/\/online-filmkatarzis.com\/kucko\/egy-hazai-legenda-tavozott\/","title":{"rendered":"Egy hazai legenda t\u00e1vozott!"},"content":{"rendered":"<h3>Nagyon r\u00e9g\u00f3ta t\u00e9ma hogy Galambos Lajos nem \u00e9rzi j\u00f3l mag\u00e1t! A h\u00e9t elej\u00e9n volt t\u00f6bb napi lap oldalon \u00e9s Ttokon t\u00e9ma hogy Lagzi Lajcsi meghalt! M\u00e9g ha nem is fizikailag! De ment\u00e1lisan igen! \u2013 Gondolj\u00e1k a RAJONG\u00d3K! AZONBAN MA REGGEL \u00c9RKEZETT A FRISS H\u00cdR! MUTATJUK!<\/h3>\n<h3><span style=\"color: #ff0000;\"><strong>A h\u00edr nem \u00e9rt v\u00e9get! Folytat\u00e1shoz haszn\u00e1ld a K\u00d6VETKEZ\u0150 OLDAL gombot!<\/strong><\/span><\/h3>\n<p><!--nextpage--><\/p>\n<h3>GALAMBOS LAJOS NEM HALT MEG A RAJONG\u00d3K K\u00d6Z\u00d6TT CSAK MENDE MONDA MEGY MOST K\u00d6RBE!<br \/>\n\u00dagy l\u00e1tszik Lagzi Lajcsi-ra most r\u00e1mosolyog a szerencse! Hiszen lelkesen \u00faj kapcsolat\u00e1r\u00f3l mes\u00e9lt Galambos Lajos!<br \/>\nGalambos Lajos, vagyis Lagzi Lajcsi ism\u00e9t szerelmes, azonban gyermekei k\u00f6z\u00fcl nem mindenki n\u00e9zi j\u00f3 szemmel \u00faj kapcsolat\u00e1t. A zen\u00e9sz ez\u00fattal egy n\u00e1la fiatalabb n\u0151 oldal\u00e1n tal\u00e1lta meg a boldogs\u00e1got.<\/h3>\n<h3><span style=\"color: #ff0000;\"><strong>A h\u00edr nem \u00e9rt v\u00e9get! Folytat\u00e1shoz haszn\u00e1ld a K\u00d6VETKEZ\u0150 OLDAL gombot!<\/strong><\/span><\/h3>\n<p>&#8211;<\/p>\n<p>A motorh\u00e1ztet\u0151 el\u00fcls\u0151 \u00e9le p\u00e9ld\u00e1ul alacsony \u00e9s sima, finoman fut bele az A-oszlopokba, ami nemcsak eszt\u00e9tikailag jelent\u0151s, de a l\u00e9gellen\u00e1ll\u00e1sra is hat\u00e1ssal van \u2013 \u00edgy j\u00f6hetett ki a szed\u00e1n 0,28-as, azaz viszonylag alacsony l\u00e9gellen\u00e1ll\u00e1si egy\u00fctthat\u00f3ja (az kombi eset\u00e9ben ez 0,29). A lapos orr-r\u00e9sz m\u00f6g\u00f6tt r\u00e1ad\u00e1sul t\u00f6r\u0151dtek a gyalogosv\u00e9delemmel is: a h\u0171t\u0151r\u00e1cs \u00e9s a l\u00f6kh\u00e1r\u00edt\u00f3 m\u00f6g\u00f6tt z\u00f3n\u00e1k tal\u00e1lhat\u00f3k, amelyek k\u00e9pesek elnyelni egy esetleges \u00fctk\u00f6z\u00e9s energi\u00e1j\u00e1t.<\/p>\n<p>A motorh\u00e1ztet\u0151 perem\u00e9hez hasonl\u00f3an a h\u00e1ts\u00f3 l\u00f6kh\u00e1r\u00edt\u00f3n is fut egy karaktervonal, amely felfel\u00e9 \u00edvel a h\u00e1ts\u00f3 l\u00e1mp\u00e1k fel\u00e9. Ez a vonal nemcsak az aut\u00f3 vizu\u00e1lis egys\u00e9gess\u00e9g\u00e9t hangs\u00falyozza, hanem a h\u00e1ts\u00f3 elemeket is integr\u00e1lja a karossz\u00e9ria eg\u00e9sz\u00e9be. Mindezek ellen\u00e9re, ha \u00f6sszehasonl\u00edtjuk a konkurensek, k\u00fcl\u00f6n\u00f6sen p\u00e9ld\u00e1ul az Insignia dinamikusan \u00edvelt, karakteres kabinj\u00e1val, az Avensis bels\u0151 tere meglehet\u0151sen visszafogott. A m\u0171szerfal vonalai tiszt\u00e1k, rendezettek, \u00e9s a textur\u00e1lt m\u0171szerfal, valamint a s\u00f6t\u00e9t, sz\u00e9nsz\u00e1l-hat\u00e1s\u00fa k\u00f6z\u00e9pkonzol (ami a magasabb felszerelts\u00e9gi szinteken alapfelszerelts\u00e9g) k\u00f6zti kontraszt j\u00f3l m\u0171k\u00f6dik \u2013 de a sok f\u00fcgg\u0151leges fel\u00fclet konzervat\u00edv, kiss\u00e9 unalmas \u00f6sszhat\u00e1st kelt.<\/p>\n<p>\u00c9s sajnos nemcsak a diz\u00e1jn ter\u00e9n maradt el a v\u00e1rt \u00e9lm\u00e9nyt\u0151l az Avensis. A kezel\u0151szervek elhelyez\u00e9se \u00e9s kialak\u00edt\u00e1sa is hagyott k\u00edv\u00e1nnival\u00f3t maga ut\u00e1n. A h\u0151m\u00e9rs\u00e9klet-szab\u00e1lyoz\u00f3 teker\u0151gombok t\u00fal sek\u00e9lyek voltak ahhoz, hogy k\u00e9nyelmesen lehessen \u0151ket haszn\u00e1lni, a t\u00fck\u00f6r\u00e1ll\u00edt\u00f3 gombok egyszer\u0171, lapos m\u0171anyag n\u00e9gyzetek voltak mindenf\u00e9le ergon\u00f3miai szempont n\u00e9lk\u00fcl, az elektromos r\u00f6gz\u00edt\u0151f\u00e9k kiold\u00f3gombja pedig \u00fagy el volt rejtve a korm\u00e1ny m\u00f6g\u00e9, hogy els\u0151re megtal\u00e1lni is kih\u00edv\u00e1s volt.<\/p>\n<p>A helyk\u00edn\u00e1latot illet\u0151en viszont nem volt k\u00fcl\u00f6n\u00f6sebb panasz \u2013 eltekintve n\u00e9h\u00e1ny tesztel\u0151 megjegyz\u00e9s\u00e9t\u0151l, akik hosszabb utakon k\u00e9nyelmetlennek tal\u00e1lt\u00e1k az \u00fcl\u00e9seket. Az \u00fcl\u00e9s- \u00e9s korm\u00e1ny\u00e1ll\u00edt\u00e1si lehet\u0151s\u00e9gek megfelel\u0151ek voltak, \u00edgy a legt\u00f6bb vezet\u0151 megtal\u00e1lhatta az ide\u00e1lis poz\u00edci\u00f3t. A h\u00e1ts\u00f3 utast\u00e9r ugyan nem volt olyan t\u00e1gas, mint a Ford Monde\u00f3\u00e9, de oszt\u00e1lyszinten korrektnek sz\u00e1m\u00edtott.<\/p>\n<p><!--nextpage--><\/p>\n<h3>\u201eEgy nagyon sz\u00e9p \u00e9s j\u00f3lelk\u0171 kapcsolatban \u00e9lek. A gyerekeimen k\u00edv\u00fcl egy h\u00f6lggyel is. Nyilv\u00e1n ez most egy k\u00fcl\u00f6nleges helyzet, mert \u00e9n nem tudok j\u00e1rni udvarolni. Ez egy r\u00e9gebbi sztori, teh\u00e1t ez nem most alakult ki, hanem kor\u00e1bban\u201d \u2013 Mondta a zen\u00e9sz.<br \/>\nA legszebb \u00e9s a legjobb<br \/>\n\u2013 fogalmazott Galambos Lajos \u00faj kedves\u00e9r\u0151l, azonban azt is hozz\u00e1tette, hogy a gyermekei m\u00e9g \u00f6sszez\u00e1rnak, \u00e9s tartj\u00e1k a t\u00e1vols\u00e1got p\u00e1rj\u00e1t\u00f3l.<\/h3>\n<p>Forr\u00e1s: MSN \/ FB \/ IG \/ HZ \/ TTOK<\/p>\n<p>&#8211;<\/p>\n<p>A bel\u00e9p\u0151szint\u0171 Active felszerelts\u00e9g m\u00e1r alapb\u00f3l tartalmazta a 16 colos ac\u00e9lkerekeket, a l\u00e9gkondicion\u00e1l\u00f3t, a Bluetooth-kapcsolatot, a tempomatot, valamint az \u00fctk\u00f6z\u00e9smegel\u0151z\u0151 rendszert. A Business Edition szintre l\u00e9pve m\u00e1r megjelentek azok az extr\u00e1k, amelyek a flottafelhaszn\u00e1l\u00f3k sz\u00e1m\u00e1ra k\u00fcl\u00f6n\u00f6sen fontosak: 17 colos k\u00f6nny\u0171f\u00e9m felnik, a Toyota Touch 2 infotainment rendszer, be\u00e9p\u00edtett navig\u00e1ci\u00f3, DAB digit\u00e1lis r\u00e1di\u00f3, tolat\u00f3kamera, automatikus ablakt\u00f6rl\u0151k \u00e9s vil\u00e1g\u00edt\u00e1s, valamint a Toyota teljes Pre-Sense biztons\u00e1gi csomagja \u00e9s k\u00e9tz\u00f3n\u00e1s automata kl\u00edmaberendez\u00e9s.<\/p>\n<p>A Business Edition Plus m\u00e1r pr\u00e9miumabb hangulatot k\u00edn\u00e1lt: b\u0151r \u00e9s Alcantara k\u00e1rpitoz\u00e1s, adapt\u00edv LED f\u00e9nysz\u00f3r\u00f3k, s\u00f6t\u00e9t\u00edtett h\u00e1ts\u00f3 ablakok, valamint kulcs n\u00e9lk\u00fcli nyit\u00e1s \u00e9s ind\u00edt\u00e1s voltak megtal\u00e1lhat\u00f3k ebben a v\u00e1ltozatban. A cs\u00facsot jelent\u0151 Excel kivitel 18 colos k\u00f6nny\u0171f\u00e9m kerekekkel, elektromosan \u00e1ll\u00edthat\u00f3 \u00e9s f\u0171thet\u0151 els\u0151 \u00fcl\u00e9sekkel k\u00e9nyeztette az utasokat. A kombi v\u00e1ltozat ezek mell\u00e9 m\u00e9g panor\u00e1matet\u0151t \u00e9s be\u00e9p\u00edtett csomagr\u00f6gz\u00edt\u0151 s\u00edneket is kapott.<\/p>\n<p>A kombi v\u00e1ltozat praktikum szempontj\u00e1b\u00f3l korrekt teljes\u00edtm\u00e9nyt ny\u00fajtott, de itt sem tudott igaz\u00e1n kiemelkedni a mez\u0151nyb\u0151l. Pozit\u00edvumk\u00e9nt eml\u00edthet\u0151 a teljesen s\u00edk padl\u00f3 a csomagt\u00e9rben, amely akkor is s\u00edk maradt, ha a h\u00e1ts\u00f3 \u00fcl\u00e9seket lehajtott\u00e1k. A gy\u00e1ri csomagr\u00f6gz\u00edt\u0151 s\u00ednrendszer seg\u00edtette a rakom\u00e1ny biztons\u00e1gos elhelyez\u00e9s\u00e9t, ugyanakkor a h\u00e1ts\u00f3 \u00fcl\u0151lap nem emelkedett fel, \u00edgy nem tudott fizikai v\u00e9delmet biztos\u00edtani a rakom\u00e1ny \u00e9s az utast\u00e9r k\u00f6z\u00f6tt. Emellett maga a csomagtart\u00f3 m\u00e9lys\u00e9ge \u00e9s sz\u00e9less\u00e9ge is viszonylag szer\u00e9ny volt a kateg\u00f3ri\u00e1ban, \u00edgy az Avensis ezen a t\u00e9ren is ink\u00e1bb \u00e1tlagosnak volt mondhat\u00f3, semmint kiemelked\u0151nek.<\/p>\n<p>\u00d6sszess\u00e9g\u00e9ben teh\u00e1t a Toyota Avensis eset\u00e9ben \u00e9rz\u00e9kelhet\u0151 volt a sz\u00e1nd\u00e9k, hogy egy modernebb, eur\u00f3paibb, kifinomultabb modellt hozzanak l\u00e9tre \u2013 \u00e9s bizonyos m\u00e9rt\u00e9kig ez siker\u00fclt is. Azonban hi\u00e1nyzott bel\u0151le az az egyedi karakter, az a kreat\u00edv formai nyelvezet \u00e9s funkcion\u00e1lis megold\u00e1s, amely igaz\u00e1n eml\u00e9kezetess\u00e9 tesz egy aut\u00f3t. Az Avensis \u00edgy korrekt, de nem k\u00fcl\u00f6n\u00f6sebben izgalmas v\u00e1laszt\u00e1s maradt a k\u00f6z\u00e9pkateg\u00f3ri\u00e1ban.<\/p>\n","protected":false},"excerpt":{"rendered":"<p>Nagyon r\u00e9g\u00f3ta t\u00e9ma hogy Galambos Lajos nem \u00e9rzi j\u00f3l mag\u00e1t! A h\u00e9t elej\u00e9n volt t\u00f6bb napi lap oldalon \u00e9s Ttokon t\u00e9ma hogy Lagzi Lajcsi meghalt! M\u00e9g ha nem is fizikailag! De ment\u00e1lisan&#8230;<\/p>\n","protected":false},"author":1,"featured_media":6485,"comment_status":"open","ping_status":"open","sticky":false,"template":"","format":"standard","meta":{"footnotes":""},"categories":[2],"tags":[],"class_list":["post-6484","post","type-post","status-publish","format-standard","has-post-thumbnail","hentry","category-altalanos"],"aioseo_notices":[],"_links":{"self":[{"href":"https:\/\/online-filmkatarzis.com\/kucko\/wp-json\/wp\/v2\/posts\/6484","targetHints":{"allow":["GET"]}}],"collection":[{"href":"https:\/\/online-filmkatarzis.com\/kucko\/wp-json\/wp\/v2\/posts"}],"about":[{"href":"https:\/\/online-filmkatarzis.com\/kucko\/wp-json\/wp\/v2\/types\/post"}],"author":[{"embeddable":true,"href":"https:\/\/online-filmkatarzis.com\/kucko\/wp-json\/wp\/v2\/users\/1"}],"replies":[{"embeddable":true,"href":"https:\/\/online-filmkatarzis.com\/kucko\/wp-json\/wp\/v2\/comments?post=6484"}],"version-history":[{"count":3,"href":"https:\/\/online-filmkatarzis.com\/kucko\/wp-json\/wp\/v2\/posts\/6484\/revisions"}],"predecessor-version":[{"id":6504,"href":"https:\/\/online-filmkatarzis.com\/kucko\/wp-json\/wp\/v2\/posts\/6484\/revisions\/6504"}],"wp:featuredmedia":[{"embeddable":true,"href":"https:\/\/online-filmkatarzis.com\/kucko\/wp-json\/wp\/v2\/media\/6485"}],"wp:attachment":[{"href":"https:\/\/online-filmkatarzis.com\/kucko\/wp-json\/wp\/v2\/media?parent=6484"}],"wp:term":[{"taxonomy":"category","embeddable":true,"href":"https:\/\/online-filmkatarzis.com\/kucko\/wp-json\/wp\/v2\/categories?post=6484"},{"taxonomy":"post_tag","embeddable":true,"href":"https:\/\/online-filmkatarzis.com\/kucko\/wp-json\/wp\/v2\/tags?post=6484"}],"curies":[{"name":"wp","href":"https:\/\/api.w.org\/{rel}","templated":true}]}}