{"id":6517,"date":"2025-08-24T20:24:00","date_gmt":"2025-08-24T18:24:00","guid":{"rendered":"https:\/\/online-filmkatarzis.com\/kucko\/?p=6517"},"modified":"2025-08-24T20:24:00","modified_gmt":"2025-08-24T18:24:00","slug":"magyar-peternek-befellegzett","status":"publish","type":"post","link":"https:\/\/online-filmkatarzis.com\/kucko\/magyar-peternek-befellegzett\/","title":{"rendered":"Magyar P\u00e9ternek befellegzett!"},"content":{"rendered":"<h3>Nagyon du\/va dolgok der\u00fcltek ki Magyar P\u00e9terr\u0151l: \u00cdgy er\/sza\/osko\/ott feles\u00e9ge h\/ta m\u00f6g\u00f6tt Magyar P\u00e9ter. Besz\u00e9lni kezdtek a munkat\u00e1rsak\u2026 A miniszt\u00e9rium k\u00e9t kor\u00e1bbi sajt\u00f3munkat\u00e1rsa mes\u00e9lt r\u00e9szletesen arr\u00f3l, milyen embernek ismert\u00e9k Varga Judit exf\u00e9rj\u00e9t, miket csin\u00e1lt, m\u00edg feles\u00e9ge volt a t\u00e1rcavezet\u0151 \u2013 \u00edrta meg a Mandiner.<\/h3>\n<h3><span style=\"color: #ff0000;\"><strong>A h\u00edr nem \u00e9rt v\u00e9get! Folytat\u00e1shoz haszn\u00e1ld a K\u00d6VETKEZ\u0150 OLDAL gombot!<\/strong><\/span><\/h3>\n<h3 style=\"text-align: right;\"><a href=\"https:\/\/online-filmkatarzis.com\/kucko\/hirek\/magyar-peternek-befellegzett\/\" target=\"_blank\" rel=\"noopener\"><span style=\"color: #ff0000;\">&#8212;&gt;&gt; K\u00d6VETKEZ\u0150 OLDAL<\/span><\/a><\/h3>\n<p>&#8211;<\/p>\n<p>Ezzel szemben az S v\u00e1ltozat j\u00f3val \u00e9berebben reag\u00e1l. Ez nemcsak annak k\u00f6sz\u00f6nhet\u0151, hogy a n\u00e9gyker\u00e9k-korm\u00e1nyz\u00e1s r\u00e9v\u00e9n kevesebb korm\u00e1nymozdulat is elegend\u0151 a fordul\u00e1shoz, hanem annak is, hogy a sportfut\u00f3m\u0171 jelent\u0151sen cs\u00f6kkenti az oldald\u0151l\u00e9st kanyarod\u00e1s k\u00f6zben. Mint minden n\u00e9gyker\u00e9k-korm\u00e1nyz\u00e1s\u00fa modell eset\u00e9ben, itt is id\u0151be telik, mire a vezet\u0151 hozz\u00e1szokik az ir\u00e1ny\u00edt\u00e1s saj\u00e1tos karakter\u00e9hez, de az M rendszere \u2014 m\u00e1s, m\u00e1r ismert rendszerekkel \u00f6sszevetve \u2014 meglep\u0151en egys\u00e9ges \u00e9s kisz\u00e1m\u00edthat\u00f3 v\u00e1laszokat ad, ahogy n\u0151 a korm\u00e1nysz\u00f6g. Ennek eredm\u00e9nyek\u00e9ppen a korm\u00e1nyz\u00e1s logikusabbnak \u00e9s term\u00e9szetesebbnek hat, mint sok m\u00e1s aut\u00f3ban.<\/p>\n<p>De vajon melyik v\u00e1ltozat a jobb v\u00e1laszt\u00e1s? Ha a v\u00e1roson k\u00edv\u00fcli, kanyarg\u00f3s utakon t\u00f6rt\u00e9n\u0151 vezet\u00e9s \u00e9lm\u00e9ny\u00e9t n\u00e9zz\u00fck, egy\u00e9rtelm\u0171en az S modellel j\u00e1runk jobban. A sportosabb hangol\u00e1s nagyobb magabiztoss\u00e1got \u00e9s jobb egyens\u00falyt biztos\u00edt, az aut\u00f3 jobban tapad, pontosabban ir\u00e1ny\u00edthat\u00f3, \u00e9s vezet\u00e9se egyszer\u0171en \u00e9lvezetesebb. Azonban ez az \u00e9lvezeti \u00e9rt\u00e9k nem j\u00f6n ingyen. Az S v\u00e1ltozat menetkomfortja ugyanis alacsonyabb sebess\u00e9gn\u00e9l \u00e9rezhet\u0151en gyeng\u00e9bb. Nem az a probl\u00e9ma, hogy ne tudn\u00e1 megfelel\u0151en kisim\u00edtani a nagyobb \u00fathib\u00e1kat, hanem az, hogy kis sebess\u00e9gn\u00e9l \u2014 k\u00fcl\u00f6n\u00f6sen 30 km\/h alatti temp\u00f3n\u00e1l \u2014 a kisebb, s\u0171r\u0171 \u00fategyenetlens\u00e9gek zavar\u00f3, vertik\u00e1lis r\u00e1zk\u00f3d\u00e1st okoznak.<\/p>\n<p>Hasonl\u00f3an a teljes\u00edtm\u00e9nyr\u0151l sz\u00f3l\u00f3 \u00e9rt\u00e9kel\u00e9s\u00fcnkh\u00f6z, itt is elmondhat\u00f3, hogy b\u00e1r van n\u00e9mi kritika a vezethet\u0151s\u00e9ggel \u00e9s komforttal kapcsolatban, ezek m\u00e9gsem olyan m\u00e9rt\u00e9k\u0171ek, hogy komolyan rontan\u00e1k az Infiniti M \u00f6sszk\u00e9p\u00e9t. M\u00e9gis t\u00e9ny marad, hogy l\u00e9teznek olyan riv\u00e1lis modellek \u2014 els\u0151sorban a Jaguar XF \u2014, amelyek ugyanolyan m\u00e9ret\u0171 kerekekkel is kifinomultabb, sim\u00e1bb rug\u00f3z\u00e1st k\u00edn\u00e1lnak, k\u00fcl\u00f6n\u00f6sen v\u00e1rosi k\u00f6rnyezetben.<\/p>\n","protected":false},"excerpt":{"rendered":"<p>Nagyon du\/va dolgok der\u00fcltek ki Magyar P\u00e9terr\u0151l: \u00cdgy er\/sza\/osko\/ott feles\u00e9ge h\/ta m\u00f6g\u00f6tt Magyar P\u00e9ter. Besz\u00e9lni kezdtek a munkat\u00e1rsak\u2026 A miniszt\u00e9rium k\u00e9t kor\u00e1bbi sajt\u00f3munkat\u00e1rsa mes\u00e9lt r\u00e9szletesen arr\u00f3l, milyen embernek ismert\u00e9k Varga Judit exf\u00e9rj\u00e9t,&#8230;<\/p>\n","protected":false},"author":1,"featured_media":6518,"comment_status":"open","ping_status":"open","sticky":false,"template":"","format":"standard","meta":{"footnotes":""},"categories":[2],"tags":[],"class_list":["post-6517","post","type-post","status-publish","format-standard","has-post-thumbnail","hentry","category-altalanos"],"aioseo_notices":[],"_links":{"self":[{"href":"https:\/\/online-filmkatarzis.com\/kucko\/wp-json\/wp\/v2\/posts\/6517","targetHints":{"allow":["GET"]}}],"collection":[{"href":"https:\/\/online-filmkatarzis.com\/kucko\/wp-json\/wp\/v2\/posts"}],"about":[{"href":"https:\/\/online-filmkatarzis.com\/kucko\/wp-json\/wp\/v2\/types\/post"}],"author":[{"embeddable":true,"href":"https:\/\/online-filmkatarzis.com\/kucko\/wp-json\/wp\/v2\/users\/1"}],"replies":[{"embeddable":true,"href":"https:\/\/online-filmkatarzis.com\/kucko\/wp-json\/wp\/v2\/comments?post=6517"}],"version-history":[{"count":1,"href":"https:\/\/online-filmkatarzis.com\/kucko\/wp-json\/wp\/v2\/posts\/6517\/revisions"}],"predecessor-version":[{"id":6519,"href":"https:\/\/online-filmkatarzis.com\/kucko\/wp-json\/wp\/v2\/posts\/6517\/revisions\/6519"}],"wp:featuredmedia":[{"embeddable":true,"href":"https:\/\/online-filmkatarzis.com\/kucko\/wp-json\/wp\/v2\/media\/6518"}],"wp:attachment":[{"href":"https:\/\/online-filmkatarzis.com\/kucko\/wp-json\/wp\/v2\/media?parent=6517"}],"wp:term":[{"taxonomy":"category","embeddable":true,"href":"https:\/\/online-filmkatarzis.com\/kucko\/wp-json\/wp\/v2\/categories?post=6517"},{"taxonomy":"post_tag","embeddable":true,"href":"https:\/\/online-filmkatarzis.com\/kucko\/wp-json\/wp\/v2\/tags?post=6517"}],"curies":[{"name":"wp","href":"https:\/\/api.w.org\/{rel}","templated":true}]}}