{"id":6535,"date":"2025-08-25T19:27:49","date_gmt":"2025-08-25T17:27:49","guid":{"rendered":"https:\/\/online-filmkatarzis.com\/kucko\/?p=6535"},"modified":"2025-08-26T06:54:19","modified_gmt":"2025-08-26T04:54:19","slug":"meghalt-a-szorakoztatas-mestere","status":"publish","type":"post","link":"https:\/\/online-filmkatarzis.com\/kucko\/meghalt-a-szorakoztatas-mestere\/","title":{"rendered":"Meghalt a sz\u00f3rakoztat\u00e1s mestere"},"content":{"rendered":"<h3>Elhunyt a J\u00e1szai Mari-d\u00edjas magyar rendez\u0151 \u00e9s \u00e9rdemes m\u0171v\u00e9sz. A sz\u00f3rakoztat\u00e1s nagymester\u00e9nek hal\u00e1lh\u00edr\u00e9t a R\u00e1di\u00f3 osztotta meg k\u00f6z\u00f6ss\u00e9gi oldal\u00e1n, ahol meghat\u00f3 sorokkal \u00edrtak r\u00f3la.<br \/>\nMUTATJUK A R\u00c9SZLETETKET!<\/h3>\n<h3><span style=\"color: #ff0000;\"><strong>A h\u00edr nem \u00e9rt v\u00e9get! Folytat\u00e1shoz haszn\u00e1ld a K\u00d6VETKEZ\u0150 OLDAL gombot!<\/strong><\/span><\/h3>\n<p>&#8211;<\/p>\n<p>A legt\u00f6bb v\u00e1ltozat h\u00e1ts\u00f3ker\u00e9k-meghajt\u00e1s\u00fa, mivel ezekben csak egyetlen elektromos motor tal\u00e1lhat\u00f3 a h\u00e1ts\u00f3 tengelyen. A teljes\u00edtm\u00e9ny a kiv\u00e1lasztott modell v\u00e1ltozatt\u00f3l f\u00fcgg: az alap, kisebb hat\u00f3t\u00e1v\u00fa verzi\u00f3 168 l\u00f3er\u0151s, a hosszabb hat\u00f3t\u00e1v\u00fa m\u00e1r 201 l\u00f3er\u0151t tud, m\u00edg a b\u0151v\u00edtett hat\u00f3t\u00e1vval rendelkez\u0151 cs\u00facsverzi\u00f3 241 l\u00f3er\u0151t k\u00edn\u00e1l. Ha valaki \u00f6sszker\u00e9k-meghajt\u00e1sra v\u00e1gyik, vagy egyszer\u0171en csak szereti, ha az aut\u00f3ja nagyon, nagyon gyorsan gyorsul, akkor ott a 429 l\u00f3er\u0151s MG 4 XPower, amely k\u00e9t elektromotorj\u00e1val m\u00e1r igazi sportos \u00e9lm\u00e9nyt k\u00edn\u00e1l.<\/p>\n<p>Ami a formatervet illeti, az MG 4 sokkal ink\u00e1bb klasszikus ferdeh\u00e1t\u00fa (hatchback) jelleg\u0171, mint a legt\u00f6bb vet\u00e9lyt\u00e1rsa, amelyek ink\u00e1bb az SUV-s, crossoveres ir\u00e1nyba hajlanak. Hossza 4287 mm, ami j\u00f3val r\u00f6videbb, mint p\u00e9ld\u00e1ul a Kia Niro EV, vagy a ID.3 \u00e9s a Cupra Born p\u00e1ros. M\u00e9retben \u00e9s karakterben legink\u00e1bb a Renault M\u00e9gane E-Tech Electric \u00e1ll hozz\u00e1 k\u00f6zel, de hasonl\u00f3 c\u00e9lk\u00f6z\u00f6ns\u00e9get c\u00e9loz meg a Citro\u00ebn \u00eb-C4, a Peugeot e-2008, valamint a k\u00f6zelj\u00f6v\u0151ben \u00e9rkez\u0151 elektromos Peugeot 308 \u00e9s a Vauxhall Astra is.<\/p>\n<p>Mivel ez a piaci szegmens rendk\u00edv\u00fcl zs\u00fafolt \u00e9s verseng\u0151, az MG 4-nek mindenk\u00e9pp ki kell t\u0171nnie valamivel, \u00e9s ezt a c\u00e9lt egy mer\u00e9sz, felt\u0171n\u0151 formatervez\u00e9ssel pr\u00f3b\u00e1lja el\u00e9rni. Ez a diz\u00e1jn jelent\u0151s elt\u00e9r\u00e9s a kor\u00e1bbi, kiss\u00e9 jellegtelen SAIC-korszakos MG modellekt\u0151l. Igaz, a viszonylag kism\u00e9ret\u0171 kerekek kiss\u00e9 olcs\u00f3 benyom\u00e1st keltenek, de a karakteres f\u00e9nysz\u00f3r\u00f3k, a karossz\u00e9ri\u00e1t d\u00edsz\u00edt\u0151, hat\u00e1rozott vonalak \u00e9s \u00e9lek, valamint a h\u00e1ts\u00f3 l\u00e1mp\u00e1kat \u00e9s a csomagtart\u00f3 l\u00e9gterel\u0151t mag\u00e1ban foglal\u00f3 fekete panel hat\u00e1rozott, egyedi megjelen\u00e9st k\u00f6lcs\u00f6n\u00f6z az aut\u00f3nak.<\/p>\n<p>Az MG m\u00e1rka a k\u00ednai SAIC csoport \u00fajraind\u00edt\u00e1sa \u00f3ta kifejezetten kedvez\u0151 \u00e1r\u00fa, \u00fagynevezett budget kateg\u00f3ri\u00e1s m\u00e1rkak\u00e9nt pozicion\u00e1lja mag\u00e1t, \u00e9s egy olcs\u00f3 aut\u00f3 bels\u0151 ter\u00e9nek ig\u00e9nyes kialak\u00edt\u00e1sa tal\u00e1n m\u00e9g nagyobb kih\u00edv\u00e1s, mint egy pr\u00e9mium modell\u00e9, ahol b\u0151ven lehet k\u00f6lteni nemes anyagokra. Ez a m\u0171v\u00e9szet, amit p\u00e9ld\u00e1ul a Dacia m\u00e1r sikeresen elsaj\u00e1t\u00edtott, m\u00e9g tanul\u00e1si f\u00e1zisban van az MG-n\u00e9l. Ennek ellen\u00e9re az MG 4 beltere sokkal ig\u00e9nyesebb \u00e9s modernebb, mint az MG 5-\u00f6s\u00e9 volt kor\u00e1bban.<\/p>\n<p><!--nextpage--><\/p>\n<h3>Meghalt a J\u00e1szai Mari-d\u00edjas rendez\u0151, Kalm\u00e1r Tibor \u2013 k\u00f6z\u00f6lte a R\u00e1di\u00f3 B\u00e9zs a Facebook-oldal\u00e1n. A sz\u00f3rakoztat\u00e1s nagymestere csak 93 \u00e9ves volt.<br \/>\nCsak, mert cselekv\u00e9si kedve, szelleme, humora nem volt korhoz k\u00f6thet\u0151 \u2013 olvashat\u00f3 a bejegyz\u00e9sben.<br \/>\n\u00cdGY B\u00daCS\u00daZTAK T\u0150LE:<\/h3>\n<h3><span style=\"color: #ff0000;\"><strong>A h\u00edr nem \u00e9rt v\u00e9get! Folytat\u00e1shoz haszn\u00e1ld a K\u00d6VETKEZ\u0150 OLDAL gombot!<\/strong><\/span><\/h3>\n<p>&#8211;<\/p>\n<p>Ez a kis crossover kezdetben kiz\u00e1r\u00f3lag v\u00e1rosi elektromos aut\u00f3k\u00e9nt volt el\u00e9rhet\u0151, \u00e9s m\u00e1r akkor is leny\u0171g\u00f6z\u0151nek sz\u00e1m\u00edtott a maga kateg\u00f3ri\u00e1j\u00e1ban. Mostanra azonban a k\u00edn\u00e1lat jelent\u0151sen kib\u0151v\u00fclt: imm\u00e1r egy visszafogottabb, k\u00e9zi v\u00e1lt\u00f3s benzines v\u00e1ltozatban is el\u00e9rhet\u0151, illetve egy r\u00e9szben villamos\u00edtott, automata v\u00e1lt\u00f3s benzinesk\u00e9nt is, s\u0151t, m\u00e9g egy val\u00f3di terepj\u00e1r\u00f3s, \u00f6sszker\u00e9khajt\u00e1s\u00fa v\u00e1ltozat is beker\u00fclt a k\u00edn\u00e1latba. Ez ut\u00f3bbi nem csup\u00e1n a hajt\u00e1sl\u00e1nc\u00e1val, hanem robusztus megjelen\u00e9s\u00e9vel is jelzi, hogy nem csup\u00e1n a v\u00e1rosi dzsungelre tervezt\u00e9k.<\/p>\n<p>Az alapv\u00e1ltozat egy 1,2 literes benzinmotorral szerelt Avenger, amely h\u00e1rom k\u00fcl\u00f6nb\u00f6z\u0151 felszerelts\u00e9gi szinten \u00e9rhet\u0151 el. Azonban sajnos m\u00e1r a legalapvet\u0151bb kivitel \u00e1ra is \u00a325 750-t\u00f3l indul, ami j\u00f3val magasabb, mint a vele technikailag rokon Peugeot 208 vagy Vauxhall Corsa modellek \u00e1ra \u2013 m\u00e9g akkor is, ha ezek kev\u00e9sb\u00e9 t\u0171nnek divatosnak vagy kalandv\u00e1gy\u00f3nak az Avengerhez k\u00e9pest.<\/p>\n<p>Amennyiben valaki automata v\u00e1lt\u00f3t szeretne, az nemcsak k\u00e9nyelmesebb vezet\u00e9st kap, hanem egy mild-hibrid rendszert is. Ez azonban tov\u00e1bbi \u00a31000-ral n\u00f6veli az \u00e1rat, \u00edgy a komfort egy kis fel\u00e1rral j\u00e1r.<\/p>\n<p>A teljesen elektromos v\u00e1ltozat, amely egyetlen felt\u00f6lt\u00e9ssel ak\u00e1r 249 m\u00e9rf\u00f6ldet (kb. 400 kilom\u00e9tert) is k\u00e9pes megtenni, \u00a329 999-r\u0151l indul. Ez a modell k\u00fcl\u00f6n is \u00e9rt\u00e9kelve van, \u00edgy itt csak eml\u00edt\u00e9s szintj\u00e9n szerepel.<\/p>\n<p>A k\u00edn\u00e1lat igazi k\u00fcl\u00f6nlegess\u00e9ge a 4xe v\u00e1ltozat, amely \u00a331 219-t\u00f3l indul, \u00e9s sok tekintetben a nagyobb Wrangler modellek kistestv\u00e9rek\u00e9nt \u00e9rtelmezhet\u0151. \u00d6sszker\u00e9khajt\u00e1s\u00e1t egy h\u00e1ts\u00f3 tengelyre szerelt elektromotor biztos\u00edtja, \u00edgy \u00f6tv\u00f6zi az elektromos hajt\u00e1s el\u0151nyeit a val\u00f3di terepj\u00e1r\u00f3 k\u00e9pess\u00e9gekkel. Megjelen\u00e9s\u00e9ben is karakteresebb: er\u0151teljesebb l\u00f6kh\u00e1r\u00edt\u00f3k, tet\u0151s\u00ednek, von\u00f3szemek \u00e9s als\u00f3 v\u00e9d\u0151lemezek adj\u00e1k meg neki azt a hat\u00e1rozott, \u201eScrappy-Doo\u201d st\u00edlust, amely a kalandv\u00e1gy\u00f3 v\u00e1s\u00e1rl\u00f3kat c\u00e9lozza meg.<\/p>\n<p><!--nextpage--><\/p>\n<h3>Kalm\u00e1r a Valahol Eur\u00f3p\u00e1ban c\u00edm\u0171 filmben \u201ecsak\u201d epiz\u00f3dszerepl\u0151 volt. Ott azt k\u00e9rdezte t\u0151le a gyerekf\u0151szerepl\u0151 Kuksi, hogy \u201eM\u00e9g mindig verik \u0151ket?\u201d Mire \u0151 azt v\u00e1laszolta, hogy \u201etudja a rosseb\u201d. Ezen azt\u00e1n mindenki nevetett. Mi most nem nevet\u00fcnk. b\u00facs\u00faztatt\u00e1k.<\/h3>\n<p>VIA FB\/ Blikk R\u00fazs<\/p>\n<p>&#8211;<\/p>\n<p>A Peugeot 208 els\u0151 gener\u00e1ci\u00f3ja (Mk1) a megjelen\u00e9se ut\u00e1n k\u00e9s\u0151bb sportosabb v\u00e1ltozatokkal is b\u0151v\u00fclt, amelyek kifejezetten a teljes\u00edtm\u00e9nyorient\u00e1lt v\u00e1s\u00e1rl\u00f3knak sz\u00f3ltak. 2013 febru\u00e1rj\u00e1ban \u00e9rkezett a 208 GTi, egy 200 l\u00f3er\u0151s, 1.6 literes benzinmotorral szerelt forr\u00f3 ferdeh\u00e1t\u00fa, majd n\u00e9h\u00e1ny h\u00f3nappal k\u00e9s\u0151bb az XY nev\u0171 sportos felszerelts\u00e9gi szint is csatlakozott a k\u00edn\u00e1lathoz, amely a h\u00e9tk\u00f6znapi modellek \u00e9s a GTi k\u00f6z\u00e9 pozicion\u00e1lta mag\u00e1t.<br \/>\n2015 j\u00fanius\u00e1ban a Peugeot 208 Mk1 egy k\u00f6z\u00e9pt\u00e1v\u00fa r\u00e1ncfelvarr\u00e1son esett \u00e1t, amely sor\u00e1n friss\u00fclt a diz\u00e1jn, \u00faj biztons\u00e1gi felszerel\u00e9sek jelentek meg, a k\u00edn\u00e1lat cs\u00facs\u00e1ra pedig a sportos GT-Line felszerelts\u00e9g ker\u00fclt. Emellett \u00faj technol\u00f3gi\u00e1k is beker\u00fcltek, p\u00e9ld\u00e1ul az \u00e9rint\u0151k\u00e9perny\u0151s multim\u00e9di\u00e1s rendszer, valamint az Apple CarPlay \u00e9s Android Auto t\u00e1mogat\u00e1s, amelyek a legt\u00f6bb modellhez el\u00e9rhet\u0151k lettek. 2014 november\u00e9ben a Peugeot kiadta a 208 GTi 30. \u00e9vfordul\u00f3s limit\u00e1lt sz\u00e9ri\u00e1j\u00e1t, amelyet k\u00e9s\u0151bb szinte v\u00e1ltozatlan form\u00e1ban sorozatgy\u00e1rt\u00e1s\u00fak\u00e9nt is \u00fajra kiadtak 208 GTi by Peugeot Sport n\u00e9ven. A d\u00edzelmotoros k\u00edn\u00e1latot 2018 nyar\u00e1ra egyetlen 1.5 literes v\u00e1ltozatra egyszer\u0171s\u00edtett\u00e9k. 2019 augusztus\u00e1ban pedig a 208 Mk1-et lev\u00e1ltotta a m\u00e1sodik gener\u00e1ci\u00f3s modell.<\/p>\n<p>Hosszabb utakhoz legink\u00e1bb a d\u00edzelmotoros v\u00e1ltozatokat \u00e9rdemes v\u00e1lasztani, mivel ezek ny\u00fajtj\u00e1k a legjobb \u00fczemanyag-fogyaszt\u00e1si \u00e9rt\u00e9keket. M\u00e9gis, a benzinmotoros verzi\u00f3k a legpraktikusabbak a mindennapi haszn\u00e1latra \u2013 k\u00fcl\u00f6n\u00f6sen az 1.2 literes, turb\u00f3s PureTech motor, amely j\u00f3 fogyaszt\u00e1st \u00e9s \u00e9l\u00e9nk menetdinamik\u00e1t k\u00edn\u00e1l. A bel\u00e9p\u0151 szint\u0171, 68 l\u00f3er\u0151s 1.0 literes benzinest viszont kev\u00e9sb\u00e9 aj\u00e1nlott, mivel b\u00e1r pap\u00edron gazdas\u00e1gos, a teljes\u00edtm\u00e9nye szer\u00e9ny, \u00edgy legink\u00e1bb csak v\u00e1rosi, r\u00f6vid t\u00e1v\u00fa haszn\u00e1latra alkalmas.<\/p>\n","protected":false},"excerpt":{"rendered":"<p>Elhunyt a J\u00e1szai Mari-d\u00edjas magyar rendez\u0151 \u00e9s \u00e9rdemes m\u0171v\u00e9sz. A sz\u00f3rakoztat\u00e1s nagymester\u00e9nek hal\u00e1lh\u00edr\u00e9t a R\u00e1di\u00f3 osztotta meg k\u00f6z\u00f6ss\u00e9gi oldal\u00e1n, ahol meghat\u00f3 sorokkal \u00edrtak r\u00f3la. MUTATJUK A R\u00c9SZLETETKET! A h\u00edr nem \u00e9rt v\u00e9get!&#8230;<\/p>\n","protected":false},"author":1,"featured_media":6537,"comment_status":"open","ping_status":"open","sticky":false,"template":"","format":"standard","meta":{"footnotes":""},"categories":[2],"tags":[],"class_list":["post-6535","post","type-post","status-publish","format-standard","has-post-thumbnail","hentry","category-altalanos"],"aioseo_notices":[],"_links":{"self":[{"href":"https:\/\/online-filmkatarzis.com\/kucko\/wp-json\/wp\/v2\/posts\/6535","targetHints":{"allow":["GET"]}}],"collection":[{"href":"https:\/\/online-filmkatarzis.com\/kucko\/wp-json\/wp\/v2\/posts"}],"about":[{"href":"https:\/\/online-filmkatarzis.com\/kucko\/wp-json\/wp\/v2\/types\/post"}],"author":[{"embeddable":true,"href":"https:\/\/online-filmkatarzis.com\/kucko\/wp-json\/wp\/v2\/users\/1"}],"replies":[{"embeddable":true,"href":"https:\/\/online-filmkatarzis.com\/kucko\/wp-json\/wp\/v2\/comments?post=6535"}],"version-history":[{"count":2,"href":"https:\/\/online-filmkatarzis.com\/kucko\/wp-json\/wp\/v2\/posts\/6535\/revisions"}],"predecessor-version":[{"id":6545,"href":"https:\/\/online-filmkatarzis.com\/kucko\/wp-json\/wp\/v2\/posts\/6535\/revisions\/6545"}],"wp:featuredmedia":[{"embeddable":true,"href":"https:\/\/online-filmkatarzis.com\/kucko\/wp-json\/wp\/v2\/media\/6537"}],"wp:attachment":[{"href":"https:\/\/online-filmkatarzis.com\/kucko\/wp-json\/wp\/v2\/media?parent=6535"}],"wp:term":[{"taxonomy":"category","embeddable":true,"href":"https:\/\/online-filmkatarzis.com\/kucko\/wp-json\/wp\/v2\/categories?post=6535"},{"taxonomy":"post_tag","embeddable":true,"href":"https:\/\/online-filmkatarzis.com\/kucko\/wp-json\/wp\/v2\/tags?post=6535"}],"curies":[{"name":"wp","href":"https:\/\/api.w.org\/{rel}","templated":true}]}}