{"id":6558,"date":"2025-08-26T16:43:07","date_gmt":"2025-08-26T14:43:07","guid":{"rendered":"https:\/\/online-filmkatarzis.com\/kucko\/?p=6558"},"modified":"2025-08-27T07:53:35","modified_gmt":"2025-08-27T05:53:35","slug":"almaban-veszitette-eletet-soma","status":"publish","type":"post","link":"https:\/\/online-filmkatarzis.com\/kucko\/almaban-veszitette-eletet-soma\/","title":{"rendered":"\u00c1lm\u00e1ban vesz\u00edtette \u00e9let\u00e9t Soma"},"content":{"rendered":"<h3>\u00d6tgyermekes csal\u00e1d els\u0151 gyermekek\u00e9nt sz\u00fcletett. Arra a k\u00e9rd\u00e9sre, hogy mi szeretne lenni, m\u00e1r pici kor\u00e1ban ezt v\u00e1laszolta: \u201esz\u00edn\u00e9sz, k\u00f6lt\u0151, fest\u0151, \u00edr\u00f3\u201d. K\u00e9t\u00e9ves kor\u00e1ig Debrecenben, majd 18 \u00e9ves kor\u00e1ig Hajd\u00fan\u00e1n\u00e1son \u00e9lt.<br \/>\nMOST AZONBAN D\u00d6BBENETES INFORM\u00c1CI\u00d3L\u00c1TOTT NAPVIL\u00c1GOT! MUTATJUK!<\/h3>\n<h3><span style=\"color: #ff0000;\"><strong>A h\u00edr nem \u00e9rt v\u00e9get! Folytat\u00e1shoz haszn\u00e1ld a K\u00d6VETKEZ\u0150 OLDAL gombot!<\/strong><\/span><\/h3>\n<p>&#8211;<\/p>\n<p>A Renault Austral egy csal\u00e1di SUV, amelyet legink\u00e1bb fejlett technol\u00f3gi\u00e1j\u00e1r\u00f3l ismerhet\u00fcnk: modern infotainment rendszer\u00e9vel \u00e9s hibrid hajt\u00e1sl\u00e1nc\u00e1val igyekszik megnyerni a v\u00e1s\u00e1rl\u00f3kat, mik\u00f6zben felszerelts\u00e9gi szintje is versenyk\u00e9pes. A praktikuss\u00e1g ink\u00e1bb elfogadhat\u00f3, semmint kiemelked\u0151, \u00e9s a vezet\u00e9si \u00e9lm\u00e9ny m\u00e1r a bemutat\u00e1sa \u00f3ta visszat\u00e9r\u0151 kritikai pont. Elismer\u00e9st \u00e9rdemel, hogy a Renault felismerte a fut\u00f3m\u0171 k\u00e9nyelmetlens\u00e9g\u00e9t \u00e9s a finomhangol\u00e1s hi\u00e1ny\u00e1t, \u00e9s dolgozott is rajta az \u00faj, r\u00e1ncfelvarrott v\u00e1ltozatn\u00e1l, de ezek a jav\u00edt\u00e1sok csak m\u00e9rs\u00e9kelt el\u0151rel\u00e9p\u00e9st hoztak. R\u00e1ad\u00e1sul az Egyes\u00fclt Kir\u00e1lys\u00e1gba sz\u00e1nt v\u00e1ltozat egyszer\u0171bb felf\u00fcggeszt\u00e9st kap, ami visszal\u00e9p\u00e9st jelenthet a fejleszt\u00e9sekben \u2013 ennek hat\u00e1s\u00e1t a brit utakon hamarosan megtapasztalhatj\u00e1k a v\u00e1s\u00e1rl\u00f3k.<\/p>\n<p>A Renault r\u00e9g\u00f3ta kiv\u00e1l\u00f3 kisaut\u00f3-gy\u00e1rt\u00f3 \u2013 gondoljunk csak a megb\u00edzhat\u00f3 Cli\u00f3ra vagy az \u00faj Renault 5 \u00e9s 4 elektromos modellekre \u2013, m\u00e9gis \u00fagy d\u00f6nt\u00f6tt, hogy terjeszkedik a nagyobb j\u00e1rm\u0171oszt\u00e1lyok fel\u00e9, ahol a nyeres\u00e9g is nagyobb. Az eredm\u00e9nyek azonban vegyesek: m\u00edg a Renault Scenic elektromos v\u00e1ltozata remek\u00fcl siker\u00fclt, a Renault Symbioz is kedvez\u0151 \u00e1r\u00fa \u00e9s vonz\u00f3 alternat\u00edva a Nissan Qashqai mellett, addig a kup\u00e9-szer\u0171 Arkana vagy az impoz\u00e1ns, de vezet\u00e9sben kev\u00e9sb\u00e9 meggy\u0151z\u0151 Rafale m\u00e1r kev\u00e9sb\u00e9 arattak sikert.<\/p>\n<p>Az Austral 2022-ben \u00e9rkezett, a Kadjar ut\u00f3djak\u00e9nt, \u00e9s a m\u00e1rka \u00faj k\u00f6z\u00e9pm\u00e9ret\u0171 SUV-ja lett a rendk\u00edv\u00fcl versenyes szegmensben, ahol olyan nevek szerepelnek, mint a Hyundai Tucson, Kia Sportage, Toyota RAV4 vagy a Volkswagen Tiguan. Kezdetben az Austral nem tudott igaz\u00e1n nagy hat\u00e1st gyakorolni, els\u0151sorban a rideg rug\u00f3z\u00e1s, a finom\u00edt\u00e1s hi\u00e1nya \u00e9s a zavar\u00f3an m\u0171k\u00f6d\u0151 hibrid rendszer miatt, \u00e9s ezt nemcsak a sajt\u00f3, hanem a v\u00e1s\u00e1rl\u00f3k is sz\u00f3v\u00e1 tett\u00e9k. A Renault \u00e1ll\u00edt\u00f3lag szinte azonnal nekil\u00e1tott a probl\u00e9m\u00e1k orvosl\u00e1s\u00e1nak, ez\u00e9rt is jelenik meg ilyen hamar, h\u00e1rom \u00e9vvel a deb\u00fct\u00e1l\u00e1sa ut\u00e1n a friss\u00edtett v\u00e1ltozat.<\/p>\n<p><!--nextpage--><\/p>\n<h3>Soma, egy interj\u00faban elmondta: Az \u00e1lmomban meghaltam, noha azt tartj\u00e1k, hogy az ember nem halhat meg az \u00e1lmaiban. L\u00e1ttam magamat k\u00edv\u00fclr\u0151l, \u00e9s ott volt mellettem a f\u00e9rjem. \u00dagy \u00e9reztem, mintha egy l\u00e1thatatlan fal v\u00e1lasztana el t\u0151l\u00fck. Szerettem volna sz\u00f3lni, elmondani, hogy itt vagyok, ne s\u00edrjatok, szeretlek titeket, \u00e9s m\u00e9g k\u00e1v\u00e9t is f\u0151z\u00f6k nektek. Ez a k\u00fcl\u00f6n\u00f6s \u00e9rz\u00e9s napokig, s\u0151t hetekig elk\u00eds\u00e9rt: mintha besz\u00e9ln\u00e9k hozz\u00e1juk, de a hangom nem jutna el hozz\u00e1juk.<br \/>\nEKKORA A BAJ? BIZONY EL\u00c1RULTA AZT IS:<\/h3>\n<h3><span style=\"color: #ff0000;\"><strong>A h\u00edr nem \u00e9rt v\u00e9get! Folytat\u00e1shoz haszn\u00e1ld a K\u00d6VETKEZ\u0150 OLDAL gombot!<\/strong><\/span><\/h3>\n<p>&#8211;<\/p>\n<p>Az \u00faj modell 2025 j\u00fanius\u00e1t\u00f3l lesz el\u00e9rhet\u0151, nagyj\u00e1b\u00f3l 35\u201339 ezer fontos \u00e1rkateg\u00f3ri\u00e1ban, ami megegyezik az el\u0151z\u0151 modell \u00e1raival, \u00e9s m\u00e9g mindig kedvez\u0151bb, mint p\u00e9ld\u00e1ul a Hyundai Tucson Hybrid. A felszerelts\u00e9gi szintek nem v\u00e1ltoznak \u2013 marad a Techno, a Techno Esprit Alpine \u00e9s az Iconic Esprit Alpine \u2013, a pontos felszerelts\u00e9gek bejelent\u00e9se azonban m\u00e9g h\u00e1tra van. Minden Austral modell hossz\u00fa extralist\u00e1val \u00e9rkezik, hiszen m\u00e1r az alapv\u00e1ltozatban is 19 colos alufelnik, 12,3 colos portr\u00e9-orient\u00e1lt \u00e9rint\u0151k\u00e9perny\u0151, digit\u00e1lis m\u0171szeregys\u00e9g, Apple CarPlay \u00e9s Android Auto, vezet\u00e9k n\u00e9lk\u00fcli telefont\u00f6lt\u0151, tolat\u00f3kamera, adapt\u00edv tempomat \u00e9s LED-f\u00e9nysz\u00f3r\u00f3k kaptak helyet, valamint sz\u00e1mos vezet\u00e9st\u00e1mogat\u00f3 rendszer.<\/p>\n<p>A magasabb felszerelts\u00e9gi szinteken 20 colos kerekek, panor\u00e1matet\u0151, 9,3 colos head-up display, pr\u00e9mium Harman Kardon hangrendszer \u00e9s 360 fokos kamerarendszer is megjelenik, emellett tov\u00e1bbi k\u00e9nyelmi \u00e9s biztons\u00e1gi extr\u00e1k \u2013 p\u00e9ld\u00e1ul s\u00e1vtart\u00e1s \u00e9s automata parkol\u00e1s \u2013 is j\u00e1rnak. A hajt\u00e1sl\u00e1nc maradt a kor\u00e1bbi, teljes \u00e9rt\u00e9k\u0171 hibrid rendszer, amely egy 1,2 literes, h\u00e1romhengeres turb\u00f3motort kombin\u00e1l egy elektromotorral, amely kiz\u00e1r\u00f3lag az els\u0151 kerekeket hajtja, \u00e9s egy 2 kWh-s akkumul\u00e1torral m\u0171k\u00f6dik. A Renault szerint ez a rendszer a v\u00e1rosi k\u00f6zleked\u00e9s 80 sz\u00e1zal\u00e9k\u00e1t k\u00e9pes benzinfogyaszt\u00e1s n\u00e9lk\u00fcl teljes\u00edteni.<\/p>\n<p>Az aut\u00f3 \u00e1ra hivatalosan 33.990 \u00e9s 38.490 font k\u00f6z\u00f6tt alakul, de a k\u00fcl\u00f6nb\u00f6z\u0151 aj\u00e1nlatokon kereszt\u00fcl ak\u00e1r 30.890 font\u00e9rt is el\u00e9rhet\u0151, vagy havi 314 fontos l\u00edzingd\u00edj\u00e9rt is vihet\u0151. Menet k\u00f6zben a hibrid rendszer sim\u00e1n m\u0171k\u00f6dik, f\u0151leg v\u00e1rosban, ahol villanymotorral csendben suhan, de aut\u00f3p\u00e1ly\u00e1n, vagy nagyobb sebess\u00e9gn\u00e9l a h\u00e1romhengeres benzinmotor darabos hangja, a k\u00e9sleked\u0151 v\u00e1lt\u00f3 \u00e9s a nem mindig finoman dolgoz\u00f3 hajt\u00e1sl\u00e1nc rontja az \u00f6sszhat\u00e1st. A gyorsul\u00e1s 8,4 m\u00e1sodperc alatt zajlik 0-r\u00f3l 100 km\/\u00f3r\u00e1ra, de a fokozatv\u00e1lt\u00e1s nem mindig id\u0151z\u00edtett t\u00f6k\u00e9letesen.<\/p>\n<p><!--nextpage--><\/p>\n<h3>Ahogy telnek az \u00e9vek, egyre er\u0151sebben t\u00f6r r\u00e1m a gondolat, hogy egyszer v\u00e9ge lesz mindennek \u2013 magyar\u00e1zta. Nem tudta megfogalmazni, mi t\u00e1pl\u00e1lja pontosan ezt a f\u00e9lelmet. \u201eAz f\u00e1jt a legjobban, hogy tiszt\u00e1ban voltam vele, mennyire sz\u00e1m\u00edtanak r\u00e1m\u201d \u2013 mondta Soma.<\/h3>\n<p>Forr\u00e1s MSN<\/p>\n<p>&#8211;<\/p>\n<p>A r\u00e1ncfelvarrott modell \u00faj leng\u00e9scsillap\u00edt\u00f3kat, zajcs\u00f6kkent\u0151 szigetel\u00e9seket, \u00faj ajt\u00f3t\u00f6m\u00edt\u00e9seket \u00e9s \u00e1tdolgozott motorfelf\u00fcggeszt\u00e9st kapott, a c\u00e9l a finomabb rug\u00f3z\u00e1s \u00e9s csendesebb utast\u00e9r volt. \u00c1m ezek a fejleszt\u00e9sek az Egyes\u00fclt Kir\u00e1lys\u00e1gba sz\u00e1nt modelleken kev\u00e9sb\u00e9 \u00e9rv\u00e9nyes\u00fclnek, mivel azok m\u00e1r nem kapj\u00e1k meg a h\u00e1ts\u00f3ker\u00e9k-korm\u00e1nyz\u00e1st \u00e9s a t\u00f6bb leng\u0151karos h\u00e1ts\u00f3 felf\u00fcggeszt\u00e9st \u2013 ehelyett egy egyszer\u0171bb torzi\u00f3s h\u00e1ts\u00f3 tengely ker\u00fcl bele, ami ism\u00e9t visszafoghatja a k\u00e9nyelmet. M\u00e9g a spanyol aut\u00f3p\u00e1ly\u00e1k t\u00fck\u00f6rsima aszfaltj\u00e1n is sokat mocorgott az aut\u00f3, alacsony sebess\u00e9gn\u00e9l is \u00e9rezhet\u0151 volt a rug\u00f3z\u00e1s bizonytalans\u00e1ga, a versenyt\u00e1rsak pedig j\u00f3val kifinomultabbnak t\u0171nnek.<\/p>\n<p>A v\u00e1rosi haszn\u00e1latban j\u00f3l j\u00f6n a regenerat\u00edv f\u00e9kez\u00e9s \u00e1ll\u00edthat\u00f3s\u00e1ga a korm\u00e1ny m\u00f6g\u00f6tti kapcsol\u00f3kkal, \u00e9s a man\u0151verez\u00e9st seg\u00edti a k\u00f6nny\u0171 korm\u00e1nyz\u00e1s, valamint a tiszta kamerak\u00e9pek. A n\u00e9gyker\u00e9k-korm\u00e1nyz\u00e1s hi\u00e1ny\u00e1ban azonban a fordul\u00f3k\u00f6r jelent\u0151sen n\u0151tt, \u00edgy egy Kia Sportage is jobban ir\u00e1ny\u00edthat\u00f3 maradt sz\u0171k helyeken. Az orsz\u00e1gutakon kev\u00e9s az oldald\u0151l\u00e9s, de a k\u00f6nny\u0171 korm\u00e1nyz\u00e1s nem ad sok visszajelz\u00e9st, a f\u00e9kped\u00e1l \u00e9rzete tompa, \u00e9s b\u00e1r a regenerat\u00edv \u00e9s hagyom\u00e1nyos f\u00e9kek k\u00f6z\u00f6tti v\u00e1lt\u00e1s z\u00f6kken\u0151mentes, a f\u00e9kek csikorg\u00e1sa zavar\u00f3 lehet. A Michelin e.Primacy gumik el\u0151nye a fogyaszt\u00e1s, viszont hajlamosak vis\u00edtani kanyarban, ami zavar\u00f3 lehet egy csendes vid\u00e9ki \u00faton.<\/p>\n<p>Aut\u00f3p\u00e1ly\u00e1n a zajszigetel\u00e9s jav\u00edt\u00e1sa ellen\u00e9re is hallhat\u00f3 sz\u00e9lzaj \u00e9s vibr\u00e1ci\u00f3k jutnak az utast\u00e9rbe, k\u00fcl\u00f6n\u00f6sen a t\u00fckr\u00f6k \u00e9s az \u00fcl\u00e9sek k\u00f6rny\u00e9k\u00e9r\u0151l. Hi\u00e1ba teh\u00e1t az \u00faj\u00edt\u00e1sok, az Austral m\u00e9g mindig nem \u00e9ri el a k\u00edv\u00e1nt komfortszintet, ami h\u00e1tr\u00e1ltatja egy\u00e9bk\u00e9nt korrekt csal\u00e1di SUV szerep\u00e9t. A modell hat\u00e9konys\u00e1ga tov\u00e1bbra is az er\u0151ss\u00e9ge: ak\u00e1r 60,1 mpg (kb. 4,7 l\/100 km) fogyaszt\u00e1ssal is kecsegtet, b\u00e1r a val\u00f3s teszt sor\u00e1n 100 m\u00e9rf\u00f6ld ut\u00e1n ink\u00e1bb 37 mpg-t (kb. 6,3 l\/100 km) m\u00e9rt\u00fcnk. Mivel minden modell \u00e1ra 40 ezer font alatt marad, nem vonatkozik r\u00e1 a luxusaut\u00f3-ad\u00f3, \u00e9s az \u00e9ves ad\u00f3 is kedvez\u0151.<\/p>\n","protected":false},"excerpt":{"rendered":"<p>\u00d6tgyermekes csal\u00e1d els\u0151 gyermekek\u00e9nt sz\u00fcletett. Arra a k\u00e9rd\u00e9sre, hogy mi szeretne lenni, m\u00e1r pici kor\u00e1ban ezt v\u00e1laszolta: \u201esz\u00edn\u00e9sz, k\u00f6lt\u0151, fest\u0151, \u00edr\u00f3\u201d. K\u00e9t\u00e9ves kor\u00e1ig Debrecenben, majd 18 \u00e9ves kor\u00e1ig Hajd\u00fan\u00e1n\u00e1son \u00e9lt. MOST AZONBAN&#8230;<\/p>\n","protected":false},"author":1,"featured_media":6560,"comment_status":"open","ping_status":"open","sticky":false,"template":"","format":"standard","meta":{"footnotes":""},"categories":[2],"tags":[],"class_list":["post-6558","post","type-post","status-publish","format-standard","has-post-thumbnail","hentry","category-altalanos"],"aioseo_notices":[],"_links":{"self":[{"href":"https:\/\/online-filmkatarzis.com\/kucko\/wp-json\/wp\/v2\/posts\/6558","targetHints":{"allow":["GET"]}}],"collection":[{"href":"https:\/\/online-filmkatarzis.com\/kucko\/wp-json\/wp\/v2\/posts"}],"about":[{"href":"https:\/\/online-filmkatarzis.com\/kucko\/wp-json\/wp\/v2\/types\/post"}],"author":[{"embeddable":true,"href":"https:\/\/online-filmkatarzis.com\/kucko\/wp-json\/wp\/v2\/users\/1"}],"replies":[{"embeddable":true,"href":"https:\/\/online-filmkatarzis.com\/kucko\/wp-json\/wp\/v2\/comments?post=6558"}],"version-history":[{"count":3,"href":"https:\/\/online-filmkatarzis.com\/kucko\/wp-json\/wp\/v2\/posts\/6558\/revisions"}],"predecessor-version":[{"id":6566,"href":"https:\/\/online-filmkatarzis.com\/kucko\/wp-json\/wp\/v2\/posts\/6558\/revisions\/6566"}],"wp:featuredmedia":[{"embeddable":true,"href":"https:\/\/online-filmkatarzis.com\/kucko\/wp-json\/wp\/v2\/media\/6560"}],"wp:attachment":[{"href":"https:\/\/online-filmkatarzis.com\/kucko\/wp-json\/wp\/v2\/media?parent=6558"}],"wp:term":[{"taxonomy":"category","embeddable":true,"href":"https:\/\/online-filmkatarzis.com\/kucko\/wp-json\/wp\/v2\/categories?post=6558"},{"taxonomy":"post_tag","embeddable":true,"href":"https:\/\/online-filmkatarzis.com\/kucko\/wp-json\/wp\/v2\/tags?post=6558"}],"curies":[{"name":"wp","href":"https:\/\/api.w.org\/{rel}","templated":true}]}}