{"id":6562,"date":"2025-08-26T17:27:23","date_gmt":"2025-08-26T15:27:23","guid":{"rendered":"https:\/\/online-filmkatarzis.com\/kucko\/?p=6562"},"modified":"2025-08-26T17:27:23","modified_gmt":"2025-08-26T15:27:23","slug":"nem-vart-tovabb-itt-van-magyar-peter-nagy-bejelentese","status":"publish","type":"post","link":"https:\/\/online-filmkatarzis.com\/kucko\/nem-vart-tovabb-itt-van-magyar-peter-nagy-bejelentese\/","title":{"rendered":"Nem v\u00e1rt tov\u00e1bb! Itt van Magyar P\u00e9ter nagy bejelent\u00e9se"},"content":{"rendered":"<h3>Pannonhalm\u00e1n tartott a augusztus 20-\u00e1n \u00fcnnepi besz\u00e9d\u00e9t a Tisza P\u00e1rt eln\u00f6ke, Magyar P\u00e9ter, ahol meghirdette a 10 pontb\u00f3l \u00e1ll\u00f3 Szent Istv\u00e1n-programot. \u00cdme a Tisza P\u00e1rt t\u00edz pontos program: MUTATJUK A V\u00c1RVA V\u00c1RT R\u00c9SZLETEKET!<\/h3>\n<h3><span style=\"color: #ff0000;\"><strong>A h\u00edr nem \u00e9rt v\u00e9get! Folytat\u00e1shoz haszn\u00e1ld a K\u00d6VETKEZ\u0150 OLDAL gombot!<\/strong><\/span><\/h3>\n<h3 style=\"text-align: right;\"><a href=\"https:\/\/online-filmkatarzis.com\/kucko\/hirek\/nem-vart-tovabb-itt-van-magyar-peter-nagy-bejelentese\/\" target=\"_blank\" rel=\"noopener\"><span style=\"color: #ff0000;\">&#8212;&gt;&gt; K\u00d6VETKEZ\u0150 OLDAL<\/span><\/a><\/h3>\n<p>&#8211;<\/p>\n<p>A \u201eCommercial\u201d modell Jap\u00e1nban k\u00e9sz\u00fcl, ugyanazon a gy\u00e1rt\u00f3soron, ahol a szabadid\u0151-aut\u00f3 (SUV) v\u00e1ltozat is. Azonban, ahogy az Egyes\u00fclt Kir\u00e1lys\u00e1gban gy\u00e1rtott Toyota Corolla Commercial eset\u00e9ben is t\u00f6rt\u00e9nik, azok a Land Cruiser modellek, amelyeket k\u00e9s\u0151bb haszonj\u00e1rm\u0171v\u00e9 alak\u00edtanak, m\u00e1r eleve \u00fagy ker\u00fclnek \u00f6sszeszerel\u00e9sre, hogy nem szerelik bel\u00e9j\u00fck a h\u00e1ts\u00f3 \u00fcl\u00e9seket, biztons\u00e1gi \u00f6veket vagy azok r\u00f6gz\u00edt\u00e9si pontjait. Ez az\u00e9rt van \u00edgy, mert \u00edgy tudnak megfelelni az Egyes\u00fclt Kir\u00e1lys\u00e1g haszonj\u00e1rm\u0171vekre vonatkoz\u00f3 jogszab\u00e1lyainak. Miut\u00e1n ezek az alapvet\u0151en m\u00f3dos\u00edtott j\u00e1rm\u0171vek elk\u00e9sz\u00fcltek Jap\u00e1nban, \u00e1tsz\u00e1ll\u00edtj\u00e1k \u0151ket az Egyes\u00fclt Kir\u00e1lys\u00e1gba, eg\u00e9szen pontosan a Toyota burnastoni (Derbyshire megye) gy\u00e1rt\u00f3\u00fczem\u00e9be, annak is egy k\u00fcl\u00f6n r\u00e9szleg\u00e9be, amit \u201eBusiness Revenue Centre\u201d-nek neveznek. Itt t\u00f6rt\u00e9nik meg a t\u00e9nyleges \u00e1talak\u00edt\u00e1s, vagyis az, hogy a j\u00e1rm\u0171veket teljes \u00e9rt\u00e9k\u0171 haszonj\u00e1rm\u0171vekk\u00e9 szerelik \u00f6ssze. Ez az \u00e1talak\u00edt\u00e1s t\u00f6bbek k\u00f6z\u00f6tt egy s\u00edk padl\u00f3lemez beszerel\u00e9s\u00e9t jelenti, valamint egy ac\u00e9lr\u00e1csb\u00f3l k\u00e9sz\u00fclt v\u00e1laszfal (ami elv\u00e1lasztja az utasteret a rakt\u00e9r r\u00e9szt\u0151l), \u00e9s olyan ablakfed\u0151 elemek behelyez\u00e9s\u00e9t, amelyek elz\u00e1rj\u00e1k a h\u00e1ts\u00f3 ablakokat, \u00edgy azok nem \u00e1tl\u00e1tsz\u00f3k.<\/p>\n<p>A Land Cruiser Commercial csak egyetlen v\u00e1ltozatban \u00e9rhet\u0151 el, teh\u00e1t nincs bel\u0151le k\u00fcl\u00f6nb\u00f6z\u0151 felszerelts\u00e9gi szint vagy verzi\u00f3, mint p\u00e9ld\u00e1ul a szem\u00e9lyaut\u00f3k\u00e9nt haszn\u00e1lt SUV modell eset\u00e9ben. Ez az egyetlen v\u00e1ltozat ugyan nem olyan f\u00e9ny\u0171z\u0151 vagy gazdagon felszerelt, mint az \u00fagynevezett \u201eInvincible\u201d nev\u0171 cs\u00facsverzi\u00f3, m\u00e9gis rendk\u00edv\u00fcl j\u00f3l ell\u00e1tott, k\u00fcl\u00f6n\u00f6sen ahhoz k\u00e9pest, hogy alapvet\u0151en munk\u00e1ra, teh\u00e1t haszonj\u00e1rm\u0171k\u00e9nt val\u00f3 haszn\u00e1latra sz\u00e1nt modellr\u0151l van sz\u00f3. A felszerelts\u00e9g r\u00e9szek\u00e9nt tal\u00e1lhatunk p\u00e9ld\u00e1ul olyan technol\u00f3gi\u00e1kat, amelyek a haszonj\u00e1rm\u0171 kateg\u00f3ri\u00e1ban kifejezetten ritk\u00e1nak sz\u00e1m\u00edtanak.<\/p>\n","protected":false},"excerpt":{"rendered":"<p>Pannonhalm\u00e1n tartott a augusztus 20-\u00e1n \u00fcnnepi besz\u00e9d\u00e9t a Tisza P\u00e1rt eln\u00f6ke, Magyar P\u00e9ter, ahol meghirdette a 10 pontb\u00f3l \u00e1ll\u00f3 Szent Istv\u00e1n-programot. \u00cdme a Tisza P\u00e1rt t\u00edz pontos program: MUTATJUK A V\u00c1RVA V\u00c1RT&#8230;<\/p>\n","protected":false},"author":1,"featured_media":6563,"comment_status":"open","ping_status":"open","sticky":false,"template":"","format":"standard","meta":{"footnotes":""},"categories":[2],"tags":[],"class_list":["post-6562","post","type-post","status-publish","format-standard","has-post-thumbnail","hentry","category-altalanos"],"aioseo_notices":[],"_links":{"self":[{"href":"https:\/\/online-filmkatarzis.com\/kucko\/wp-json\/wp\/v2\/posts\/6562","targetHints":{"allow":["GET"]}}],"collection":[{"href":"https:\/\/online-filmkatarzis.com\/kucko\/wp-json\/wp\/v2\/posts"}],"about":[{"href":"https:\/\/online-filmkatarzis.com\/kucko\/wp-json\/wp\/v2\/types\/post"}],"author":[{"embeddable":true,"href":"https:\/\/online-filmkatarzis.com\/kucko\/wp-json\/wp\/v2\/users\/1"}],"replies":[{"embeddable":true,"href":"https:\/\/online-filmkatarzis.com\/kucko\/wp-json\/wp\/v2\/comments?post=6562"}],"version-history":[{"count":1,"href":"https:\/\/online-filmkatarzis.com\/kucko\/wp-json\/wp\/v2\/posts\/6562\/revisions"}],"predecessor-version":[{"id":6564,"href":"https:\/\/online-filmkatarzis.com\/kucko\/wp-json\/wp\/v2\/posts\/6562\/revisions\/6564"}],"wp:featuredmedia":[{"embeddable":true,"href":"https:\/\/online-filmkatarzis.com\/kucko\/wp-json\/wp\/v2\/media\/6563"}],"wp:attachment":[{"href":"https:\/\/online-filmkatarzis.com\/kucko\/wp-json\/wp\/v2\/media?parent=6562"}],"wp:term":[{"taxonomy":"category","embeddable":true,"href":"https:\/\/online-filmkatarzis.com\/kucko\/wp-json\/wp\/v2\/categories?post=6562"},{"taxonomy":"post_tag","embeddable":true,"href":"https:\/\/online-filmkatarzis.com\/kucko\/wp-json\/wp\/v2\/tags?post=6562"}],"curies":[{"name":"wp","href":"https:\/\/api.w.org\/{rel}","templated":true}]}}