{"id":6567,"date":"2025-08-27T08:05:24","date_gmt":"2025-08-27T06:05:24","guid":{"rendered":"https:\/\/online-filmkatarzis.com\/kucko\/?p=6567"},"modified":"2025-08-27T08:05:24","modified_gmt":"2025-08-27T06:05:24","slug":"megerkezett-a-tisza-part-10-pontja","status":"publish","type":"post","link":"https:\/\/online-filmkatarzis.com\/kucko\/megerkezett-a-tisza-part-10-pontja\/","title":{"rendered":"Meg\u00e9rkezett a Tisza p\u00e1rt 10 pontja!"},"content":{"rendered":"<h3>Pannonhalm\u00e1n tartott a augusztus 20-\u00e1n \u00fcnnepi besz\u00e9d\u00e9t a Tisza P\u00e1rt eln\u00f6ke, Magyar P\u00e9ter, ahol meghirdette a 10 pontb\u00f3l \u00e1ll\u00f3 Szent Istv\u00e1n-programot. \u00cdme a Tisza P\u00e1rt t\u00edz pontos program: MUTATJUK A V\u00c1RVA V\u00c1RT R\u00c9SZLETEKET!<\/h3>\n<h3><span style=\"color: #ff0000;\"><strong>A h\u00edr nem \u00e9rt v\u00e9get! Folytat\u00e1shoz haszn\u00e1ld a K\u00d6VETKEZ\u0150 OLDAL gombot!<\/strong><\/span><\/h3>\n<h3 style=\"text-align: right;\"><a href=\"https:\/\/online-filmkatarzis.com\/kucko\/hirek\/nem-vart-tovabb-itt-van-magyar-peter-nagy-bejelentese\/\" target=\"_blank\" rel=\"noopener\"><span style=\"color: #ff0000;\">&#8212;&gt;&gt; K\u00d6VETKEZ\u0150 OLDAL<\/span><\/a><\/h3>\n<p>&#8211;<\/p>\n<p>Az MGS5 EV nev\u0171 aut\u00f3 k\u00e9tf\u00e9le v\u00e1ltozatban \u00e9rhet\u0151 el: az egyik az \u00fagynevezett &#8222;Standard Range&#8221;, azaz alap hat\u00f3t\u00e1vols\u00e1g\u00fa v\u00e1ltozat, a m\u00e1sik pedig a &#8222;Long Range&#8221;, vagyis hossz\u00fa hat\u00f3t\u00e1vval rendelkez\u0151 kivitel. Ezek k\u00f6z\u00fcl a hosszabb hat\u00f3t\u00e1vols\u00e1g\u00fa verzi\u00f3 az, amelyik nemcsak hosszabb utat tud megtenni egyetlen t\u00f6lt\u00e9ssel, hanem egy er\u0151sebb elektromos motort is kapott, amely jobb teljes\u00edtm\u00e9nyt ny\u00fajt. Eddig csak a Long Range, teh\u00e1t a hossz\u00fa hat\u00f3t\u00e1v\u00fa v\u00e1ltozatot volt alkalmunk kipr\u00f3b\u00e1lni, \u00e9s ez a tesztel\u00e9s hat\u00e1rozottan meggy\u0151z\u0151 volt. Elmondhatjuk, hogy kellemes benyom\u00e1st tett r\u00e1nk ez az aut\u00f3.<\/p>\n<p>\u00c1ltal\u00e1noss\u00e1gban v\u00e9ve elmondhat\u00f3, hogy az MGS5 EV kifejezetten j\u00f3l vezethet\u0151, f\u0151leg ha figyelembe vessz\u00fck, milyen versenyt\u00e1rsai vannak, \u00e9s hogy hol helyezkedik el a piacon, vagyis milyen kateg\u00f3ri\u00e1ba tartozik. Az MG m\u00e1rk\u00e1nak van egy helyi fejleszt\u0151k\u00f6zpontja, amely az egykori brit gy\u00e1rt\u00f3\u00fczemei k\u00f6zel\u00e9ben tal\u00e1lhat\u00f3. \u00dagy t\u0171nik, hogy ez a helyi jelenl\u00e9t \u00e9s fejleszt\u00e9si munka \u00e9rezhet\u0151en j\u00f3t\u00e9kony hat\u00e1ssal volt arra, hogyan viselkedik az aut\u00f3 az utakon. Sok m\u00e1s k\u00ednai gy\u00e1rtm\u00e1ny\u00fa elektromos aut\u00f3r\u00f3l elmondhat\u00f3, hogy nem igaz\u00e1n \u00e9rz\u0151dik rajtuk az a fajta fejleszt\u00e9s, ami kifejezetten az Egyes\u00fclt Kir\u00e1lys\u00e1gban \u00e9s Eur\u00f3p\u00e1ban megszokott k\u00f6zleked\u00e9si k\u00f6r\u00fclm\u00e9nyekhez \u00e9s vezet\u00e9si st\u00edlushoz lenne igaz\u00edtva. Ez a hi\u00e1nyoss\u00e1g azonban nem igaz az MG legt\u00f6bb modellj\u00e9re \u2013 \u00fagy t\u0171nik, a gy\u00e1rt\u00f3 odafigyel erre, \u00e9s megfelel\u0151en alak\u00edtja ki az aut\u00f3it a nyugat-eur\u00f3pai ig\u00e9nyekhez.<\/p>\n<p>Ennek ellen\u00e9re van egy apr\u00f3, de eml\u00edt\u00e9sre m\u00e9lt\u00f3 saj\u00e1toss\u00e1ga az aut\u00f3nak, amit nem lehet figyelmen k\u00edv\u00fcl hagyni. Ez pedig az, hogy ez a j\u00e1rm\u0171 kiz\u00e1r\u00f3lag h\u00e1ts\u00f3ker\u00e9k-meghajt\u00e1ssal rendelkezik, teh\u00e1t az els\u0151 kerekeket nem hajtja a motor, csak a h\u00e1ts\u00f3kat. Emiatt el\u0151fordulhat, hogy bizonyos helyzetekben \u2013 p\u00e9ld\u00e1ul ha az \u00fatfel\u00fclet cs\u00fasz\u00f3s vagy havas \u2013 az aut\u00f3 tapad\u00e1sa \u00e9s stabilit\u00e1sa elmarad a n\u00e9gyker\u00e9k-meghajt\u00e1ssal rendelkez\u0151 vet\u00e9lyt\u00e1rsaihoz k\u00e9pest. Ilyen p\u00e9ld\u00e1ul a Volvo EX30, amely el\u00e9rhet\u0151 \u00f6sszker\u00e9khajt\u00e1s\u00fa verzi\u00f3ban is, \u00edgy el\u0151ny\u00f6sebb lehet az ilyen nehezebb k\u00f6r\u00fclm\u00e9nyek k\u00f6z\u00f6tt.<\/p>\n","protected":false},"excerpt":{"rendered":"<p>Pannonhalm\u00e1n tartott a augusztus 20-\u00e1n \u00fcnnepi besz\u00e9d\u00e9t a Tisza P\u00e1rt eln\u00f6ke, Magyar P\u00e9ter, ahol meghirdette a 10 pontb\u00f3l \u00e1ll\u00f3 Szent Istv\u00e1n-programot. \u00cdme a Tisza P\u00e1rt t\u00edz pontos program: MUTATJUK A V\u00c1RVA V\u00c1RT&#8230;<\/p>\n","protected":false},"author":1,"featured_media":6568,"comment_status":"open","ping_status":"open","sticky":false,"template":"","format":"standard","meta":{"footnotes":""},"categories":[2],"tags":[],"class_list":["post-6567","post","type-post","status-publish","format-standard","has-post-thumbnail","hentry","category-altalanos"],"aioseo_notices":[],"_links":{"self":[{"href":"https:\/\/online-filmkatarzis.com\/kucko\/wp-json\/wp\/v2\/posts\/6567","targetHints":{"allow":["GET"]}}],"collection":[{"href":"https:\/\/online-filmkatarzis.com\/kucko\/wp-json\/wp\/v2\/posts"}],"about":[{"href":"https:\/\/online-filmkatarzis.com\/kucko\/wp-json\/wp\/v2\/types\/post"}],"author":[{"embeddable":true,"href":"https:\/\/online-filmkatarzis.com\/kucko\/wp-json\/wp\/v2\/users\/1"}],"replies":[{"embeddable":true,"href":"https:\/\/online-filmkatarzis.com\/kucko\/wp-json\/wp\/v2\/comments?post=6567"}],"version-history":[{"count":1,"href":"https:\/\/online-filmkatarzis.com\/kucko\/wp-json\/wp\/v2\/posts\/6567\/revisions"}],"predecessor-version":[{"id":6569,"href":"https:\/\/online-filmkatarzis.com\/kucko\/wp-json\/wp\/v2\/posts\/6567\/revisions\/6569"}],"wp:featuredmedia":[{"embeddable":true,"href":"https:\/\/online-filmkatarzis.com\/kucko\/wp-json\/wp\/v2\/media\/6568"}],"wp:attachment":[{"href":"https:\/\/online-filmkatarzis.com\/kucko\/wp-json\/wp\/v2\/media?parent=6567"}],"wp:term":[{"taxonomy":"category","embeddable":true,"href":"https:\/\/online-filmkatarzis.com\/kucko\/wp-json\/wp\/v2\/categories?post=6567"},{"taxonomy":"post_tag","embeddable":true,"href":"https:\/\/online-filmkatarzis.com\/kucko\/wp-json\/wp\/v2\/tags?post=6567"}],"curies":[{"name":"wp","href":"https:\/\/api.w.org\/{rel}","templated":true}]}}