{"id":6570,"date":"2025-08-27T11:59:53","date_gmt":"2025-08-27T09:59:53","guid":{"rendered":"https:\/\/online-filmkatarzis.com\/kucko\/?p=6570"},"modified":"2025-08-27T11:59:53","modified_gmt":"2025-08-27T09:59:53","slug":"botranyos-eset-tortent-nyiregyhaza-foteren","status":"publish","type":"post","link":"https:\/\/online-filmkatarzis.com\/kucko\/botranyos-eset-tortent-nyiregyhaza-foteren\/","title":{"rendered":"Botr\u00e1nyos eset t\u00f6rt\u00e9nt Ny\u00edregyh\u00e1za f\u0151ter\u00e9n"},"content":{"rendered":"<h3>K\u00e9zm\u0171ves alkot\u00f3 k\u00e9ri a nyilv\u00e1noss\u00e1g seg\u00edts\u00e9g\u00e9t \u2013 ismeretlenek fel\/\u00f6rt\u00e9k a Ny\u00edregyh\u00e1za belv\u00e1ros\u00e1ban, a Kossuth t\u00e9ren elhelyezett egyik fah\u00e1zat, \u00e9s k\u00e9zm\u0171ves term\u00e9keket, szem\u00e9lyes i\/atokat tula\/don\u00edt\/ttak el.<\/h3>\n<h3><span style=\"color: #ff0000;\"><strong>A h\u00edr nem \u00e9rt v\u00e9get! Folytat\u00e1shoz haszn\u00e1ld a K\u00d6VETKEZ\u0150 OLDAL gombot!<\/strong><\/span><\/h3>\n<h3 style=\"text-align: right;\"><a href=\"https:\/\/online-filmkatarzis.com\/kucko\/hirek\/botranyos-eset-tortent-nyiregyhaza-foteren\/\" target=\"_blank\" rel=\"noopener\"><span style=\"color: #ff0000;\">&#8212;&gt;&gt; K\u00d6VETKEZ\u0150 OLDAL<\/span><\/a><\/h3>\n<p>&#8211;<\/p>\n<p>Mivel m\u00e9g nem volt alkalmunk hosszabb id\u0151n kereszt\u00fcl, val\u00f3di k\u00f6z\u00fati forgalomban vezetni az aut\u00f3t, egyel\u0151re k\u00e9nytelenek vagyunk elfogadni a Nissan \u00e1ltal k\u00f6z\u00f6lt adatokat \u00e9s a hivatalos WLTP-tesztek eredm\u00e9nyeit a k\u00e9tf\u00e9le Leaf modell hat\u00f3t\u00e1vols\u00e1g\u00e1t illet\u0151en. Ett\u0151l f\u00fcggetlen\u00fcl az els\u0151 benyom\u00e1sok kifejezetten pozit\u00edvak. Az aut\u00f3 ugyanis m\u00e1r nem egy olyan modellre \u00e9p\u00fcl, amit eredetileg bels\u0151 \u00e9g\u00e9s\u0171 motorral (vagyis benzines vagy d\u00edzel motorral) terveztek, majd elektromoss\u00e1 alak\u00edtottak \u00e1t, mint a kor\u00e1bbi Leaf gener\u00e1ci\u00f3k eset\u00e9ben, hanem egy kifejezetten elektromos meghajt\u00e1sra tervezett platformra. Ez pedig azt eredm\u00e9nyezi, hogy az aut\u00f3 energiahat\u00e9konys\u00e1ga teljesen versenyk\u00e9pes a t\u00f6bbi hasonl\u00f3, tiszt\u00e1n elektromos modellhez k\u00e9pest, \u00e9s m\u00e9g a kor\u00e1bbi Leaf modellekhez k\u00e9pest is javult, m\u00e9g akkor is, ha a r\u00e9gebbi verzi\u00f3k k\u00f6nnyebbek voltak.<\/p>\n<p>Ami az akkumul\u00e1tor \u00e9lettartam\u00e1t illeti, az ilyen t\u00edpus\u00fa m\u0171szaki k\u00e9rd\u00e9sekre ilyenkor, vagyis az aut\u00f3 bevezet\u00e9s\u00e9nek korai szakasz\u00e1ban m\u00e9g nagyon neh\u00e9z biztos v\u00e1laszt adni. Azonban az elektromos aut\u00f3kra jellemz\u0151, szok\u00e1sos akkumul\u00e1tork\u00edm\u00e9l\u0151 szab\u00e1lyok term\u00e9szetesen itt is \u00e9rv\u00e9nyesek. Ilyen p\u00e9ld\u00e1ul, hogy az akkumul\u00e1tort csak akkor t\u00f6ltj\u00fck fel teljesen, azaz 100 sz\u00e1zal\u00e9kra, ha az val\u00f3ban sz\u00fcks\u00e9ges, vagy hogy kihaszn\u00e1ljuk az aut\u00f3 fed\u00e9lzeti navig\u00e1ci\u00f3s rendszer\u00e9t arra, hogy el\u0151re felk\u00e9sz\u00edtse, el\u0151meleg\u00edtse vagy el\u0151h\u0171tse az akkumul\u00e1tort a gyors t\u00f6lt\u00e9s el\u0151tt, ami seg\u00edti az akkumul\u00e1tor \u00e9lettartam\u00e1nak meg\u0151rz\u00e9s\u00e9t. A Nissan hivatalosan azt \u00e1ll\u00edtja, hogy a kisebb, 52 kilowatt\u00f3r\u00e1s akkumul\u00e1tor cs\u00facst\u00f6lt\u00e9si teljes\u00edtm\u00e9nye 105 kilowatt, m\u00edg a nagyobb, 75 kilowatt\u00f3r\u00e1s akkumul\u00e1tor\u00e9 150 kilowatt. Ezek a k\u00fcl\u00f6nbs\u00e9gek a t\u00f6lt\u00e9si sebess\u00e9gekben azt jelentik, hogy mindk\u00e9t modell k\u00e9pes k\u00f6r\u00fclbel\u00fcl 20 sz\u00e1zal\u00e9kr\u00f3l 80 sz\u00e1zal\u00e9kra val\u00f3 felt\u00f6lt\u00e9sre kevesebb mint harminc perc alatt, ami ebben az aut\u00f3oszt\u00e1lyban egy teljesen \u00e1tlagos \u00e9rt\u00e9knek sz\u00e1m\u00edt.<\/p>\n","protected":false},"excerpt":{"rendered":"<p>K\u00e9zm\u0171ves alkot\u00f3 k\u00e9ri a nyilv\u00e1noss\u00e1g seg\u00edts\u00e9g\u00e9t \u2013 ismeretlenek fel\/\u00f6rt\u00e9k a Ny\u00edregyh\u00e1za belv\u00e1ros\u00e1ban, a Kossuth t\u00e9ren elhelyezett egyik fah\u00e1zat, \u00e9s k\u00e9zm\u0171ves term\u00e9keket, szem\u00e9lyes i\/atokat tula\/don\u00edt\/ttak el. A h\u00edr nem \u00e9rt v\u00e9get! Folytat\u00e1shoz haszn\u00e1ld&#8230;<\/p>\n","protected":false},"author":1,"featured_media":6571,"comment_status":"open","ping_status":"open","sticky":false,"template":"","format":"standard","meta":{"footnotes":""},"categories":[2],"tags":[],"class_list":["post-6570","post","type-post","status-publish","format-standard","has-post-thumbnail","hentry","category-altalanos"],"aioseo_notices":[],"_links":{"self":[{"href":"https:\/\/online-filmkatarzis.com\/kucko\/wp-json\/wp\/v2\/posts\/6570","targetHints":{"allow":["GET"]}}],"collection":[{"href":"https:\/\/online-filmkatarzis.com\/kucko\/wp-json\/wp\/v2\/posts"}],"about":[{"href":"https:\/\/online-filmkatarzis.com\/kucko\/wp-json\/wp\/v2\/types\/post"}],"author":[{"embeddable":true,"href":"https:\/\/online-filmkatarzis.com\/kucko\/wp-json\/wp\/v2\/users\/1"}],"replies":[{"embeddable":true,"href":"https:\/\/online-filmkatarzis.com\/kucko\/wp-json\/wp\/v2\/comments?post=6570"}],"version-history":[{"count":1,"href":"https:\/\/online-filmkatarzis.com\/kucko\/wp-json\/wp\/v2\/posts\/6570\/revisions"}],"predecessor-version":[{"id":6572,"href":"https:\/\/online-filmkatarzis.com\/kucko\/wp-json\/wp\/v2\/posts\/6570\/revisions\/6572"}],"wp:featuredmedia":[{"embeddable":true,"href":"https:\/\/online-filmkatarzis.com\/kucko\/wp-json\/wp\/v2\/media\/6571"}],"wp:attachment":[{"href":"https:\/\/online-filmkatarzis.com\/kucko\/wp-json\/wp\/v2\/media?parent=6570"}],"wp:term":[{"taxonomy":"category","embeddable":true,"href":"https:\/\/online-filmkatarzis.com\/kucko\/wp-json\/wp\/v2\/categories?post=6570"},{"taxonomy":"post_tag","embeddable":true,"href":"https:\/\/online-filmkatarzis.com\/kucko\/wp-json\/wp\/v2\/tags?post=6570"}],"curies":[{"name":"wp","href":"https:\/\/api.w.org\/{rel}","templated":true}]}}