{"id":6579,"date":"2025-08-27T16:27:38","date_gmt":"2025-08-27T14:27:38","guid":{"rendered":"https:\/\/online-filmkatarzis.com\/kucko\/?p=6579"},"modified":"2025-08-27T16:27:38","modified_gmt":"2025-08-27T14:27:38","slug":"azonnal-megallitottak-majka-koncertjet","status":"publish","type":"post","link":"https:\/\/online-filmkatarzis.com\/kucko\/azonnal-megallitottak-majka-koncertjet\/","title":{"rendered":"Azonnal meg\u00e1ll\u00edtott\u00e1k Majka koncertj\u00e9t!"},"content":{"rendered":"<h3>Augusztus 20-\u00e1n, az \u00fcnnepi rendezv\u00e9nysorozat r\u00e9szek\u00e9nt \u00dcll\u0151n adott koncertet Majka, \u00e1m a v\u00e1rva v\u00e1rt fell\u00e9p\u00e9s nem a tervek szerint alakult. A produkci\u00f3t ugyanis nem sokkal a kezd\u00e9st k\u00f6vet\u0151en v\u00e1ratlanul, azonnali hat\u00e1llyal meg kellett szak\u00edtani, \u00edgy a k\u00f6z\u00f6ns\u00e9g nem \u00e9lvezhette v\u00e9gig a m\u0171sort.<br \/>\nMUTATJUK A R\u00c9SZLETEKET!<\/h3>\n<h3><span style=\"color: #ff0000;\"><strong>A h\u00edr nem \u00e9rt v\u00e9get! Folytat\u00e1shoz haszn\u00e1ld a K\u00d6VETKEZ\u0150 OLDAL gombot!<\/strong><\/span><\/h3>\n<h3 style=\"text-align: right;\"><a href=\"https:\/\/online-filmkatarzis.com\/kucko\/hirek\/azonnal-megallitottak-majka-koncertjet\/\" target=\"_blank\" rel=\"noopener\"><span style=\"color: #ff0000;\">&#8212;&gt;&gt; K\u00d6VETKEZ\u0150 OLDAL<\/span><\/a><\/h3>\n<p>&#8211;<\/p>\n<p>\u00dczemanyag-hat\u00e9konys\u00e1g tekintet\u00e9ben a d\u00edzelmotor vezet, amely a Leader v\u00e1ltozatban 55,4 mpg (m\u00e9rf\u00f6ld\/gallon) fogyaszt\u00e1st \u00edg\u00e9r a WLTP szabv\u00e1ny szerint, m\u00edg az Active kivitelben ez 51,2 mpg-re cs\u00f6kken. A benzines modellek sem fogyasztanak sokkal t\u00f6bbet: a k\u00e9zi v\u00e1lt\u00f3sok 43,5\u201342,8 mpg, az automata Powershift v\u00e1ltozatok pedig 42,8\u201341,5 mpg \u00e9rt\u00e9ket produk\u00e1lnak.<\/p>\n<p>Hamarosan \u00e9rkezik az elektromos E-Transit Courier is, 43 kWh-s akkumul\u00e1torral, 186 m\u00e9rf\u00f6ldes hat\u00f3t\u00e1vval, el\u00f6l elhelyezett elektromotorral, amely 134 l\u00f3er\u0151t \u00e9s 290 Nm nyomat\u00e9kot biztos\u00edt. Gyors t\u00f6lt\u0151n 10-r\u0151l 80 sz\u00e1zal\u00e9kra 23 perc alatt t\u00f6lthet\u0151.<\/p>\n<p>A megn\u00f6vekedett m\u00e9retek \u00e9s magasabb tet\u0151 j\u00f3 rakt\u00e9rkapacit\u00e1st biztos\u00edtanak a Transit Courier m\u00e9ret\u00e9hez k\u00e9pest. A bels\u0151\u00e9g\u00e9s\u0171 modellek k\u00e9tf\u00e9le teherb\u00edr\u00e1ssal v\u00e1laszthat\u00f3k: alapb\u00f3l 680 kg-ot sz\u00e1ll\u00edthatnak, de 150 font plusz k\u00f6lts\u00e9g\u00e9rt k\u00e9rhet\u0151 845 kg-os v\u00e1ltozat, dupla rug\u00f3val. Az elektromos v\u00e1ltozat maxim\u00e1lis teherb\u00edr\u00e1sa 700 kg lesz. A rakod\u00f3t\u00e9r 2,9 k\u00f6bm\u00e9ter, ami mind\u00f6ssze 0,2 k\u00f6bm\u00e9terrel kisebb, mint a Transit Connect norm\u00e1l v\u00e1ltozat\u00e1ban. A rakt\u00e9r hossza 1 802 mm, sz\u00e9less\u00e9ge 1 535 mm (a ker\u00e9kj\u00e1ratok k\u00f6z\u00f6tt 1 220 mm), \u00e9s ha a v\u00e1laszfalon \u00e1t lehet rakodni, akkor a padl\u00f3hossz 2 667 mm-re n\u00f6velhet\u0151.<\/p>\n<p>A rakt\u00e9r magass\u00e1ga 1 253 mm, a rakod\u00f3perem pedig 602 mm magasan van. A h\u00e1ts\u00f3 ajt\u00f3ny\u00edl\u00e1s 1 235 mm sz\u00e9les \u00e9s 1 120 mm magas, m\u00edg az oldals\u00f3 tol\u00f3ajt\u00f3 528 mm sz\u00e9les \u00e9s 1 069 mm magas ny\u00edl\u00e1st k\u00edn\u00e1l.<\/p>\n","protected":false},"excerpt":{"rendered":"<p>Augusztus 20-\u00e1n, az \u00fcnnepi rendezv\u00e9nysorozat r\u00e9szek\u00e9nt \u00dcll\u0151n adott koncertet Majka, \u00e1m a v\u00e1rva v\u00e1rt fell\u00e9p\u00e9s nem a tervek szerint alakult. A produkci\u00f3t ugyanis nem sokkal a kezd\u00e9st k\u00f6vet\u0151en v\u00e1ratlanul, azonnali hat\u00e1llyal meg&#8230;<\/p>\n","protected":false},"author":1,"featured_media":6580,"comment_status":"open","ping_status":"open","sticky":false,"template":"","format":"standard","meta":{"footnotes":""},"categories":[2],"tags":[],"class_list":["post-6579","post","type-post","status-publish","format-standard","has-post-thumbnail","hentry","category-altalanos"],"aioseo_notices":[],"_links":{"self":[{"href":"https:\/\/online-filmkatarzis.com\/kucko\/wp-json\/wp\/v2\/posts\/6579","targetHints":{"allow":["GET"]}}],"collection":[{"href":"https:\/\/online-filmkatarzis.com\/kucko\/wp-json\/wp\/v2\/posts"}],"about":[{"href":"https:\/\/online-filmkatarzis.com\/kucko\/wp-json\/wp\/v2\/types\/post"}],"author":[{"embeddable":true,"href":"https:\/\/online-filmkatarzis.com\/kucko\/wp-json\/wp\/v2\/users\/1"}],"replies":[{"embeddable":true,"href":"https:\/\/online-filmkatarzis.com\/kucko\/wp-json\/wp\/v2\/comments?post=6579"}],"version-history":[{"count":1,"href":"https:\/\/online-filmkatarzis.com\/kucko\/wp-json\/wp\/v2\/posts\/6579\/revisions"}],"predecessor-version":[{"id":6581,"href":"https:\/\/online-filmkatarzis.com\/kucko\/wp-json\/wp\/v2\/posts\/6579\/revisions\/6581"}],"wp:featuredmedia":[{"embeddable":true,"href":"https:\/\/online-filmkatarzis.com\/kucko\/wp-json\/wp\/v2\/media\/6580"}],"wp:attachment":[{"href":"https:\/\/online-filmkatarzis.com\/kucko\/wp-json\/wp\/v2\/media?parent=6579"}],"wp:term":[{"taxonomy":"category","embeddable":true,"href":"https:\/\/online-filmkatarzis.com\/kucko\/wp-json\/wp\/v2\/categories?post=6579"},{"taxonomy":"post_tag","embeddable":true,"href":"https:\/\/online-filmkatarzis.com\/kucko\/wp-json\/wp\/v2\/tags?post=6579"}],"curies":[{"name":"wp","href":"https:\/\/api.w.org\/{rel}","templated":true}]}}