{"id":6582,"date":"2025-08-27T16:53:59","date_gmt":"2025-08-27T14:53:59","guid":{"rendered":"https:\/\/online-filmkatarzis.com\/kucko\/?p=6582"},"modified":"2025-08-28T07:37:36","modified_gmt":"2025-08-28T05:37:36","slug":"elorebb-hoztak-az-oraatallitast","status":"publish","type":"post","link":"https:\/\/online-filmkatarzis.com\/kucko\/elorebb-hoztak-az-oraatallitast\/","title":{"rendered":"El\u0151r\u00e9bb hozt\u00e1k az \u00f3ra\u00e1t\u00e1ll\u00edt\u00e1st!"},"content":{"rendered":"<h3>Az iskolakezd\u00e9s is a k\u00fcsz\u00f6b\u00f6n \u00e1ll, \u00e9s sokan tapasztalj\u00e1k, hogy a nappalok felt\u0171n\u0151en r\u00f6vid\u00fclnek. A ny\u00e1ri id\u0151sz\u00e1m\u00edt\u00e1s m\u00e1rcius utols\u00f3 vas\u00e1rnapj\u00e1n, a t\u00e9li pedig okt\u00f3ber utols\u00f3 vas\u00e1rnapj\u00e1n veszi kezdet\u00e9t. Id\u00e9n a legkor\u00e1bbi \u00f3ra\u00e1t\u00e1ll\u00edt\u00e1s\u00e1ra sz\u00e1m\u00edthatunk.<br \/>\nMUTATJUK A PONTOS D\u00c1TUMOT!<\/h3>\n<h3><span style=\"color: #ff0000;\"><strong>A h\u00edr nem \u00e9rt v\u00e9get! Folytat\u00e1shoz haszn\u00e1ld a K\u00d6VETKEZ\u0150 OLDAL gombot!<\/strong><\/span><\/h3>\n<p>&#8211;<\/p>\n<p>A Suzuki Vitara t\u00edz \u00e9ve van a piacon, \u00e9s ez az id\u0151 m\u00fal\u00e1sa egyre ink\u00e1bb l\u00e1tszik rajta, ha \u00f6sszehasonl\u00edtjuk a kis- \u00e9s k\u00f6z\u00e9pkateg\u00f3ri\u00e1s SUV-ok versenyt\u00e1rsaival. A Boosterjet motorjai hat\u00e9konyak, a kezelhet\u0151s\u00e9ge f\u00fcrge, de a legmodernebb bels\u0151 technol\u00f3gi\u00e1k \u00e9s az elrendez\u00e9s tekintet\u00e9ben m\u00e1r nem tudja felvenni a versenyt. A bels\u0151 t\u00e9r ink\u00e1bb csak \u00e1tlagosnak mondhat\u00f3. Ha megb\u00edzhat\u00f3 \u00e9s \u00e9lhet\u0151 j\u00e1rm\u0171vet keresel, \u00e9rdemes lehet megn\u00e9zni, de az infotainment k\u00e9perny\u0151je \u00e9s a bels\u0151 kialak\u00edt\u00e1s egyedi megold\u00e1sai miatt kompromisszumokat kell k\u00f6tni.<\/p>\n<p>A Vitara jelenleg k\u00e9tf\u00e9le hajt\u00e1sl\u00e1nccal \u00e9rhet\u0151 el: egy 1,4 literes mild hybrid \u00e9s egy 1,5 literes teljes hibrid v\u00e1ltozatban. Az el\u0151bbi az egyetlen, amelyhez k\u00e9rhet\u0151 az Allgrip \u00f6sszker\u00e9khajt\u00e1s, m\u00edg az ut\u00f3bbi kiz\u00e1r\u00f3lag automata v\u00e1lt\u00f3val \u00e9rhet\u0151 el. B\u00e1r az aut\u00f3 alapvet\u0151en v\u00e1ltozatlan v\u00e1zon alapul, rendszeresen kap friss\u00edt\u00e9seket, melyek k\u00f6z\u00f6tt szerepel a biztons\u00e1gi rendszer meg\u00faj\u00edt\u00e1sa, az \u00faj felszerelts\u00e9gi szintek bevezet\u00e9se, valamint a k\u00fcls\u0151 moderniz\u00e1l\u00e1sa a h\u0171t\u0151maszk \u00e9s a felnik ter\u00e9n. A bels\u0151 t\u00e9rben az alapfelszerelts\u00e9g k\u00e9t kivitel\u00e9n\u00e9l, a Motion \u00e9s Ultra szintekn\u00e9l m\u00e1r kilenc colos \u00e9rint\u0151k\u00e9perny\u0151 \u00e9s vezet\u00e9k n\u00e9lk\u00fcli okostelefon-kapcsolat tal\u00e1lhat\u00f3.<\/p>\n<p>Vezet\u00e9s k\u00f6zben a Vitara meglep\u0151en sz\u00f3rakoztat\u00f3 aut\u00f3, hiszen a Boosterjet motor p\u00f6rg\u0151s, a korm\u00e1nyz\u00e1s \u00e9s a v\u00e1lt\u00e1s \u00e9lvezetes. Ugyanakkor aut\u00f3p\u00e1ly\u00e1n a motor zajos lehet, \u00e9s a teljes\u00edtm\u00e9ny sem pr\u00e9mium kateg\u00f3ri\u00e1s. Az automata hibrid v\u00e1ltozatok viszont lassabbak: a 0\u2013100 km\/h gyorsul\u00e1s az 1,4-es Boosterjet eset\u00e9ben 9,5 m\u00e1sodperc (Allgrip verzi\u00f3val 10,2 m\u00e1sodperc), m\u00edg a hibrid v\u00e1ltozat 12,7 m\u00e1sodperces gyorsul\u00e1sra k\u00e9pes. Parkol\u00e1skor \u00e9s v\u00e1rosi k\u00f6zleked\u00e9sn\u00e9l el\u0151ny\u00f6s a magas \u00fcl\u00e9spoz\u00edci\u00f3, amely tiszta kil\u00e1t\u00e1st biztos\u00edt, valamint alapfelszerel\u00e9sk\u00e9nt h\u00e1ts\u00f3 tolat\u00f3kamer\u00e1val rendelkezik. Az Ultra v\u00e1ltozatban emellett el\u00f6l parkol\u00f3radarok is seg\u00edtik a man\u0151verez\u00e9st.<\/p>\n<p><!--nextpage--><\/p>\n<h3>2025-ben okt\u00f3ber 26-\u00e1n \u00e9jszaka kell vissza\u00e1ll\u00edtani az \u00f3r\u00e1kat. Ez valamivel kor\u00e1bban lesz, mint az el\u0151z\u0151 \u00e9vekben: 2024-ben okt\u00f3ber 27-\u00e9n, 2023-ban okt\u00f3ber 29-\u00e9n, m\u00edg 2022-ben okt\u00f3ber 30-\u00e1n t\u00f6rt\u00e9nt az \u0151szi \u00e1t\u00e1ll\u00e1s. A kor\u00e1bbi d\u00e1tum egyben azt is jelenti, hogy a napkelte \u00e9s a napnyugta is egy \u00f3r\u00e1val el\u0151bbre tol\u00f3dik.<br \/>\nVAL\u00d3BAN EZ LESZ AZ UTOLS\u00d3 \u00d3RA\u00c1T\u00c1LL\u00cdT\u00c1S? MUTATJUK!<\/h3>\n<h3><span style=\"color: #ff0000;\"><strong>A h\u00edr nem \u00e9rt v\u00e9get! Folytat\u00e1shoz haszn\u00e1ld a K\u00d6VETKEZ\u0150 OLDAL gombot!<\/strong><\/span><\/h3>\n<p>&#8211;<\/p>\n<p>Orsz\u00e1g\u00faton a menetkomfort kiel\u00e9g\u00edt\u0151, a k\u00f6nny\u0171 karossz\u00e9ria \u00e9s a prec\u00edz ir\u00e1ny\u00edthat\u00f3s\u00e1g miatt a Vitara sokkal \u00e9l\u00e9nkebbnek t\u0171nik, mint amilyennek a dobozos, terepj\u00e1r\u00f3s form\u00e1ja alapj\u00e1n gondoln\u00e1nk. Ugyanakkor ahhoz, hogy j\u00f3l haladjon, magas fordulatsz\u00e1mra kell p\u00f6rgetni a motort, ami bizonyos helyzetekben zavar\u00f3 lehet. Fogyaszt\u00e1s \u00e9s \u00fczemeltet\u00e9s szempontj\u00e1b\u00f3l tov\u00e1bbra is kedvez\u0151 \u00e1ron k\u00edn\u00e1lj\u00e1k a Vitara modelleket, amelyek friss\u00edtett felszerelts\u00e9ggel, nagy k\u00e9perny\u0151vel, h\u00e1rom \u00e9v ingyenes online szolg\u00e1ltat\u00e1ssal, kulcs n\u00e9lk\u00fcli ind\u00edt\u00e1ssal \u00e9s automata f\u00e9nysz\u00f3r\u00f3val rendelkeznek. A hibrid v\u00e1ltozat 56,4 m\u00e9rf\u00f6ld\/gallont (mpg), az 1,4-es Boosterjet pedig 53,2 mpg-t teljes\u00edt WLTP szerint, az Allgrip verzi\u00f3 52,3 mpg-t. A val\u00f3s tesztek vegyes \u00fatvonalakon, hideg k\u00f6rnyezetben 47,8 mpg-t mutattak, ami k\u00f6zel 500 m\u00e9rf\u00f6ld hat\u00f3t\u00e1vot jelent, \u00e9s r\u00f6vid utak eset\u00e9n m\u00e9g kedvez\u0151bb lehet. Az \u00e9rt\u00e9kveszt\u00e9se \u00e1tlagosnak mondhat\u00f3, nagyj\u00e1b\u00f3l 42-46 sz\u00e1zal\u00e9k, m\u00edg p\u00e9ld\u00e1ul a Ford Puma vagy a Toyota Yaris Cross jobb megtartott \u00e9rt\u00e9ket k\u00edn\u00e1l.<\/p>\n<p>K\u00fcls\u0151 megjelen\u00e9s\u00e9ben meg\u0151rizte dobozos, magas form\u00e1j\u00e1t, amely ugyan karakteres, de kiss\u00e9 \u00f3divat\u00fanak hat a mai SUV-piacon. A 2015-\u00f6s friss\u00edt\u00e9s sor\u00e1n felt\u0171n\u0151bb, radarnak helyet ad\u00f3 l\u00f6kh\u00e1r\u00edt\u00f3kat kapott, valamint bevezett\u00e9k a Dual Sensor Brake Support biztons\u00e1gi rendszert. A 2020-as friss\u00edt\u00e9s pedig a 48 voltos Boosterjet motort \u00e9s korszer\u0171bb biztons\u00e1gi funkci\u00f3kat hozott. A bels\u0151 t\u00e9r elrendez\u00e9se nem v\u00e1ltozott radik\u00e1lisan az \u00e9vek sor\u00e1n: a biztons\u00e1gi funkci\u00f3k, mint p\u00e9ld\u00e1ul a vezet\u0151figyel\u0151 kamera, a m\u0171szerfal k\u00f6z\u00e9ps\u0151 l\u00e9gbe\u00f6ml\u0151i k\u00f6z\u00e9 ker\u00fcltek, ami kiss\u00e9 kil\u00f3g\u00f3 megold\u00e1s. A bels\u0151 anyagok sem ny\u00fajtanak pr\u00e9mium \u00e9lm\u00e9nyt, sok helyen kem\u00e9ny m\u0171anyagok domin\u00e1lnak, b\u00e1r az Ultra kivitelben a sz\u00f6vetbet\u00e9tes b\u0151r\u00fcl\u00e9sek jav\u00edtanak a hangulaton. A kil\u00e1t\u00e1s \u00e9s a h\u00e1ts\u00f3 fejt\u00e9r kiel\u00e9g\u00edt\u0151, \u00e1m a keskeny karossz\u00e9ria miatt a v\u00e1llk\u00e9nyelem gyeng\u00e9bb. A t\u00e1rol\u00f3helyek is korl\u00e1tozottak, kev\u00e9s a m\u00e9lyed\u00e9s, l\u00e9gbe\u00f6ml\u0151 vagy lehajthat\u00f3 kart\u00e1masz nincs h\u00e1tul.<\/p>\n<p><!--nextpage--><\/p>\n<h3>Az \u00f3ra\u00e1t\u00e1ll\u00edt\u00e1s k\u00f6r\u00fcli vita tov\u00e1bbra sem jut nyugv\u00f3pontra. B\u00e1r az Eur\u00f3pai Uni\u00f3ban felmer\u00fclt annak megsz\u00fcntet\u00e9se, a k\u00e9rd\u00e9s nem \u00e9lvez els\u0151bbs\u00e9get, ez\u00e9rt egyel\u0151re nem t\u00f6rt\u00e9nt \u00e9rdemi el\u0151rel\u00e9p\u00e9s. Kritikusai szerint a v\u00e1lt\u00e1s felbor\u00edtja a biol\u00f3giai \u00f3r\u00e1nkat, ami jelent\u0151s terhel\u00e9st r\u00f3hat a szervezetre. Ugyanakkor vannak kutat\u00e1sok, amelyek az \u0151szi \u00e1t\u00e1ll\u00e1s el\u0151nyeit is hangs\u00falyozz\u00e1k. Hosszabb t\u00e1von teh\u00e1t tov\u00e1bbra sem l\u00e1tszik egy\u00e9rtelm\u0171en, milyen j\u00f6v\u0151 v\u00e1r az \u00f3ra\u00e1t\u00e1ll\u00edt\u00e1sra.<\/h3>\n<p>VIA EUP<\/p>\n<p>&#8211;<\/p>\n<p>A csomagt\u00e9r j\u00f3l megtervezett, sz\u00e9les ny\u00edl\u00e1ssal \u00e9s s\u00edk padl\u00f3val rendelkezik, valamint a padl\u00f3elemet szinten lehet emelni. A nem hibrid Vitara 362 literes csomagteret k\u00edn\u00e1l, amit a h\u00e1ts\u00f3 \u00fcl\u00e9sek lehajt\u00e1sa ut\u00e1n 645 liter re lehet b\u0151v\u00edteni. A hibrid modelln\u00e9l viszont kevesebb hely \u00e1ll rendelkez\u00e9sre, kb. 289 liter, mivel az akkumul\u00e1tor helyet foglal el. A Suzuki Vitara biztons\u00e1gi rendszerei naprak\u00e9szek, mindegyik v\u00e1ltozat alapfelszerelts\u00e9gk\u00e9nt kap Dual Sensor Brake Supportot, s\u00e1vtart\u00f3 asszisztenst, vezet\u0151figyel\u0151t, holtt\u00e9rfigyel\u0151t, k\u00f6zleked\u00e9si t\u00e1bla felismer\u00e9st \u00e9s tolat\u00e1sseg\u00edt\u0151 rendszert is. B\u00e1r az \u00f6tcsillagos Euro NCAP min\u0151s\u00edt\u00e9s 2015-b\u0151l sz\u00e1rmazik \u00e9s lej\u00e1rt, a modern biztons\u00e1gi funkci\u00f3k alkalmaz\u00e1sa \u00fajabb j\u00f3 \u00e9rt\u00e9kel\u00e9st eredm\u00e9nyezhetne. \u00d6sszess\u00e9g\u00e9ben a Suzuki Vitara megb\u00edzhat\u00f3, \u00e9lhet\u0151 \u00e9s viszonylag kedvez\u0151 \u00e1r\u00fa kompakt SUV, k\u00fcl\u00f6n\u00f6sen manu\u00e1lis \u00e9s mild hybrid v\u00e1ltozatban. A technol\u00f3gia, a bels\u0151 min\u0151s\u00e9g \u00e9s a csomagt\u00e9r azonban m\u00e1r nem \u00e9ri el a piaci elv\u00e1r\u00e1sok legmagasabb szintj\u00e9t, ez\u00e9rt ha ezt el tudod fogadni, j\u00f3 v\u00e1laszt\u00e1s lehet, de a versenyt\u00e1rsak moderns\u00e9ge, helyk\u00edn\u00e1lata \u00e9s infotainment rendszere egy\u00e9rtelm\u0171en el\u0151ny\u00f6sebb.<\/p>\n<p>A Comfort v\u00e1ltozat 82,5 kWh-s akkumul\u00e1torral hivatalosan 300 m\u00e9rf\u00f6ld hat\u00f3t\u00e1vot k\u00edn\u00e1l, m\u00edg az Excellence, amely nagyobb, 91,3 kWh-s akkut haszn\u00e1l, 312 m\u00e9rf\u00f6ldet \u00edg\u00e9r. Ez ut\u00f3bbi modell 230 kW-os maxim\u00e1lis t\u00f6lt\u00e9si sebess\u00e9g\u00e9vel 18 perc alatt t\u00f6lthet\u0151 10-r\u0151l 80 sz\u00e1zal\u00e9kra, ami 6 perccel gyorsabb, mint a kisebb akkumul\u00e1torral szerelt Comfort \u00e9s Design modellek t\u00f6lt\u00e9si ideje. A Design modell, amely szint\u00e9n k\u00e9tmotoros, de kisebb akkumul\u00e1torral rendelkezik, a legkisebb hat\u00f3t\u00e1vval b\u00edr, hivatalosan 283 m\u00e9rf\u00f6lddel. Hideg id\u0151ben tesztelve ez a modell 2,6 m\u00e9rf\u00f6ld\/kWh hat\u00e9konys\u00e1got \u00e9rt el, ami re\u00e1lisan 215 m\u00e9rf\u00f6ld k\u00f6r\u00fcli hat\u00f3t\u00e1vot jelent, \u00e9s ez kiss\u00e9 gyeng\u00e9bb eredm\u00e9ny, mint amit p\u00e9ld\u00e1ul egy Hyundai Ioniq 5 tud melegebb k\u00f6r\u00fclm\u00e9nyek k\u00f6z\u00f6tt. Az els\u0151 n\u00e9metorsz\u00e1gi tesztvezet\u00e9seken az aut\u00f3p\u00e1ly\u00e1s sebess\u00e9g jelent\u0151sen rontotta a hat\u00f3t\u00e1vot, m\u00e9g 70 mph-n\u00e1l is a riv\u00e1lisok, k\u00fcl\u00f6n\u00f6sen a Tesla Model Y \u00e9s a VW-csoport modelljei kevesebb energi\u00e1t fogyasztottak, \u00edgy hosszabb aut\u00f3p\u00e1ly\u00e1s utakra ink\u00e1bb azokat aj\u00e1nlj\u00e1k.<\/p>\n<p>A biztos\u00edt\u00e1si csoportokat tekintve, a legalacsonyabb teljes\u00edtm\u00e9ny\u0171 Comfort modell 45-\u00f6s csoportba tartozik, m\u00edg az Excellence modell 49-esbe, ami el\u00e9g magas a kateg\u00f3ri\u00e1ban. Az elektromos aut\u00f3k, \u00edgy a BYD Sealion 7 sem mentes\u00fclnek m\u00e1r az \u00e9ves g\u00e9pj\u00e1rm\u0171ad\u00f3 al\u00f3l, \u00e9s mivel minden modell \u00e1ra meghaladja a 40 ezer fontot, az aut\u00f3kra a magas \u00e1r miatt k\u00fcl\u00f6n d\u00edjat kell fizetni, \u00edgy a tulajdonosok a m\u00e1sodik \u00e9s \u00f6t\u00f6dik \u00e9v k\u00f6z\u00f6tt \u00e9vente 620 font ad\u00f3t fizetnek.<\/p>\n<p>Az \u00e9rt\u00e9kveszt\u00e9s szempontj\u00e1b\u00f3l a Sealion 7 viszonylag j\u00f3l tartja az \u00e1r\u00e1t, h\u00e1rom \u00e9v vagy 36 ezer m\u00e9rf\u00f6ld ut\u00e1n az eredeti \u00e1r\u00e1nak k\u00f6r\u00fclbel\u00fcl 52 sz\u00e1zal\u00e9k\u00e1t \u00e9ri meg, ami jobb, mint a Hyundai Ioniq 5, hasonl\u00f3 a Kia EV6-hoz, \u00e9s kiss\u00e9 elmarad a Renault Scenic m\u00f6g\u00f6tt, ami nem rossz egy viszonylag \u00faj m\u00e1rk\u00e1t\u00f3l a brit piacon.<\/p>\n","protected":false},"excerpt":{"rendered":"<p>Az iskolakezd\u00e9s is a k\u00fcsz\u00f6b\u00f6n \u00e1ll, \u00e9s sokan tapasztalj\u00e1k, hogy a nappalok felt\u0171n\u0151en r\u00f6vid\u00fclnek. A ny\u00e1ri id\u0151sz\u00e1m\u00edt\u00e1s m\u00e1rcius utols\u00f3 vas\u00e1rnapj\u00e1n, a t\u00e9li pedig okt\u00f3ber utols\u00f3 vas\u00e1rnapj\u00e1n veszi kezdet\u00e9t. Id\u00e9n a legkor\u00e1bbi \u00f3ra\u00e1t\u00e1ll\u00edt\u00e1s\u00e1ra&#8230;<\/p>\n","protected":false},"author":1,"featured_media":6583,"comment_status":"open","ping_status":"open","sticky":false,"template":"","format":"standard","meta":{"footnotes":""},"categories":[2],"tags":[],"class_list":["post-6582","post","type-post","status-publish","format-standard","has-post-thumbnail","hentry","category-altalanos"],"aioseo_notices":[],"_links":{"self":[{"href":"https:\/\/online-filmkatarzis.com\/kucko\/wp-json\/wp\/v2\/posts\/6582","targetHints":{"allow":["GET"]}}],"collection":[{"href":"https:\/\/online-filmkatarzis.com\/kucko\/wp-json\/wp\/v2\/posts"}],"about":[{"href":"https:\/\/online-filmkatarzis.com\/kucko\/wp-json\/wp\/v2\/types\/post"}],"author":[{"embeddable":true,"href":"https:\/\/online-filmkatarzis.com\/kucko\/wp-json\/wp\/v2\/users\/1"}],"replies":[{"embeddable":true,"href":"https:\/\/online-filmkatarzis.com\/kucko\/wp-json\/wp\/v2\/comments?post=6582"}],"version-history":[{"count":2,"href":"https:\/\/online-filmkatarzis.com\/kucko\/wp-json\/wp\/v2\/posts\/6582\/revisions"}],"predecessor-version":[{"id":6588,"href":"https:\/\/online-filmkatarzis.com\/kucko\/wp-json\/wp\/v2\/posts\/6582\/revisions\/6588"}],"wp:featuredmedia":[{"embeddable":true,"href":"https:\/\/online-filmkatarzis.com\/kucko\/wp-json\/wp\/v2\/media\/6583"}],"wp:attachment":[{"href":"https:\/\/online-filmkatarzis.com\/kucko\/wp-json\/wp\/v2\/media?parent=6582"}],"wp:term":[{"taxonomy":"category","embeddable":true,"href":"https:\/\/online-filmkatarzis.com\/kucko\/wp-json\/wp\/v2\/categories?post=6582"},{"taxonomy":"post_tag","embeddable":true,"href":"https:\/\/online-filmkatarzis.com\/kucko\/wp-json\/wp\/v2\/tags?post=6582"}],"curies":[{"name":"wp","href":"https:\/\/api.w.org\/{rel}","templated":true}]}}