{"id":6620,"date":"2025-08-29T15:37:30","date_gmt":"2025-08-29T13:37:30","guid":{"rendered":"https:\/\/online-filmkatarzis.com\/kucko\/?p=6620"},"modified":"2025-08-30T10:43:15","modified_gmt":"2025-08-30T08:43:15","slug":"mar-csont-es-bor-volt-pasztor-erzsi","status":"publish","type":"post","link":"https:\/\/online-filmkatarzis.com\/kucko\/mar-csont-es-bor-volt-pasztor-erzsi\/","title":{"rendered":"M\u00e1r csont \u00e9s b\u0151r volt P\u00e1sztor Erzsi!"},"content":{"rendered":"<h3>Aggaszt\u00f3 h\u00edrek \u00e9rkeztek az orsz\u00e1g Janka n\u00e9nij\u00e9r\u0151l, aki ism\u00e9t k\u00f3rh\u00e1zba ker\u00fclt. A Kossuth- \u00e9s J\u00e1szai Mari-d\u00edjas sz\u00edn\u00e9szn\u0151 kor\u00e1bban sikeresen legy\u0151zte a r\u00e1kot, \u00e9s az elm\u00falt \u00e9vekben mindig azt hangs\u00falyozta, hogy kiv\u00e1l\u00f3an \u00e9rzi mag\u00e1t. \u00c9ppen ez\u00e9rt \u00e9rte v\u00e1ratlanul \u00e9s d\u00f6bbenten a rajong\u00f3kat a mostani h\u00edr.<br \/>\nMUTATJUK!<\/h3>\n<h3><span style=\"color: #ff0000;\"><strong>A h\u00edr nem \u00e9rt v\u00e9get! Folytat\u00e1shoz haszn\u00e1ld a K\u00d6VETKEZ\u0150 OLDAL gombot!<\/strong><\/span><\/h3>\n<p>&#8211;<\/p>\n<p>A Sport \u00e9rt\u00e9ktart\u00e1sa kiemelked\u0151: a becsl\u00e9sek szerint h\u00e1rom \u00e9v vagy 58 000 kilom\u00e9ter ut\u00e1n az aut\u00f3 \u00e9rt\u00e9k\u00e9nek 56-61%-\u00e1t \u0151rzi meg, ami jobb, mint az Audi Q7 eset\u00e9ben. A leg\u00e9rt\u00e9k\u00e1ll\u00f3bb modell a P460e Dynamic SE, m\u00edg a D350 Autobiography a legkev\u00e9sb\u00e9 tartja j\u00f3l az \u00e9rt\u00e9k\u00e9t.<\/p>\n<p>A k\u00fcls\u0151 diz\u00e1jn letisztult, modern, evol\u00faci\u00f3s fejl\u0151d\u00e9st mutat az el\u0151z\u0151 gener\u00e1ci\u00f3khoz k\u00e9pest, ami f\u0151leg azoknak lehet vonz\u00f3, akik kor\u00e1bbi Range Rover Sport modellekr\u0151l v\u00e1ltan\u00e1nak. A f\u00e9nyez\u00e9sek sz\u00e9les palett\u00e1ja el\u00e9rhet\u0151, az alap\u00e1ras Fuji White-t\u00f3l kezdve a 900 fontos met\u00e1lf\u00e9nyez\u00e9seken \u00e1t, eg\u00e9szen a 8-10 ezer fontos ultra-met\u00e1l vagy szat\u00e9n \u00e1rnyalatokig.<\/p>\n<p>Az utast\u00e9r t\u00e1gas \u00e9s luxus \u00e9rzetet kelt, de a kor\u00e1bbi modellek egyes praktikus megold\u00e1sai \u2013 p\u00e9ld\u00e1ul a m\u00e1sodik k\u00e9perny\u0151, illetve a fizikai kl\u00edmavez\u00e9rl\u0151k \u2013 sajnos elt\u0171ntek, helyett\u00fck mindent az \u00e9rint\u0151k\u00e9perny\u0151n kell kezelni, ami kev\u00e9sb\u00e9 felhaszn\u00e1l\u00f3bar\u00e1t. A 13,1 colos f\u0151 kijelz\u0151 viszont nagy felbont\u00e1s\u00fa \u00e9s gyors, a Meridian hangrendszer pedig m\u00e1r az alapv\u00e1ltozatban is kiv\u00e1l\u00f3. A navig\u00e1ci\u00f3 viszont nem a leggyorsabb, \u00edgy \u00e9rdemesebb Apple CarPlay vagy Android Auto haszn\u00e1lat\u00e1val navig\u00e1lni.<\/p>\n<p>A helyk\u00edn\u00e1lat el\u00f6l b\u0151s\u00e9ges, a vezet\u0151\u00fcl\u00e9s 12 ir\u00e1nyban \u00e1ll\u00edthat\u00f3, m\u00edg magasabb felszerelts\u00e9gekn\u00e9l 20 vagy 22 ir\u00e1ny\u00fa, f\u0171thet\u0151 \u00e9s massz\u00e1zsfunkci\u00f3val ell\u00e1tott \u00fcl\u00e9sek is el\u00e9rhet\u0151k. H\u00e1tul is k\u00e9nyelmes az utaz\u00e1s, de riv\u00e1lisok, p\u00e9ld\u00e1ul az Audi Q7 t\u00f6bb l\u00e1b- \u00e9s fejt\u00e9rrel rendelkezik. A csomagt\u00e9r 647 liternyi alapt\u00e9rfogatot k\u00edn\u00e1l, amit az \u00fcl\u00e9sek lehajt\u00e1s\u00e1val 1 491 literre lehet n\u00f6velni, \u00e9s minden v\u00e1ltozat \u2013 bele\u00e9rtve a plug-in hibridet is \u2013 k\u00e9pes megtartani a p\u00f3tker\u00e9k sz\u00e1m\u00e1ra sz\u00fcks\u00e9ges helyet.<\/p>\n<p><!--nextpage--><\/p>\n<h3>A sz\u00edn\u00e9szn\u0151 meger\u0151s\u00edtette, hogy a Honv\u00e9dk\u00f3rh\u00e1zban kezelt\u00e9k, ahol inf\u00fazi\u00f3s ter\u00e1pi\u00e1t is kapott.<br \/>\n\u201eMost m\u00e1r otthon vagyok, egy kis id\u0151re van sz\u00fcks\u00e9gem, hogy \u00f6sszeszedjem magam. Nagyon legyeng\u00fcltem a vashi\u00e1ny, a vitaminhi\u00e1ny \u00e9s t\u00f6bb, korral j\u00e1r\u00f3 betegs\u00e9g miatt. Sok s\u00falyt is vesztettem\u201d \u2013 \u00e1rulta el a T\u00e9nyeknek a hamarosan 89. sz\u00fclet\u00e9snapj\u00e1t \u00fcnnepl\u0151 m\u0171v\u00e9szn\u0151.<br \/>\nEZ\u00c9RT KER\u00dcLT K\u00d3RH\u00c1ZBA!<\/h3>\n<h3><span style=\"color: #ff0000;\"><strong>A h\u00edr nem \u00e9rt v\u00e9get! Folytat\u00e1shoz haszn\u00e1ld a K\u00d6VETKEZ\u0150 OLDAL gombot!<\/strong><\/span><\/h3>\n<p>&#8211;<\/p>\n<p>Az orsz\u00e1gutakon a Dynamic \u00fczemm\u00f3d seg\u00edts\u00e9g\u00e9vel feszesebb fut\u00f3m\u0171be\u00e1ll\u00edt\u00e1sokat kapunk, \u00e9s b\u00e1r a karossz\u00e9riad\u0151l\u00e9s a nagy m\u00e9ret miatt jelent\u0151s, az aut\u00f3 stabilit\u00e1sa \u00edgy is meggy\u0151z\u0151. Az alapb\u00f3l j\u00e1r\u00f3 l\u00e9grug\u00f3z\u00e1s j\u00f3l kisim\u00edtja az \u00fathib\u00e1kat, b\u00e1r a nagyobb kerekek kem\u00e9nyebben k\u00f6zvet\u00edtik az \u00fct\u00e9seket. Aut\u00f3p\u00e1ly\u00e1n a Range Rover rendk\u00edv\u00fcl csendes, minim\u00e1lis g\u00f6rd\u00fcl\u00e9si \u00e9s motorzajjal. Az extra lamin\u00e1lt \u00fcvegez\u00e9s n\u00e9lk\u00fcl azonban a menetsz\u00e9l kiss\u00e9 zavar\u00f3 lehet, \u00edgy \u00e9rdemes ezt a t\u00e9telt kipip\u00e1lni a konfigur\u00e1torban.<\/p>\n<p>\u00dczemanyagk\u00f6lts\u00e9g \u00e9s fenntart\u00e1s szempontj\u00e1b\u00f3l a Range Rover nem lesz olcs\u00f3, de a magas maradv\u00e1ny\u00e9rt\u00e9kek \u00e9s a hat\u00e9kony d\u00edzel, illetve plug-in hibrid motorok enyh\u00edtik a k\u00f6lts\u00e9geket. A plug-in hibridek vonz\u00f3 BIK-ad\u00f3z\u00e1st k\u00edn\u00e1lnak c\u00e9ges v\u00e1s\u00e1rl\u00f3k sz\u00e1m\u00e1ra, m\u00edg a teljesen elektromos v\u00e1ltozat j\u00f3 v\u00e1laszt\u00e1s lehet azoknak, akik t\u00f6bbnyire v\u00e1rosban vezetnek. A D300 modell ak\u00e1r 6 literes fogyaszt\u00e1ssal is be\u00e9ri, \u00e9s a nagy, 80 literes tanknak k\u00f6sz\u00f6nhet\u0151en t\u00f6bb mint 1000 km is megtehet\u0151 egy tankol\u00e1ssal. A V8-asok jelent\u0151sen szomjasabbak, 11-12 liter k\u00f6r\u00fcli \u00e1tlagfogyaszt\u00e1ssal, m\u00edg a plug-in hibridek pap\u00edron ak\u00e1r 1 liter alatti \u00e9rt\u00e9keket is produk\u00e1lhatnak.<\/p>\n<p>Az akkumul\u00e1torok 38,2 kWh kapacit\u00e1s\u00faak (31,8 kWh haszn\u00e1lhat\u00f3), a t\u00f6lt\u00e9s 7,4 kW-os otthoni fali t\u00f6lt\u0151r\u0151l kb. \u00f6t \u00f3r\u00e1t vesz ig\u00e9nybe, de 50 kW-os vill\u00e1mt\u00f6lt\u00e9ssel 80%-os t\u00f6lt\u00f6tts\u00e9g el\u00e9rhet\u0151 kevesebb mint egy \u00f3ra alatt \u2013 ez ritkas\u00e1g plug-in hibridek k\u00f6r\u00e9ben.<\/p>\n<p>A Range Rover minden modellje az 50-es biztos\u00edt\u00e1si kateg\u00f3ri\u00e1ba tartozik, ak\u00e1rcsak a BMW X7, m\u00edg p\u00e9ld\u00e1ul az Audi Q7 m\u00e1r alacsonyabb besorol\u00e1sban is el\u00e9rhet\u0151. A magas \u00e1r \u00e9s kibocs\u00e1t\u00e1s miatt a k\u00f6z\u00fati ad\u00f3 (VED) \u00e9s a luxusaut\u00f3-p\u00f3tl\u00e9k is jelent\u0151s, kiv\u00e9ve a plug-in hibrideket, amelyek BIK szempontb\u00f3l sokkal el\u0151ny\u00f6sebbek.<\/p>\n<p><!--nextpage--><\/p>\n<h3>Arr\u00f3l tov\u00e1bbra sem besz\u00e9lt r\u00e9szletesen, mi\u00e9rt kellett k\u00f3rh\u00e1zba ker\u00fclnie, annyi azonban biztos, hogy l\u00e1nya Olaszorsz\u00e1gb\u00f3l hazautazott, hogy seg\u00edtsen neki, \u00e9s pr\u00f3b\u00e1lja meger\u0151s\u00edteni \u00e9desanyj\u00e1t. A sz\u00edn\u00e9szn\u0151 elmondta, hogy h\u00f3napok \u00f3ta s\u00falyos v\u00e9rszeg\u00e9nys\u00e9ggel k\u00fczd, ami vashi\u00e1nyhoz vezetett, \u00e9s emiatt szinte teljesen elvesztette \u00e9tv\u00e1gy\u00e1t, akaratlanul is sokat fogyott. B\u00e1r gy\u00f3gyszereket kapott, azok mell\u00e9khat\u00e1sai miatt nem tudta hosszabb ideig szedni \u0151ket. \u201eAnnyira nem k\u00edv\u00e1ntam az \u00e9telt, hogy ha k\u00e9tfog\u00e1sos eb\u00e9det kaptam, el\u0151sz\u00f6r csak a levest ettem meg, a f\u0151\u00e9telt pedig csak j\u00f3val k\u00e9s\u0151bb. Most igyekszem min\u00e9l t\u00f6bb vasban gazdag \u00e9telt fogyasztani, p\u00e9ld\u00e1ul babot, lencs\u00e9t, spen\u00f3tot, s\u00f3sk\u00e1t vagy kivit\u201d \u2013 mes\u00e9lte.<\/h3>\n<p>VIA T\u00e9nyek<\/p>\n<p>&#8211;<\/p>\n<p>A hibrid hajt\u00e1sl\u00e1nc kiemelked\u0151 hat\u00e9konys\u00e1got k\u00edn\u00e1l, \u00e9s a PHEV is gazdas\u00e1gos marad, m\u00e9g akkor is, ha az akkumul\u00e1tor lemer\u00fcl. A rendszer nem ig\u00e9nyel k\u00fcl\u00f6n\u00f6sebb vezet\u00e9si technik\u00e1t a j\u00f3 fogyaszt\u00e1s el\u00e9r\u00e9s\u00e9hez. A hibrid modell hivatalos fogyaszt\u00e1sa 5,6 l\/100 km k\u00f6r\u00fcl alakul, az \u00f6sszker\u00e9khajt\u00e1s\u00fa v\u00e1ltozat\u00e9 pedig csak minim\u00e1lisan magasabb. Saj\u00e1t tesztek sor\u00e1n is stabilan 5\u20136 liter k\u00f6z\u00f6tti \u00e9rt\u00e9keket tapasztaltak. A PHEV verzi\u00f3 akkumul\u00e1tor\u00e1nak t\u00f6lt\u00f6tt \u00e1llapot\u00e1ban hosszabb ideig k\u00e9pes elektromosan haladni, de a benzinmotor bekapcsol\u00e1sa ut\u00e1n is hibridk\u00e9nt viselkedik, nem puszt\u00e1n benzinesk\u00e9nt. Egy &#8222;hold&#8221; funkci\u00f3 lehet\u0151v\u00e9 teszi, hogy elments\u00fck az akkumul\u00e1tor t\u00f6lt\u00f6tts\u00e9g\u00e9t k\u00e9s\u0151bbi, v\u00e1rosi szakaszokra.<\/p>\n<p>Az akkumul\u00e1tor m\u00e9rete 18,1 kWh, amellyel a WLTP-szabv\u00e1ny szerinti tiszt\u00e1n elektromos hat\u00f3t\u00e1v 75 km. Val\u00f3s haszn\u00e1lat sor\u00e1n ez ink\u00e1bb 64 km k\u00f6r\u00fcl alakul. B\u00e1r ez kor\u00e1bban m\u00e9g versenyk\u00e9pesnek sz\u00e1m\u00edtott, ma m\u00e1r vannak PHEV modellek, amelyek ennek k\u00f6zel a dupl\u00e1j\u00e1t k\u00edn\u00e1lj\u00e1k. Ugyanakkor a RAV4 tov\u00e1bbra is kiemelkedik azzal, hogy lemer\u00fclt akkumul\u00e1torral is takar\u00e9kos marad.<\/p>\n<p>A biztos\u00edt\u00e1si besorol\u00e1s a 26 \u00e9s 37 k\u00f6z\u00f6tti s\u00e1vban mozog, a standard hibrid modellek alacsonyabb, a plug-in v\u00e1ltozatok pedig magasabb kateg\u00f3ri\u00e1ba tartoznak. A 40 ezer font feletti alap\u00e1r miatt a PHEV verzi\u00f3 az els\u0151 \u00f6t \u00e9vben luxusad\u00f3-kieg\u00e9sz\u00edt\u00e9st von maga ut\u00e1n. C\u00e9ges v\u00e1s\u00e1rl\u00f3k sz\u00e1m\u00e1ra a RAV4 PHEV kedvez\u0151 ad\u00f3z\u00e1si felt\u00e9teleket k\u00edn\u00e1l, b\u00e1r n\u00e9mileg h\u00e1tr\u00e1nyban van m\u00e1s PHEV-hez k\u00e9pest, mivel r\u00f6videbb a hat\u00f3t\u00e1vja \u00e9s magasabb a kibocs\u00e1t\u00e1sa, \u00edgy p\u00e9ld\u00e1ul a Cupra Terramarhoz k\u00e9pest 250\u2013300 fonttal magasabb \u00e9ves ad\u00f3teherrel kell sz\u00e1molni.<\/p>\n<p>Az aut\u00f3 \u00e9rt\u00e9ktart\u00e1sa j\u00f3nak mondhat\u00f3: a t\u00f6bb mint \u00f6t \u00e9ve fut\u00f3 modell maradv\u00e1ny\u00e9rt\u00e9ke 55% k\u00f6r\u00fcl alakul, ami megegyezik az \u00fajabb versenyt\u00e1rsak szintj\u00e9vel, b\u00e1r a Tiguan PHEV v\u00e1ltozatai kicsivel jobban tartj\u00e1k az \u00e1rukat.<\/p>\n","protected":false},"excerpt":{"rendered":"<p>Aggaszt\u00f3 h\u00edrek \u00e9rkeztek az orsz\u00e1g Janka n\u00e9nij\u00e9r\u0151l, aki ism\u00e9t k\u00f3rh\u00e1zba ker\u00fclt. A Kossuth- \u00e9s J\u00e1szai Mari-d\u00edjas sz\u00edn\u00e9szn\u0151 kor\u00e1bban sikeresen legy\u0151zte a r\u00e1kot, \u00e9s az elm\u00falt \u00e9vekben mindig azt hangs\u00falyozta, hogy kiv\u00e1l\u00f3an \u00e9rzi&#8230;<\/p>\n","protected":false},"author":1,"featured_media":6621,"comment_status":"open","ping_status":"open","sticky":false,"template":"","format":"standard","meta":{"footnotes":""},"categories":[2],"tags":[],"class_list":["post-6620","post","type-post","status-publish","format-standard","has-post-thumbnail","hentry","category-altalanos"],"aioseo_notices":[],"_links":{"self":[{"href":"https:\/\/online-filmkatarzis.com\/kucko\/wp-json\/wp\/v2\/posts\/6620","targetHints":{"allow":["GET"]}}],"collection":[{"href":"https:\/\/online-filmkatarzis.com\/kucko\/wp-json\/wp\/v2\/posts"}],"about":[{"href":"https:\/\/online-filmkatarzis.com\/kucko\/wp-json\/wp\/v2\/types\/post"}],"author":[{"embeddable":true,"href":"https:\/\/online-filmkatarzis.com\/kucko\/wp-json\/wp\/v2\/users\/1"}],"replies":[{"embeddable":true,"href":"https:\/\/online-filmkatarzis.com\/kucko\/wp-json\/wp\/v2\/comments?post=6620"}],"version-history":[{"count":3,"href":"https:\/\/online-filmkatarzis.com\/kucko\/wp-json\/wp\/v2\/posts\/6620\/revisions"}],"predecessor-version":[{"id":6634,"href":"https:\/\/online-filmkatarzis.com\/kucko\/wp-json\/wp\/v2\/posts\/6620\/revisions\/6634"}],"wp:featuredmedia":[{"embeddable":true,"href":"https:\/\/online-filmkatarzis.com\/kucko\/wp-json\/wp\/v2\/media\/6621"}],"wp:attachment":[{"href":"https:\/\/online-filmkatarzis.com\/kucko\/wp-json\/wp\/v2\/media?parent=6620"}],"wp:term":[{"taxonomy":"category","embeddable":true,"href":"https:\/\/online-filmkatarzis.com\/kucko\/wp-json\/wp\/v2\/categories?post=6620"},{"taxonomy":"post_tag","embeddable":true,"href":"https:\/\/online-filmkatarzis.com\/kucko\/wp-json\/wp\/v2\/tags?post=6620"}],"curies":[{"name":"wp","href":"https:\/\/api.w.org\/{rel}","templated":true}]}}