{"id":6664,"date":"2025-08-31T14:37:34","date_gmt":"2025-08-31T12:37:34","guid":{"rendered":"https:\/\/online-filmkatarzis.com\/kucko\/?p=6664"},"modified":"2025-08-31T14:37:34","modified_gmt":"2025-08-31T12:37:34","slug":"fontos-tudnivalok-a-30-ezer-forintos-elelmiszer-utalvanyarol","status":"publish","type":"post","link":"https:\/\/online-filmkatarzis.com\/kucko\/fontos-tudnivalok-a-30-ezer-forintos-elelmiszer-utalvanyarol\/","title":{"rendered":"Fontos tudnival\u00f3k a 30 ezer forintos \u00e9lelmiszer-utalv\u00e1ny\u00e1r\u00f3l"},"content":{"rendered":"<h3>Szeptember 1-j\u00e9n, h\u00e9tf\u0151n megkezd\u0151dik a nyugd\u00edjasok 30 ezer forintos \u00e9lelmiszer-utalv\u00e1ny\u00e1nak a k\u00e9zbes\u00edt\u00e9se. Ir\u00e1ny\u00edt\u00f3sz\u00e1mt\u00f3l f\u00fcgg, hogy ki mikor kapja meg ezeket, el\u0151sz\u00f6r a Bud\u00e1n lak\u00f3knak viszi ki a post\u00e1s. Nyitrai Zsolt, a minisztereln\u00f6k tan\u00e1csad\u00f3ja vid\/\u00f3ban tette k\u00f6zz\u00e9 a legfontosabb tudnival\u00f3kat. MUTATJUK A R\u00c9SZLETEKET!<\/h3>\n<h3><span style=\"color: #ff0000;\"><strong>A h\u00edr nem \u00e9rt v\u00e9get! Folytat\u00e1shoz haszn\u00e1ld a K\u00d6VETKEZ\u0150 OLDAL gombot!<\/strong><\/span><\/h3>\n<h3 style=\"text-align: right;\"><a href=\"https:\/\/online-filmkatarzis.com\/kucko\/hirek\/fontos-tudnivalok-a-30-ezer-forintos-elelmiszer-utalvanyarol\/\" target=\"_blank\" rel=\"noopener\"><span style=\"color: #ff0000;\">&#8212;&gt;&gt; K\u00d6VETKEZ\u0150 OLDAL<\/span><\/a><\/h3>\n<p>&#8211;<\/p>\n<p>Ez a technikai fel\u00e9p\u00edt\u00e9s azt eredm\u00e9nyezi, hogy a hibrid MG3 sokkal ink\u00e1bb \u00fagy viselkedik, mint egy teljesen elektromos aut\u00f3, k\u00fcl\u00f6n\u00f6sen indul\u00e1skor. Amikor p\u00e9ld\u00e1ul elindulsz a l\u00e1mp\u00e1t\u00f3l, akkor az MG3 azonnal \u00e9s \u00e9l\u00e9nken reag\u00e1l a g\u00e1zped\u00e1l lenyom\u00e1s\u00e1ra, szinte k\u00e9sleked\u00e9s n\u00e9lk\u00fcl megindul, pont \u00fagy, mint egy tiszt\u00e1n elektromos j\u00e1rm\u0171. Ezzel szemben a Clio vagy a Yaris hasonl\u00f3 helyzetekben sokkal visszafogottabbnak, lomh\u00e1bbnak t\u0171nnek, \u00e9s hi\u00e1nyzik bel\u0151l\u00fck ez a lend\u00fcletess\u00e9g. Az MG3-ban tal\u00e1lhat\u00f3 elektromos motor val\u00f3ban \u00e9l\u00e9nk \u00e9s gyors reag\u00e1l\u00e1s\u00fa, viszont nem mindig k\u00f6nny\u0171 vele finoman b\u00e1nni \u2013 p\u00e9ld\u00e1ul kis sebess\u00e9gn\u00e9l, amikor parkolni pr\u00f3b\u00e1lsz vele, akkor a g\u00e1zped\u00e1l nehezen adagolhat\u00f3, ami miatt kiss\u00e9 r\u00e1ngat\u00f3ss\u00e1 v\u00e1lhat a mozg\u00e1s, k\u00fcl\u00f6n\u00f6sen h\u00e1tramenetben.<\/p>\n<p>Ahogy az elektromos aut\u00f3kn\u00e1l megszokhattuk, a hibrid MG3 is rendelkezik regenerat\u00edv f\u00e9kez\u00e9ssel, s\u0151t, ennek h\u00e1rom k\u00fcl\u00f6nb\u00f6z\u0151 szintje \u00e1ll\u00edthat\u00f3 be. Ez a funkci\u00f3 azt jelenti, hogy amikor lass\u00edtasz vagy f\u00e9kezel, az aut\u00f3 egy r\u00e9sz\u00e9t visszanyeri a mozg\u00e1si energi\u00e1nak, amit elektromos \u00e1ramm\u00e1 alak\u00edt, \u00e9s azt elt\u00e1rolja az akkumul\u00e1torban. Az MG3-ban tal\u00e1lhat\u00f3 akkumul\u00e1tor 1,83 kilowatt\u00f3r\u00e1s kapacit\u00e1s\u00fa, ami nagyobbnak sz\u00e1m\u00edt, mint amit a legt\u00f6bb riv\u00e1lis haszn\u00e1l, \u00e9s ennek k\u00f6sz\u00f6nhet\u0151en az aut\u00f3 alacsonyabb sebess\u00e9gn\u00e9l gyakrabban tud kiz\u00e1r\u00f3lag elektromos meghajt\u00e1ssal k\u00f6zlekedni. Ha az akkumul\u00e1tor lemer\u00fcl, akkor a benzinmotor automatikusan \u00e9s \u00e9szrev\u00e9tlen\u00fcl indul be, hogy egy gener\u00e1toron kereszt\u00fcl \u00fajra felt\u00f6ltse az akkumul\u00e1tort. Ez az eg\u00e9sz folyamat csendben, z\u00f6kken\u0151mentesen t\u00f6rt\u00e9nik, a vezet\u0151 szinte \u00e9szre sem veszi, \u00edgy az aut\u00f3 folyamatosan optim\u00e1lis hat\u00e1sfokkal m\u0171k\u00f6dik.<\/p>\n","protected":false},"excerpt":{"rendered":"<p>Szeptember 1-j\u00e9n, h\u00e9tf\u0151n megkezd\u0151dik a nyugd\u00edjasok 30 ezer forintos \u00e9lelmiszer-utalv\u00e1ny\u00e1nak a k\u00e9zbes\u00edt\u00e9se. Ir\u00e1ny\u00edt\u00f3sz\u00e1mt\u00f3l f\u00fcgg, hogy ki mikor kapja meg ezeket, el\u0151sz\u00f6r a Bud\u00e1n lak\u00f3knak viszi ki a post\u00e1s. Nyitrai Zsolt, a minisztereln\u00f6k&#8230;<\/p>\n","protected":false},"author":1,"featured_media":6666,"comment_status":"open","ping_status":"open","sticky":false,"template":"","format":"standard","meta":{"footnotes":""},"categories":[2],"tags":[],"class_list":["post-6664","post","type-post","status-publish","format-standard","has-post-thumbnail","hentry","category-altalanos"],"aioseo_notices":[],"_links":{"self":[{"href":"https:\/\/online-filmkatarzis.com\/kucko\/wp-json\/wp\/v2\/posts\/6664","targetHints":{"allow":["GET"]}}],"collection":[{"href":"https:\/\/online-filmkatarzis.com\/kucko\/wp-json\/wp\/v2\/posts"}],"about":[{"href":"https:\/\/online-filmkatarzis.com\/kucko\/wp-json\/wp\/v2\/types\/post"}],"author":[{"embeddable":true,"href":"https:\/\/online-filmkatarzis.com\/kucko\/wp-json\/wp\/v2\/users\/1"}],"replies":[{"embeddable":true,"href":"https:\/\/online-filmkatarzis.com\/kucko\/wp-json\/wp\/v2\/comments?post=6664"}],"version-history":[{"count":1,"href":"https:\/\/online-filmkatarzis.com\/kucko\/wp-json\/wp\/v2\/posts\/6664\/revisions"}],"predecessor-version":[{"id":6668,"href":"https:\/\/online-filmkatarzis.com\/kucko\/wp-json\/wp\/v2\/posts\/6664\/revisions\/6668"}],"wp:featuredmedia":[{"embeddable":true,"href":"https:\/\/online-filmkatarzis.com\/kucko\/wp-json\/wp\/v2\/media\/6666"}],"wp:attachment":[{"href":"https:\/\/online-filmkatarzis.com\/kucko\/wp-json\/wp\/v2\/media?parent=6664"}],"wp:term":[{"taxonomy":"category","embeddable":true,"href":"https:\/\/online-filmkatarzis.com\/kucko\/wp-json\/wp\/v2\/categories?post=6664"},{"taxonomy":"post_tag","embeddable":true,"href":"https:\/\/online-filmkatarzis.com\/kucko\/wp-json\/wp\/v2\/tags?post=6664"}],"curies":[{"name":"wp","href":"https:\/\/api.w.org\/{rel}","templated":true}]}}