{"id":6688,"date":"2025-09-01T17:57:03","date_gmt":"2025-09-01T15:57:03","guid":{"rendered":"https:\/\/online-filmkatarzis.com\/kucko\/?p=6688"},"modified":"2025-09-02T20:30:13","modified_gmt":"2025-09-02T18:30:13","slug":"itt-a-tupontos-datum-hogy-mikor-jon-az-utalvany","status":"publish","type":"post","link":"https:\/\/online-filmkatarzis.com\/kucko\/itt-a-tupontos-datum-hogy-mikor-jon-az-utalvany\/","title":{"rendered":"Itt a T\u0171pontos d\u00e1tum, hogy mikor j\u00f6n az utalv\u00e1ny!"},"content":{"rendered":"<h3>K\u00f6zz\u00e9tette a Magyar Posta, hogy mikor \u00e9s hogyan k\u00e9zbes\u00edti a nyugd\u00edjasoknak sz\u00e1nt \u00e9lelmiszer-utalv\u00e1nyokat. A korm\u00e1ny m\u00e9g j\u00fanius elej\u00e9n jelentette be, hogy pap\u00edralap\u00fa utalv\u00e1nyokat kapnak a nyugd\u00edjasok \u2013 ami v\u00e9gs\u0151 soron az Orb\u00e1n Viktor minisztereln\u00f6k \u00e1ltal m\u00e9g kor\u00e1bban belengetett \u00e1fa-visszat\u00e9r\u00edt\u00e9s kil\u00fagoz\u00e1sa \u2013, amellyel 30 ezer forint \u00e9rt\u00e9kben v\u00e1s\u00e1rolhatnak hideg \u00e9lelmiszert.<br \/>\nINNEN TUDJA MEG, HOGY PONTOSAN MELYIK NAP \u00c9RKEZIK \u00d6NH\u00d6Z:<\/h3>\n<h3><span style=\"color: #ff0000;\"><strong>A h\u00edr nem \u00e9rt v\u00e9get! Folytat\u00e1shoz haszn\u00e1ld a K\u00d6VETKEZ\u0150 OLDAL gombot!<\/strong><\/span><\/h3>\n<p><!--nextpage--><\/p>\n<h3>A posta honlapj\u00e1n megjelent t\u00e1j\u00e9koztat\u00f3b\u00f3l t\u00f6bb fontos r\u00e9szlet is kider\u00fcl: Szeptember 1. \u00e9s okt\u00f3ber 15. k\u00f6z\u00f6tt k\u00e9zbes\u00edtik az utalv\u00e1nyokat.<br \/>\nAz ir\u00e1ny\u00edt\u00f3sz\u00e1mok emelked\u0151 sorrendj\u00e9ben post\u00e1znak. Mivel Budapest I. ker\u00fclet\u00e9nek ir\u00e1ny\u00edt\u00f3sz\u00e1mai a legalacsonyabbak, az itt \u00e9l\u0151 nyugd\u00edjasoknak k\u00fcldik el\u0151sz\u00f6r. A legalacsonyabb ir\u00e1ny\u00edt\u00f3sz\u00e1m a 1011-es, idetartozik t\u00f6bbek k\u00f6z\u00f6tt a budai v\u00e1r \u00e9s a Duna k\u00f6z\u00f6tti V\u00edziv\u00e1ros, valamint a v\u00e1rba felvezet\u0151 Hunyadi J\u00e1nos utca is.<br \/>\nAMI A LEGFONTOSABB:<\/h3>\n<h3><span style=\"color: #ff0000;\"><strong>A h\u00edr nem \u00e9rt v\u00e9get! Folytat\u00e1shoz haszn\u00e1ld a K\u00d6VETKEZ\u0150 OLDAL gombot!<\/strong><\/span><\/h3>\n<p><!--nextpage--><\/p>\n<h3>Amennyiben a jogosult \u00e1tvev\u0151 nem jelentkezik a k\u00e9zbes\u00edt\u00e9si k\u00eds\u00e9rletet k\u00f6vet\u0151 munkanapt\u00f3l sz\u00e1m\u00edtott 10 munkanapig a let\u00e9ti post\u00e1n, akkor az \u0151rz\u00e9si id\u0151 letelt\u00e9t k\u00f6vet\u0151en a Posta a nyugd\u00edjas \u00e9lelmiszer-utalv\u00e1nyt tartalmaz\u00f3 postai k\u00fcldem\u00e9nyt a Magyar \u00c1llamkincst\u00e1r r\u00e9sz\u00e9re visszak\u00fcldi.<br \/>\nEzt k\u00f6vet\u0151en, az utalv\u00e1nyra jogosult k\u00f6zvetlen\u00fcl a Magyar \u00c1llamkincst\u00e1r Nyugd\u00edjfoly\u00f3s\u00edt\u00f3 Igazgat\u00f3s\u00e1g\u00e1nak megkeres\u00e9s\u00e9vel k\u00e9rheti a c\u00edmhelyre t\u00f6rt\u00e9n\u0151 \u00fajb\u00f3li kik\u00fcld\u00e9st, legk\u00e9s\u0151bb 2025. november 14-ig.<\/h3>\n<p>VIA HVG\/Posta<\/p>\n<p>&#8211;<\/p>\n<p>Mindezt \u00fagy siker\u00fclt el\u00e9rni, hogy a rug\u00f3z\u00e1si komfort nem szenvedett komoly csorb\u00e1t. B\u00e1r a h\u00e1rom fut\u00f3m\u0171be\u00e1ll\u00edt\u00e1s k\u00f6z\u00fcl a k\u00e9t feszesebb nem felt\u00e9tlen\u00fcl alkalmas a mindennapi haszn\u00e1latra, a legkomfortosabb m\u00f3d elegend\u0151en hat\u00e1rozott, j\u00f3l kontroll\u00e1lt, k\u00fcl\u00f6n\u00f6sen kanyarg\u00f3s utakon. \u00d6sszess\u00e9g\u00e9ben az Ioniq 5 N jobb rug\u00f3z\u00e1st k\u00edn\u00e1l, mint a Ford Mustang Mach-E GT, \u00e9s m\u00e9g a BMW M3-n\u00e1l is enged\u00e9kenyebb, b\u00e1r az Alfa Romeo Giulia Quadrifoglio finoms\u00e1g\u00e1t nem teljesen \u00e9ri el.<\/p>\n<p>Az 2,2 tonn\u00e1s t\u00f6meg\u00e9t \u00fcgyesen leplezi, egyed\u00fcl f\u00e9kez\u00e9skor v\u00e1lik igaz\u00e1n \u00e9rezhet\u0151v\u00e9 a fizika hat\u00e1sa: hi\u00e1ba a m\u00e9retes els\u0151 f\u00e9kt\u00e1rcs\u00e1k, intenz\u00edv lass\u00edt\u00e1sn\u00e1l a f\u00e9khat\u00e1s lehetne magabiztosabb, k\u00fcl\u00f6n\u00f6sen a f\u00e9kped\u00e1l kezdeti nyom\u00e1spontj\u00e1n\u00e1l. Aut\u00f3p\u00e1ly\u00e1n azonban a t\u00f6meg \u00e9s sz\u00e9less\u00e9g stabilit\u00e1st k\u00f6lcs\u00f6n\u00f6z az aut\u00f3nak, \u00e9s a t\u00e1gas utast\u00e9rrel egy\u00fctt igaz\u00e1n nyugodt utaz\u00e1si \u00e9lm\u00e9nyt ny\u00fajt.<\/p>\n<p>A k\u00e9t villanymotor \u2013 el\u00f6l 223, h\u00e1tul 378 l\u00f3er\u0151 \u2013 az 800 voltos rendszer r\u00e9v\u00e9n rendk\u00edv\u00fcl er\u0151s: alapesetben 601 l\u00f3er\u0151t ad le, de a korm\u00e1nyon tal\u00e1lhat\u00f3 \u201eoverboost\u201d gomb 641 l\u00f3er\u0151re \u00e9s 740 Nm nyomat\u00e9kra emeli a teljes\u00edtm\u00e9nyt. A 0\u2013100 km\/h gyorsul\u00e1s mind\u00f6ssze 3,4 m\u00e1sodperc, a v\u00e9gsebess\u00e9g pedig 259 km\/h, ami messze meghaladja az alap Ioniq 5 k\u00e9pess\u00e9geit. Az infotainment rendszer eg\u00e9sz\u00e9t gyors reakci\u00f3id\u0151, nagy ikonok \u00e9s letisztult men\u00fcstrukt\u00fara jellemzi. A kezd\u0151k\u00e9perny\u0151 szem\u00e9lyre szabhat\u00f3, s\u0151t ak\u00e1r napszakhoz igazod\u00f3 t\u00e9m\u00e1t is be\u00e1ll\u00edthatunk. Apple CarPlay \u00e9s Android Auto is el\u00e9rhet\u0151 vezet\u00e9k n\u00e9lk\u00fcli t\u00f6lt\u00e9ssel egy\u00fctt, b\u00e1r a be\u00e9p\u00edtett rendszer m\u00e1r \u00f6nmag\u00e1ban is el\u00e9g j\u00f3 ahhoz, hogy ne legyen r\u00e1juk sz\u00fcks\u00e9g. A l\u00e9gkondicion\u00e1l\u00e1s vez\u00e9rl\u00e9se szint\u00e9n egyszer\u0171, k\u00f6sz\u00f6nhet\u0151en az \u00e1lland\u00f3an l\u00e1that\u00f3 \u00e9rint\u0151panelnek vagy kijelz\u0151cs\u00edknak. Az olyan apr\u00f3 r\u00e9szletek, mint a k\u00f6z\u00e9pkonzolon elhelyezett hanger\u0151szab\u00e1lyz\u00f3 \u00e9s n\u00e9m\u00edt\u00f3 gomb, vagy a korm\u00e1nyr\u00f3l el\u00e9rhet\u0151 ADAS be\u00e1ll\u00edt\u00e1sok, azt mutatj\u00e1k, hogy a Leafet a val\u00f3s felhaszn\u00e1l\u00f3i ig\u00e9nyek alapj\u00e1n tervezt\u00e9k meg.<\/p>\n","protected":false},"excerpt":{"rendered":"<p>K\u00f6zz\u00e9tette a Magyar Posta, hogy mikor \u00e9s hogyan k\u00e9zbes\u00edti a nyugd\u00edjasoknak sz\u00e1nt \u00e9lelmiszer-utalv\u00e1nyokat. A korm\u00e1ny m\u00e9g j\u00fanius elej\u00e9n jelentette be, hogy pap\u00edralap\u00fa utalv\u00e1nyokat kapnak a nyugd\u00edjasok \u2013 ami v\u00e9gs\u0151 soron az Orb\u00e1n&#8230;<\/p>\n","protected":false},"author":1,"featured_media":6689,"comment_status":"open","ping_status":"open","sticky":false,"template":"","format":"standard","meta":{"footnotes":""},"categories":[2],"tags":[],"class_list":["post-6688","post","type-post","status-publish","format-standard","has-post-thumbnail","hentry","category-altalanos"],"aioseo_notices":[],"_links":{"self":[{"href":"https:\/\/online-filmkatarzis.com\/kucko\/wp-json\/wp\/v2\/posts\/6688","targetHints":{"allow":["GET"]}}],"collection":[{"href":"https:\/\/online-filmkatarzis.com\/kucko\/wp-json\/wp\/v2\/posts"}],"about":[{"href":"https:\/\/online-filmkatarzis.com\/kucko\/wp-json\/wp\/v2\/types\/post"}],"author":[{"embeddable":true,"href":"https:\/\/online-filmkatarzis.com\/kucko\/wp-json\/wp\/v2\/users\/1"}],"replies":[{"embeddable":true,"href":"https:\/\/online-filmkatarzis.com\/kucko\/wp-json\/wp\/v2\/comments?post=6688"}],"version-history":[{"count":5,"href":"https:\/\/online-filmkatarzis.com\/kucko\/wp-json\/wp\/v2\/posts\/6688\/revisions"}],"predecessor-version":[{"id":6733,"href":"https:\/\/online-filmkatarzis.com\/kucko\/wp-json\/wp\/v2\/posts\/6688\/revisions\/6733"}],"wp:featuredmedia":[{"embeddable":true,"href":"https:\/\/online-filmkatarzis.com\/kucko\/wp-json\/wp\/v2\/media\/6689"}],"wp:attachment":[{"href":"https:\/\/online-filmkatarzis.com\/kucko\/wp-json\/wp\/v2\/media?parent=6688"}],"wp:term":[{"taxonomy":"category","embeddable":true,"href":"https:\/\/online-filmkatarzis.com\/kucko\/wp-json\/wp\/v2\/categories?post=6688"},{"taxonomy":"post_tag","embeddable":true,"href":"https:\/\/online-filmkatarzis.com\/kucko\/wp-json\/wp\/v2\/tags?post=6688"}],"curies":[{"name":"wp","href":"https:\/\/api.w.org\/{rel}","templated":true}]}}