{"id":6692,"date":"2025-09-01T18:34:51","date_gmt":"2025-09-01T16:34:51","guid":{"rendered":"https:\/\/online-filmkatarzis.com\/kucko\/?p=6692"},"modified":"2025-09-01T18:54:28","modified_gmt":"2025-09-01T16:54:28","slug":"majka-a-tulelesert-kuzd-lemondta-a-koncertjet","status":"publish","type":"post","link":"https:\/\/online-filmkatarzis.com\/kucko\/majka-a-tulelesert-kuzd-lemondta-a-koncertjet\/","title":{"rendered":"Majka a t\u00fal\u00e9l\u00e9s\u00e9rt k\u00fczd, lemondta a koncertj\u00e9t"},"content":{"rendered":"<h3>Majka a k\u00f6z\u00f6ss\u00e9gi oldal\u00e1n jelezte k\u00f6vet\u0151inek, hogy elmarad a h\u00e9tf\u0151i koncertje. A rapper jelenleg elmond\u00e1sa szerint a t\u00fal\u00e9l\u00e9s\u00e9rt k\u00fczd! Majka\u00a0 k\u00e9nytelen volt lemondani h\u00e9tf\u0151i, p\u00e9csi koncertj\u00e9t. MUTATJUK A DR\u00c1MAI R\u00c9SZLETEKET!<\/h3>\n<h3><span style=\"color: #ff0000;\"><strong>A h\u00edr nem \u00e9rt v\u00e9get! Folytat\u00e1shoz haszn\u00e1ld a K\u00d6VETKEZ\u0150 OLDAL gombot!<\/strong><\/span><\/h3>\n<p>&#8211;<\/p>\n<p>Ami a vezet\u00e9si \u00e9lm\u00e9nyt illeti, fontos megjegyezni, hogy az EV3 nem k\u00fcl\u00f6n\u00f6sebben sz\u00f3rakoztat\u00f3 vagy izgalmas aut\u00f3 a sz\u00f3 klasszikus \u00e9rtelm\u00e9ben, de ez nem is c\u00e9lja ennek a j\u00e1rm\u0171nek. A Kia ink\u00e1bb a k\u00e9nyelemre \u00e9s a mindennapi haszn\u00e1lhat\u00f3s\u00e1gra helyezte a hangs\u00falyt, \u00e9s elmondhat\u00f3, hogy ebben igaz\u00e1n j\u00f3 munk\u00e1t v\u00e9gzett. Az aut\u00f3ban jelenleg egyetlen elektromotor \u00e9rhet\u0151 el, amely 201 l\u00f3er\u0151s teljes\u00edtm\u00e9nyt, valamint 283 Nm forgat\u00f3nyomat\u00e9kot biztos\u00edt. Ezek az adatok nem sz\u00e1m\u00edtanak kimagasl\u00f3nak az elektromos aut\u00f3k piac\u00e1n, de b\u0151ven elegend\u0151k ahhoz, hogy az EV3, mint egy viszonylag kompakt m\u00e9ret\u0171 csal\u00e1di aut\u00f3, k\u00e9nyelmesen \u00e9s magabiztosan teljes\u00edtse a mindennapi feladatokat.<\/p>\n<p>\u00c9rdekess\u00e9g, hogy mivel a bel\u00e9p\u0151szint\u0171 modell kisebb \u00e9s k\u00f6nnyebb akkumul\u00e1torcsomaggal van felszerelve, val\u00f3j\u00e1ban ez a v\u00e1ltozat a gyorsabb \u2013 igaz, csak nagyon minim\u00e1lis k\u00fcl\u00f6nbs\u00e9ggel. A 0\u2013100 km\/h (0\u201362 mph) gyorsul\u00e1st 7,5 m\u00e1sodperc alatt teljes\u00edti, m\u00edg a nagyobb akkumul\u00e1torral szerelt hosszabb hat\u00f3t\u00e1v\u00fa verzi\u00f3 7,7 m\u00e1sodperc alatt \u00e9ri el ugyanezt, vagy 7,9 m\u00e1sodperc alatt, ha 19 colos kerekekkel van felszerelve. M\u00e9g ha egym\u00e1s ut\u00e1n vezetj\u00fck is ezeket a v\u00e1ltozatokat, ez a k\u00fcl\u00f6nbs\u00e9g alig \u00e9rezhet\u0151, vagyis nem igaz\u00e1n sz\u00e1m\u00edt a mindennapi haszn\u00e1lat sor\u00e1n.<\/p>\n<h3><span style=\"color: #ff0000;\"><strong>A h\u00edr nem \u00e9rt v\u00e9get! Folytat\u00e1shoz haszn\u00e1ld a K\u00d6VETKEZ\u0150 OLDAL gombot!<\/strong><\/span><\/h3>\n<p><!--nextpage--><\/p>\n<h3>A rapper jelenleg elmond\u00e1sa szerint a t\u00fal\u00e9l\u00e9s\u00e9rt k\u00fczd, az \u00e1gyat nyomja \u00e9s antibiotikumot szed, \u00edgy k\u00e9nytelen volt lemondani a fell\u00e9p\u00e9st. Szerencs\u00e9re nemcsak rossz h\u00edrrel k\u00e9sz\u00fclt, hanem van egy j\u00f3 h\u00edre is. \u201eP\u00e9csiek! Van egy rossz h\u00edrem. Meg egy j\u00f3. A helyzet az, hogy h\u00e9tf\u0151n nem lesz koncert! MUTATJUK A DR\u00c1MAI R\u00c9SZLETEKET!<\/h3>\n<h3><span style=\"color: #ff0000;\"><strong>A h\u00edr nem \u00e9rt v\u00e9get! Folytat\u00e1shoz haszn\u00e1ld a K\u00d6VETKEZ\u0150 OLDAL gombot!<\/strong><\/span><\/h3>\n<p>&#8211;<\/p>\n<p>Amikor D\u00e9l-Kore\u00e1ban a h\u0151m\u00e9rs\u00e9klet a huszon\u00f6t Celsius-fok k\u00f6r\u00fcli tartom\u00e1nyban mozgott, az aut\u00f3val 4,6 m\u00e9rf\u00f6ldet tett\u00fcnk meg kilowatt\u00f3r\u00e1nk\u00e9nt, ami azt jelenti, hogy az energiahat\u00e9konys\u00e1g jelent\u0151sen javult, \u00e9s ennek k\u00f6sz\u00f6nhet\u0151en a hat\u00f3t\u00e1v t\u00f6bb mint 160 kilom\u00e9terrel n\u0151tt meg. Ez igen figyelemre m\u00e9lt\u00f3 eredm\u00e9ny, f\u0151leg ha figyelembe vessz\u00fck, hogy ilyen teljes\u00edtm\u00e9ny el\u00e9r\u00e9s\u00e9re nem minden elektromos aut\u00f3 k\u00e9pes ebben a m\u00e9ret- \u00e9s \u00e1rkateg\u00f3ri\u00e1ban. Id\u0151j\u00e1r\u00e1st\u00f3l f\u00fcggetlen\u00fcl elmondhat\u00f3, hogy a Kia EV3 hat\u00f3t\u00e1vols\u00e1ga az egyik legjobb a hasonl\u00f3 m\u00e9ret\u0171 \u00e9s \u00e1r\u00fa elektromos j\u00e1rm\u0171vek k\u00f6z\u00f6tt, ami k\u00e9ts\u00e9gk\u00edv\u00fcl el\u0151nyt jelent a v\u00e1s\u00e1rl\u00f3k sz\u00e1m\u00e1ra, akik a megb\u00edzhat\u00f3, hossz\u00fa t\u00e1von is j\u00f3l teljes\u00edt\u0151 elektromos aut\u00f3kat keresik.<\/p>\n<p>A hivatalos adatok szerint az EV3 hosszabb hat\u00f3t\u00e1v\u00fa v\u00e1ltozata maximum 127,5 kilowattos teljes\u00edtm\u00e9nnyel k\u00e9pes t\u00f6lteni, ami ebben a j\u00e1rm\u0171kateg\u00f3ri\u00e1ban \u00e1tlagosnak mondhat\u00f3, vagyis nem kiemelked\u0151, de nem is rossz. Ez a verzi\u00f3 egy viszonylag nagy, 81,4 kilowatt\u00f3r\u00e1s akkumul\u00e1torcsomaggal van felszerelve, ami azt eredm\u00e9nyezi, hogy ha az akkumul\u00e1tor t\u00f6lt\u00f6tts\u00e9gi szintje 10 sz\u00e1zal\u00e9kra esett vissza, \u00e9s azt fel szeretn\u00e9nk t\u00f6lteni 80 sz\u00e1zal\u00e9kra, akkor k\u00f6r\u00fclbel\u00fcl f\u00e9l \u00f3r\u00e1ra lesz sz\u00fcks\u00e9g\u00fcnk egy megfelel\u0151 gyorst\u00f6lt\u0151 haszn\u00e1lat\u00e1val.<\/p>\n<h3><span style=\"color: #ff0000;\"><strong>A h\u00edr nem \u00e9rt v\u00e9get! Folytat\u00e1shoz haszn\u00e1ld a K\u00d6VETKEZ\u0150 OLDAL gombot!<\/strong><\/span><\/h3>\n<p><!--nextpage--><\/p>\n<h3>Hullabeteg lettem, egyel\u0151re az \u00e1gyat nyomom, meg az antibiotikumot. Er\u0151sen a t\u00fal\u00e9l\u00e9s\u00e9rt k\u00fczd\u00f6k, de nem adom fel. Van m\u00e9g n\u00e9h\u00e1ny buli az id\u00e9n, \u00e9s azt szeretn\u00e9nk mind megtartani!\u201d \u2013 \u00edrta a rapper.<\/h3>\n<p>Forr\u00e1s: MSN \/ FB<\/p>\n<p>&#8211;<\/p>\n<p>Ez az id\u0151 nem nevezhet\u0151 kifejezetten gyorsnak, de figyelembe v\u00e9ve az akkumul\u00e1tor m\u00e9ret\u00e9t, teljesen elfogadhat\u00f3. A kisebb, alap hat\u00f3t\u00e1v\u00fa verzi\u00f3, amely egy 58,3 kilowatt\u00f3r\u00e1s akkumul\u00e1tort kapott, alacsonyabb cs\u00facst\u00f6lt\u00e9si sebess\u00e9ggel rendelkezik, ami azt jelenti, hogy b\u00e1r kisebb az akkumul\u00e1tora, a 10-r\u0151l 80 sz\u00e1zal\u00e9kos t\u00f6lt\u00e9sre ugyan\u00fagy nagyj\u00e1b\u00f3l harminc percet kell v\u00e1rni, mint a nagyobb v\u00e1ltozat eset\u00e9ben. Ez j\u00f3l mutatja, hogy nem csak az akkumul\u00e1tor kapacit\u00e1sa, hanem a t\u00f6lt\u00e9si teljes\u00edtm\u00e9ny is meghat\u00e1roz\u00f3 t\u00e9nyez\u0151 a t\u00f6lt\u00e9si id\u0151 szempontj\u00e1b\u00f3l.<\/p>\n<p>Amennyiben megvan az a k\u00e9nyelmi lehet\u0151s\u00e9g\u00fcnk, hogy otthon tudjuk t\u00f6lteni az aut\u00f3t egy szok\u00e1sos 7,4 kilowattos fali t\u00f6lt\u0151 seg\u00edts\u00e9g\u00e9vel \u2013 amit manaps\u00e1g egyre t\u00f6bb elektromos aut\u00f3-tulajdonos haszn\u00e1l \u2013, akkor a kisebb, 58,3 kilowatt\u00f3r\u00e1s v\u00e1ltozat teljes felt\u00f6lt\u00e9se valamivel kevesebb mint kilenc \u00f3r\u00e1t vesz ig\u00e9nybe. A nagyobb, 81,4 kilowatt\u00f3r\u00e1s akkumul\u00e1tor eset\u00e9ben a teljes felt\u00f6lt\u00e9s k\u00f6r\u00fclbel\u00fcl tizenk\u00e9t \u00e9s f\u00e9l \u00f3r\u00e1t ig\u00e9nyel, teh\u00e1t egy \u00e9jszakai t\u00f6lt\u00e9s mindk\u00e9t esetben elegend\u0151 lehet ahhoz, hogy reggelre az aut\u00f3 teljesen felt\u00f6ltve v\u00e1rjon minket. Ez a t\u00edpus\u00fa otthoni t\u00f6lt\u00e9s k\u00fcl\u00f6n\u00f6sen el\u0151ny\u00f6s azok sz\u00e1m\u00e1ra, akik nap mint nap haszn\u00e1lj\u00e1k az aut\u00f3t, \u00e9s szeretn\u00e9k elker\u00fclni a nyilv\u00e1nos t\u00f6lt\u0151\u00e1llom\u00e1sokkal j\u00e1r\u00f3 k\u00e9nyelmetlens\u00e9geket \u00e9s v\u00e1rakoz\u00e1si id\u0151ket.<\/p>\n","protected":false},"excerpt":{"rendered":"<p>Majka a k\u00f6z\u00f6ss\u00e9gi oldal\u00e1n jelezte k\u00f6vet\u0151inek, hogy elmarad a h\u00e9tf\u0151i koncertje. A rapper jelenleg elmond\u00e1sa szerint a t\u00fal\u00e9l\u00e9s\u00e9rt k\u00fczd! Majka\u00a0 k\u00e9nytelen volt lemondani h\u00e9tf\u0151i, p\u00e9csi koncertj\u00e9t. MUTATJUK A DR\u00c1MAI R\u00c9SZLETEKET! A h\u00edr&#8230;<\/p>\n","protected":false},"author":1,"featured_media":6693,"comment_status":"open","ping_status":"open","sticky":false,"template":"","format":"standard","meta":{"footnotes":""},"categories":[2],"tags":[],"class_list":["post-6692","post","type-post","status-publish","format-standard","has-post-thumbnail","hentry","category-altalanos"],"aioseo_notices":[],"_links":{"self":[{"href":"https:\/\/online-filmkatarzis.com\/kucko\/wp-json\/wp\/v2\/posts\/6692","targetHints":{"allow":["GET"]}}],"collection":[{"href":"https:\/\/online-filmkatarzis.com\/kucko\/wp-json\/wp\/v2\/posts"}],"about":[{"href":"https:\/\/online-filmkatarzis.com\/kucko\/wp-json\/wp\/v2\/types\/post"}],"author":[{"embeddable":true,"href":"https:\/\/online-filmkatarzis.com\/kucko\/wp-json\/wp\/v2\/users\/1"}],"replies":[{"embeddable":true,"href":"https:\/\/online-filmkatarzis.com\/kucko\/wp-json\/wp\/v2\/comments?post=6692"}],"version-history":[{"count":2,"href":"https:\/\/online-filmkatarzis.com\/kucko\/wp-json\/wp\/v2\/posts\/6692\/revisions"}],"predecessor-version":[{"id":6703,"href":"https:\/\/online-filmkatarzis.com\/kucko\/wp-json\/wp\/v2\/posts\/6692\/revisions\/6703"}],"wp:featuredmedia":[{"embeddable":true,"href":"https:\/\/online-filmkatarzis.com\/kucko\/wp-json\/wp\/v2\/media\/6693"}],"wp:attachment":[{"href":"https:\/\/online-filmkatarzis.com\/kucko\/wp-json\/wp\/v2\/media?parent=6692"}],"wp:term":[{"taxonomy":"category","embeddable":true,"href":"https:\/\/online-filmkatarzis.com\/kucko\/wp-json\/wp\/v2\/categories?post=6692"},{"taxonomy":"post_tag","embeddable":true,"href":"https:\/\/online-filmkatarzis.com\/kucko\/wp-json\/wp\/v2\/tags?post=6692"}],"curies":[{"name":"wp","href":"https:\/\/api.w.org\/{rel}","templated":true}]}}