{"id":6700,"date":"2025-09-01T18:53:30","date_gmt":"2025-09-01T16:53:30","guid":{"rendered":"https:\/\/online-filmkatarzis.com\/kucko\/?p=6700"},"modified":"2025-09-01T19:00:37","modified_gmt":"2025-09-01T17:00:37","slug":"elokerult-papai-joci-eltitkolt-fia-o-az","status":"publish","type":"post","link":"https:\/\/online-filmkatarzis.com\/kucko\/elokerult-papai-joci-eltitkolt-fia-o-az\/","title":{"rendered":"El\u0151ker\u00fclt P\u00e1pai Joci eltitkolt fia! \u0150 az!"},"content":{"rendered":"<h3>Izgalmas, dr\u00e1mai \u00e9s felemel\u0151 pillanatokb\u00f3l 2025-ben sem lesz hi\u00e1ny, f\u0151leg, ha a v\u00e1logat\u00f3kr\u00f3l van sz\u00f3, ahol a legk\u00fcl\u00f6n\u00f6sebb arcok is megfordulnak. Az els\u0151 beharangoz\u00f3 vide\u00f3ban egy versenyz\u0151 azt \u00e1ll\u00edtotta mag\u00e1r\u00f3l, hogy \u0151 P\u00e1pai Joci eltitkolt fia. MUTATJUK A R\u00c9SZLETEKET!<\/h3>\n<h3><span style=\"color: #ff0000;\"><strong>A h\u00edr nem \u00e9rt v\u00e9get! Folytat\u00e1shoz haszn\u00e1ld a K\u00d6VETKEZ\u0150 OLDAL gombot!<\/strong><\/span><\/h3>\n<p>&#8211;<\/p>\n<p>Minden egyes Peugeot 208-as modell az \u00fagynevezett \u201ei-Cockpit\u201d m\u0171szerfallal van felszerelve, amely a m\u00e1rk\u00e1ra jellemz\u0151 k\u00fcl\u00f6nleges kialak\u00edt\u00e1s\u00fa bels\u0151 t\u00e9rkoncepci\u00f3. Ez a bels\u0151 elrendez\u00e9s n\u00e9mileg elt\u00e9r a megszokott\u00f3l, ugyanis a korm\u00e1nyker\u00e9k kifejezetten kism\u00e9ret\u0171, \u00e9s a vezet\u0151 sz\u00e1m\u00e1ra fontos kijelz\u0151 \u2013 teh\u00e1t az, amely p\u00e9ld\u00e1ul a sebess\u00e9get, a fordulatsz\u00e1mot \u00e9s egy\u00e9b adatokat mutat \u2013 nem a korm\u00e1nyker\u00e9k m\u00f6g\u00e9, hanem f\u00f6l\u00e9 van elhelyezve. Ez azt jelenti, hogy vezet\u00e9s k\u00f6zben nem a korm\u00e1nyon kereszt\u00fcl kell \u00e1tn\u00e9zni a kijelz\u0151re, hanem a korm\u00e1ny felett kell r\u00e1pillantani. Ez az elrendez\u00e9s nem felt\u00e9tlen\u00fcl rossz, s\u0151t bizonyos szempontb\u00f3l ak\u00e1r el\u0151ny\u00f6s is lehet, viszont sok embernek megoszt\u00f3 \u2013 vagyis nem mindenki van vele megel\u00e9gedve, \u00e9s elt\u00e9r\u0151 v\u00e9lem\u00e9nyek vannak r\u00f3la. \u00c9ppen ez\u00e9rt er\u0151sen aj\u00e1nlott, hogy miel\u0151tt valaki megv\u00e1s\u00e1roln\u00e1 az aut\u00f3t, mindenk\u00e9ppen pr\u00f3b\u00e1lja ki \u00e9l\u0151ben, hogyan \u00e9rzi mag\u00e1t ezzel a k\u00fcl\u00f6nleges kialak\u00edt\u00e1ssal, mert lehet, hogy sz\u00e1m\u00e1ra k\u00e9nyelmetlen vagy szokatlan lesz.<\/p>\n<p>Ami a hajt\u00e1st illeti, vagyis az aut\u00f3 er\u0151forr\u00e1s\u00e1t \u00e9s annak m\u0171k\u00f6d\u00e9s\u00e9t, a benzines v\u00e1ltozat a Peugeot j\u00f3l ismert, megb\u00edzhat\u00f3, \u00e9s igen elterjedt 1,2 literes PureTech h\u00e1romhengeres motorj\u00e1ra \u00e9p\u00fcl. Ez a motor v\u00e1ltozatt\u00f3l f\u00fcgg\u0151en 99 l\u00f3er\u0151 lead\u00e1s\u00e1ra k\u00e9pes, \u00e9s b\u00e1r nem mondhat\u00f3 kifejezetten er\u0151snek vagy dinamikusnak, az\u00e9rt a mindennapi haszn\u00e1lat sor\u00e1n teljesen megfelel\u0151, \u00e9s m\u00e9g az aut\u00f3p\u00e1ly\u00e1s k\u00f6zleked\u00e9st is elb\u00edrja \u2013 b\u00e1r nem fog kiemelked\u0151 gyorsul\u00e1st produk\u00e1lni. Ez a tiszt\u00e1n benzines v\u00e1ltozat csak \u00e9s kiz\u00e1r\u00f3lag hatsebess\u00e9ges k\u00e9zi sebess\u00e9gv\u00e1lt\u00f3val \u00e9rhet\u0151 el, teh\u00e1t automata opci\u00f3 ebben a konkr\u00e9t esetben nem l\u00e9tezik.<\/p>\n<h3><span style=\"color: #ff0000;\"><strong>A h\u00edr nem \u00e9rt v\u00e9get! Folytat\u00e1shoz haszn\u00e1ld a K\u00d6VETKEZ\u0150 OLDAL gombot!<\/strong><\/span><\/h3>\n<p><!--nextpage--><\/p>\n<h3>\u00c9n vagyok a Jocinak az eltitkolt gyereke \u2013 jelentette be a sz\u00ednpadon egy fiatal fi\u00fa. A k\u00f6vetkez\u0151 felv\u00e9telen m\u00e1r Valkusz Mil\u00e1n \u00e9s Majka balh\u00e9ja l\u00e1that\u00f3, amint \u00e9pp \u00f6sszeveszett egy jelentkez\u0151 miatt. Az RTL nagy bejelent\u00e9st tett nemr\u00e9g az X-Faktor vadi\u00faj \u00e9vad\u00e1val kapcsolatban: kider\u00fclt, hogy szeptember 6-\u00e1n t\u00e9r vissza a tehets\u00e9gkutat\u00f3 a 13. sz\u00e9ri\u00e1val.<\/h3>\n<h3><span style=\"color: #ff0000;\"><strong>A h\u00edr nem \u00e9rt v\u00e9get! Folytat\u00e1shoz haszn\u00e1ld a K\u00d6VETKEZ\u0150 OLDAL gombot!<\/strong><\/span><\/h3>\n<p>&#8211;<\/p>\n<p>Aki viszont automata v\u00e1lt\u00f3t keres, annak k\u00e9t enyhe hibrid, \u00fagynevezett \u201emild-hybrid\u201d v\u00e1ltozat \u00e1ll rendelkez\u00e9sre, amelyek 99 illetve 134 l\u00f3er\u0151s kivitelben \u00e9rhet\u0151k el, \u00e9s ezekhez m\u00e1r kiz\u00e1r\u00f3lag hatsebess\u00e9ges, duplakuplungos automata sebess\u00e9gv\u00e1lt\u00f3 tartozik. Ezek a mild-hibrid modellek a WLTP szabv\u00e1ny szerinti vegyes fogyaszt\u00e1si ciklus alapj\u00e1n b\u0151ven k\u00e9pesek 50 m\u00e9rf\u00f6ld\/gallon (azaz k\u00f6r\u00fclbel\u00fcl 4,7 liter\/100 km) alatti fogyaszt\u00e1sra is, ami k\u00fcl\u00f6n\u00f6sen gazdas\u00e1gosnak sz\u00e1m\u00edt.<\/p>\n<p>Ha valakit \u00e9rdekel a Peugeot 208, akkor nagy es\u00e9llyel felkeltette a figyelm\u00e9t az aut\u00f3 tiszt\u00e1n elektromos v\u00e1ltozata is, amit E-208 n\u00e9ven ismer\u00fcnk. A leggyeng\u00e9bb elektromos v\u00e1ltozat ak\u00e1r 225 m\u00e9rf\u00f6ld (k\u00f6r\u00fclbel\u00fcl 362 kilom\u00e9ter) hat\u00f3t\u00e1vot is el\u00e9rhet, egy 50 kWh kapacit\u00e1s\u00fa (ebb\u0151l 46,3 kWh t\u00e9nylegesen haszn\u00e1lhat\u00f3) akkumul\u00e1torral. Emellett l\u00e9tezik egy nagyobb teljes\u00edtm\u00e9ny\u0171 v\u00e1ltozat is, amely m\u00e1r egy 51 kWh-s akkumul\u00e1tort (ebb\u0151l 48,1 kWh t\u00e9nylegesen el\u00e9rhet\u0151) \u00e9s er\u0151sebb villanymotort kapott, amivel az aut\u00f3 hivatalos hat\u00f3t\u00e1vols\u00e1ga ak\u00e1r 248 m\u00e9rf\u00f6ldre (kb. 399 km-re) is n\u0151. Ha valakit komolyan \u00e9rdekel ez a z\u00e9r\u00f3 kibocs\u00e1t\u00e1s\u00fa, teljesen elektromos kisaut\u00f3, akkor mindenk\u00e9ppen \u00e9rdemes elolvasnia a r\u00e9szletes Peugeot E-208 tesztet, amelyb\u0151l m\u00e9g t\u00f6bb r\u00e9szlet kider\u00fcl r\u00f3la.<\/p>\n<h3><span style=\"color: #ff0000;\"><strong>A h\u00edr nem \u00e9rt v\u00e9get! Folytat\u00e1shoz haszn\u00e1ld a K\u00d6VETKEZ\u0150 OLDAL gombot!<\/strong><\/span><\/h3>\n<p><!--nextpage--><\/p>\n<h3>A m\u0171sorvezet\u0151k tavalyhoz hasonl\u00f3an P\u00e1pai Joci \u00e9s Miller D\u00e1vid lesznek, illetve a zs\u0171rig\u00e1rda sem v\u00e1ltozott, hiszen T\u00f3th Andi, Majka, Valkusz Mil\u00e1n \u00e9s G\u00e1sp\u00e1r Laci \u00e9rt\u00e9keli majd a produkci\u00f3kat.<\/h3>\n<p>Forr\u00e1s: MSN \/ FB<\/p>\n<p>&#8211;<\/p>\n<p>A Peugeot 208-ban egy\u00e9bk\u00e9nt rengeteg okos technol\u00f3gia rejt\u0151zik a motorh\u00e1ztet\u0151 alatt, vagyis nemcsak k\u00edv\u00fclr\u0151l t\u0171nik modern aut\u00f3nak, hanem val\u00f3ban az is. Ennek az az egyik f\u0151 oka, hogy az aut\u00f3 a CMP nev\u0171 padl\u00f3lemezre \u00e9p\u00fcl, amelyet a Peugeot a Stellantis konszern t\u00f6bbi m\u00e1rk\u00e1j\u00e1val is megoszt \u2013 p\u00e9ld\u00e1ul a Vauxhall Corsa is ugyanilyen alapokra \u00e9p\u00fcl. A 208 \u00e9s a Corsa teh\u00e1t nemcsak a szerkezeti platformot osztja meg, hanem ugyanazokat a motortechnol\u00f3gi\u00e1kat is haszn\u00e1lj\u00e1k, ami j\u00f3 h\u00edr, mert ez a k\u00f6z\u00f6s motor \u2013 az 1,2 literes h\u00e1romhengeres PureTech \u2013 kifejezetten j\u00f3l siker\u00fclt konstrukci\u00f3. A motor nem mutat szinte semmilyen k\u00e9sleked\u00e9st az alacsony fordulatsz\u00e1mon sem (ez a jelens\u00e9g, amikor a turb\u00f3 csak k\u00e9s\u0151bb kapcsol be, a \u201eturbolag\u201d), \u00e9s \u00e9l\u00e9nken p\u00f6r\u00f6g fel eg\u00e9szen a piros tartom\u00e1nyig, vagyis magas fordulaton is lelkes. R\u00e1ad\u00e1sul az el\u0151z\u0151 gener\u00e1ci\u00f3s 208-cal ellent\u00e9tben most m\u00e1r nem is zajos \u2013 a motor csendesebben \u00e9s kifinomultabban m\u0171k\u00f6dik. Egyetlen h\u00e1tr\u00e1nya, hogy a k\u00e9zi sebess\u00e9gv\u00e1lt\u00f3 nem kifejezetten pontos: kicsit \u201egumiszer\u0171\u201d \u00e9rz\u00e9st ad, \u00e9s nem t\u00fal hat\u00e1rozott. Viszont benzines modellhez jelenleg m\u00e1s v\u00e1lt\u00f3 nem v\u00e1laszthat\u00f3. Aki automat\u00e1t szeretne, annak a mild-hibrid verzi\u00f3k valamelyik\u00e9t kell v\u00e1lasztania.<\/p>\n","protected":false},"excerpt":{"rendered":"<p>Izgalmas, dr\u00e1mai \u00e9s felemel\u0151 pillanatokb\u00f3l 2025-ben sem lesz hi\u00e1ny, f\u0151leg, ha a v\u00e1logat\u00f3kr\u00f3l van sz\u00f3, ahol a legk\u00fcl\u00f6n\u00f6sebb arcok is megfordulnak. Az els\u0151 beharangoz\u00f3 vide\u00f3ban egy versenyz\u0151 azt \u00e1ll\u00edtotta mag\u00e1r\u00f3l, hogy \u0151&#8230;<\/p>\n","protected":false},"author":1,"featured_media":6701,"comment_status":"open","ping_status":"open","sticky":false,"template":"","format":"standard","meta":{"footnotes":""},"categories":[2],"tags":[],"class_list":["post-6700","post","type-post","status-publish","format-standard","has-post-thumbnail","hentry","category-altalanos"],"aioseo_notices":[],"_links":{"self":[{"href":"https:\/\/online-filmkatarzis.com\/kucko\/wp-json\/wp\/v2\/posts\/6700","targetHints":{"allow":["GET"]}}],"collection":[{"href":"https:\/\/online-filmkatarzis.com\/kucko\/wp-json\/wp\/v2\/posts"}],"about":[{"href":"https:\/\/online-filmkatarzis.com\/kucko\/wp-json\/wp\/v2\/types\/post"}],"author":[{"embeddable":true,"href":"https:\/\/online-filmkatarzis.com\/kucko\/wp-json\/wp\/v2\/users\/1"}],"replies":[{"embeddable":true,"href":"https:\/\/online-filmkatarzis.com\/kucko\/wp-json\/wp\/v2\/comments?post=6700"}],"version-history":[{"count":2,"href":"https:\/\/online-filmkatarzis.com\/kucko\/wp-json\/wp\/v2\/posts\/6700\/revisions"}],"predecessor-version":[{"id":6704,"href":"https:\/\/online-filmkatarzis.com\/kucko\/wp-json\/wp\/v2\/posts\/6700\/revisions\/6704"}],"wp:featuredmedia":[{"embeddable":true,"href":"https:\/\/online-filmkatarzis.com\/kucko\/wp-json\/wp\/v2\/media\/6701"}],"wp:attachment":[{"href":"https:\/\/online-filmkatarzis.com\/kucko\/wp-json\/wp\/v2\/media?parent=6700"}],"wp:term":[{"taxonomy":"category","embeddable":true,"href":"https:\/\/online-filmkatarzis.com\/kucko\/wp-json\/wp\/v2\/categories?post=6700"},{"taxonomy":"post_tag","embeddable":true,"href":"https:\/\/online-filmkatarzis.com\/kucko\/wp-json\/wp\/v2\/tags?post=6700"}],"curies":[{"name":"wp","href":"https:\/\/api.w.org\/{rel}","templated":true}]}}