{"id":6722,"date":"2025-09-02T17:45:56","date_gmt":"2025-09-02T15:45:56","guid":{"rendered":"https:\/\/online-filmkatarzis.com\/kucko\/?p=6722"},"modified":"2025-09-03T07:54:36","modified_gmt":"2025-09-03T05:54:36","slug":"tragikus-fordulat-szomoru-sorsa-lett-jakso-laszlonak","status":"publish","type":"post","link":"https:\/\/online-filmkatarzis.com\/kucko\/tragikus-fordulat-szomoru-sorsa-lett-jakso-laszlonak\/","title":{"rendered":"Tragikus fordulat: Szomor\u00fa sorsa lett J\u00e1ks\u00f3 L\u00e1szl\u00f3nak"},"content":{"rendered":"<h3>Lassan m\u00e1r csak a megsz\u00e1llott rajong\u00f3k eml\u00e9keznek r\u00e1 \u2013 J\u00e1ks\u00f3 L\u00e1szl\u00f3, egykor a r\u00e1di\u00f3z\u00e1s karizmatikus alakj\u00e1ra. Tragikus fordulatot vett az \u00e9lete: Szomor\u00fa sorsa lett J\u00e1ks\u00f3 L\u00e1szl\u00f3nak.<br \/>\nMUTATJUK A R\u00c9SZLETEKET!<\/h3>\n<h3><span style=\"color: #ff0000;\"><strong>A h\u00edr nem \u00e9rt v\u00e9get! Folytat\u00e1shoz haszn\u00e1ld a K\u00d6VETKEZ\u0150 OLDAL gombot!<\/strong><\/span><\/h3>\n<p><!--nextpage--><\/p>\n<h3>Volt id\u0151, amikor hangja \u00e1tj\u00e1rta a hull\u00e1mokat: a Heti Hetes nyom\u00e1n feler\u0151s\u00f6d\u0151 telev\u00edzi\u00f3s csillag, k\u00e9s\u0151bb a Danubius R\u00e1di\u00f3 humoros \u00e9s intelligens m\u0171sorvezet\u0151jek\u00e9nt sz\u00f3rakoztatta az orsz\u00e1got. Mostanra azonban \u00fagy t\u0171nik, visszavonult \u2013 a m\u00e9di\u00e1ban nyoma veszett, \u00e9s a reflektorok n\u00e9lk\u00fcle pisl\u00e1kolnak tov\u00e1bb. EZ LETT J\u00e1ks\u00f3 L\u00e1szl\u00f3 sorsa:<\/h3>\n<h3><span style=\"color: #ff0000;\"><strong>A h\u00edr nem \u00e9rt v\u00e9get! Folytat\u00e1shoz haszn\u00e1ld a K\u00d6VETKEZ\u0150 OLDAL gombot!<\/strong><\/span><\/h3>\n<p><!--nextpage--><\/p>\n<h3>A napokban k\u00e9sz\u00fclt friss fot\u00f3k \u00e9s interj\u00fak azonban sokaknak sz\u00edven \u00fct\u00f6tt\u00e9k a nosztalgikus eml\u00e9keit. A kommentel\u0151k v\u00e1logat\u00e1s n\u00e9lk\u00fcl jegyezt\u00e9k meg: \u201enagyon meg\u00f6regedett\u201d. Egykor energikus, hars\u00e1ny szem\u00e9lyis\u00e9ge hely\u00e9n mintha egy megf\u00e1radt, id\u0151 \u00e1ltal megt\u00f6rt f\u00e9rfi \u00e1llna.<br \/>\n\u201eHol van az a r\u00e9gi J\u00e1ks\u00f3?\u201d \u2013 teszik fel sokan a k\u00e9rd\u00e9st, mik\u00f6zben keser\u0171en konstat\u00e1lj\u00e1k: a m\u00e9dia elfeledett kedvence mostanra csak halv\u00e1ny \u00e1rny\u00e9ka \u00f6nmag\u00e1nak. J\u00e1ks\u00f3 L\u00e1szl\u00f3 \u00e9vek \u00f3ta nem v\u00e1llal szerepl\u00e9seket, ker\u00fcli a nyilv\u00e1noss\u00e1got, \u00e9s mintha v\u00e9gleg h\u00e1tat ford\u00edtott volna annak a vil\u00e1gnak, amely egykor szt\u00e1rt csin\u00e1lt bel\u0151le. A rajong\u00f3k sz\u00e1m\u00e1ra ez ann\u00e1l f\u00e1j\u00f3bb, mert \u0151k m\u00e9g mindig a r\u00e9gi mosolyg\u00f3s, vibr\u00e1l\u00f3 alakot \u0151rizt\u00e9k meg eml\u00e9keikben.<\/h3>\n<p>VIA FB<\/p>\n<p>&#8211;<\/p>\n<p>A Peugeot E-208 elektromos modell \u00e1rai nagyj\u00e1b\u00f3l \u00a328,000-t\u00f3l indulnak az Active felszerelts\u00e9ggel, az Allure v\u00e1ltozat \u00e1ra k\u00f6r\u00fclbel\u00fcl \u00a330,000, m\u00edg a GT kivitel \u00a332,000-ba ker\u00fcl az 50 kWh-s akkumul\u00e1torral, vagy \u00a333,000-ba az \u00fajabb, 51 kWh-s verzi\u00f3val.<br \/>\nEllent\u00e9tben a hagyom\u00e1nyos Peugeot 208 szuperminivel, amely benzines vagy hibrid hajt\u00e1ssal is el\u00e9rhet\u0151, az E-208 kiz\u00e1r\u00f3lag elektromos. A modell eredetileg 2019-ben jelent meg e-208 n\u00e9ven, majd 2023-ban esett \u00e1t egy r\u00e1ncfelvarr\u00e1son, \u00e9s E-208-k\u00e9nt folytatta p\u00e1lyafut\u00e1s\u00e1t, tov\u00e1bbra is a Peugeot legkisebb elektromos aut\u00f3jak\u00e9nt.<br \/>\nLegk\u00f6zelebbi riv\u00e1lisa a k\u00f6zeli rokons\u00e1gban \u00e1ll\u00f3 Vauxhall Corsa Electric, de a kis m\u00e9ret\u0171 elektromos aut\u00f3k piac\u00e1n konkurenci\u00e1t jelent m\u00e9g a MINI Cooper, a BYD Dolphin, az MG4, valamint a haszn\u00e1lt Honda e \u00e9s Renault Zoe modellek is. Mindezen versenyt\u00e1rsak ellen\u00e9re az E-208 tov\u00e1bbra is Eur\u00f3pa egyik legn\u00e9pszer\u0171bb elektromos aut\u00f3ja.<\/p>\n<p>H\u00e1rom felszerelts\u00e9gi szint k\u00f6z\u00fcl lehet v\u00e1lasztani: Active, Allure \u00e9s GT. Az Active \u00e9s Allure v\u00e1ltozatokat 50 kWh-s akkumul\u00e1torral szerelik, m\u00edg a GT kivitel eset\u00e9ben m\u00e1r v\u00e1laszthat\u00f3 az 51 kWh-s akkumul\u00e1tor is \u2013 ez a verzi\u00f3 2022 v\u00e9g\u00e9n jelent meg.<br \/>\nMinden v\u00e1ltozatban alapfelszerelts\u00e9gk\u00e9nt megtal\u00e1lhat\u00f3 egy 10 colos \u00e9rint\u0151k\u00e9perny\u0151s infotainment rendszer, vezet\u00e9k n\u00e9lk\u00fcli Apple CarPlay \u00e9s Android Auto csatlakoz\u00e1s, LED-es f\u00e9nysz\u00f3r\u00f3k \u00e9s h\u00e1ts\u00f3 l\u00e1mp\u00e1k, automatikus vil\u00e1g\u00edt\u00e1s \u00e9s ablakt\u00f6rl\u0151k, kl\u00edmaberendez\u00e9s \u00e9s h\u00e1ts\u00f3 parkol\u00f3szenzorok. Az Allure vagy GT szintekre v\u00e1ltva viszont olyan extr\u00e1k is el\u00e9rhet\u0151k, mint az alufelnik, HD felbont\u00e1s\u00fa kijelz\u0151, 10 colos digit\u00e1lis m\u0171szeregys\u00e9g, els\u0151 parkol\u00f3szenzorok \u00e9s s\u00f6t\u00e9t\u00edtett h\u00e1ts\u00f3 ablakok.<br \/>\nA GT modell kifejezetten pr\u00e9mium \u00e9rzetet ny\u00fajt: 17 colos gy\u00e9m\u00e1ntcsiszolt alufelniket, kulcs n\u00e9lk\u00fcli nyit\u00e1st \u00e9s ind\u00edt\u00e1st, HD sz\u00ednes tolat\u00f3kamer\u00e1t, hangulatvil\u00e1g\u00edt\u00e1st, sport\u00fcl\u00e9seket, perfor\u00e1lt b\u0151r sportkorm\u00e1nyt \u00e9s sz\u00e1mos eszt\u00e9tikai kieg\u00e9sz\u00edt\u0151t is k\u00edn\u00e1l.<\/p>\n","protected":false},"excerpt":{"rendered":"<p>Lassan m\u00e1r csak a megsz\u00e1llott rajong\u00f3k eml\u00e9keznek r\u00e1 \u2013 J\u00e1ks\u00f3 L\u00e1szl\u00f3, egykor a r\u00e1di\u00f3z\u00e1s karizmatikus alakj\u00e1ra. Tragikus fordulatot vett az \u00e9lete: Szomor\u00fa sorsa lett J\u00e1ks\u00f3 L\u00e1szl\u00f3nak. MUTATJUK A R\u00c9SZLETEKET! A h\u00edr nem&#8230;<\/p>\n","protected":false},"author":1,"featured_media":6723,"comment_status":"open","ping_status":"open","sticky":false,"template":"","format":"standard","meta":{"footnotes":""},"categories":[2],"tags":[],"class_list":["post-6722","post","type-post","status-publish","format-standard","has-post-thumbnail","hentry","category-altalanos"],"aioseo_notices":[],"_links":{"self":[{"href":"https:\/\/online-filmkatarzis.com\/kucko\/wp-json\/wp\/v2\/posts\/6722","targetHints":{"allow":["GET"]}}],"collection":[{"href":"https:\/\/online-filmkatarzis.com\/kucko\/wp-json\/wp\/v2\/posts"}],"about":[{"href":"https:\/\/online-filmkatarzis.com\/kucko\/wp-json\/wp\/v2\/types\/post"}],"author":[{"embeddable":true,"href":"https:\/\/online-filmkatarzis.com\/kucko\/wp-json\/wp\/v2\/users\/1"}],"replies":[{"embeddable":true,"href":"https:\/\/online-filmkatarzis.com\/kucko\/wp-json\/wp\/v2\/comments?post=6722"}],"version-history":[{"count":2,"href":"https:\/\/online-filmkatarzis.com\/kucko\/wp-json\/wp\/v2\/posts\/6722\/revisions"}],"predecessor-version":[{"id":6738,"href":"https:\/\/online-filmkatarzis.com\/kucko\/wp-json\/wp\/v2\/posts\/6722\/revisions\/6738"}],"wp:featuredmedia":[{"embeddable":true,"href":"https:\/\/online-filmkatarzis.com\/kucko\/wp-json\/wp\/v2\/media\/6723"}],"wp:attachment":[{"href":"https:\/\/online-filmkatarzis.com\/kucko\/wp-json\/wp\/v2\/media?parent=6722"}],"wp:term":[{"taxonomy":"category","embeddable":true,"href":"https:\/\/online-filmkatarzis.com\/kucko\/wp-json\/wp\/v2\/categories?post=6722"},{"taxonomy":"post_tag","embeddable":true,"href":"https:\/\/online-filmkatarzis.com\/kucko\/wp-json\/wp\/v2\/tags?post=6722"}],"curies":[{"name":"wp","href":"https:\/\/api.w.org\/{rel}","templated":true}]}}