{"id":6770,"date":"2025-09-04T16:36:05","date_gmt":"2025-09-04T14:36:05","guid":{"rendered":"https:\/\/online-filmkatarzis.com\/kucko\/?p=6770"},"modified":"2025-09-04T16:36:05","modified_gmt":"2025-09-04T14:36:05","slug":"sirva-jelentette-be-toth-gabi","status":"publish","type":"post","link":"https:\/\/online-filmkatarzis.com\/kucko\/sirva-jelentette-be-toth-gabi\/","title":{"rendered":"S\u00edrva jelentette be T\u00f3th Gabi"},"content":{"rendered":"<h3>A h\u00e9t elej\u00e9n T\u00f3th Gabi m\u00e9g mosolyogva vett r\u00e9szt a Megaszt\u00e1r hivatalos sajt\u00f3t\u00e1j\u00e9koztat\u00f3j\u00e1n, \u00e1m tegnap m\u00e1r eg\u00e9szen m\u00e1s hangulatban jelentkezett: k\u00f6nnyeivel k\u00fcszk\u00f6dve osztotta meg a nyilv\u00e1noss\u00e1ggal:<\/h3>\n<h3><span style=\"color: #ff0000;\"><strong>A h\u00edr nem \u00e9rt v\u00e9get! Folytat\u00e1shoz haszn\u00e1ld a K\u00d6VETKEZ\u0150 OLDAL gombot!<\/strong><\/span><\/h3>\n<h3 style=\"text-align: right;\"><a href=\"https:\/\/online-filmkatarzis.com\/kucko\/hirek\/sirva-jelentette-be-toth-gabi\/\" target=\"_blank\" rel=\"noopener\"><span style=\"color: #ff0000;\">&#8212;&gt;&gt; K\u00d6VETKEZ\u0150 OLDAL<\/span><\/a><\/h3>\n<p>&#8211;<\/p>\n<p>A Skywell neve val\u00f3sz\u00edn\u0171leg teljesen ismeretlen m\u00e9g az Egyes\u00fclt Kir\u00e1lys\u00e1gban, de a BE11 modell r\u00e9v\u00e9n a v\u00e1s\u00e1rl\u00f3k egy igaz\u00e1n t\u00e1gas elektromos aut\u00f3t kaphatnak viszonylag kedvez\u0151 \u00e1ron. B\u00e1r az \u00e1r-\u00e9rt\u00e9k ar\u00e1ny, a h\u00e1ts\u00f3 utast\u00e9r m\u00e9rete \u00e9s a komfort tekintet\u00e9ben j\u00f3l teljes\u00edt, a fut\u00f3m\u0171 kifinomults\u00e1ga, a hajt\u00e1sl\u00e1nc hangol\u00e1sa, a menetteljes\u00edtm\u00e9ny, a hat\u00e9konys\u00e1g \u00e9s a t\u00f6lt\u00e9si sebess\u00e9gek ter\u00e9n m\u00e1r messze elmarad a legt\u00f6bb jelenlegi elektromos csal\u00e1di aut\u00f3t\u00f3l. Ha valaki csup\u00e1n egy nagy m\u00e9ret\u0171 aut\u00f3ra v\u00e1gyik kev\u00e9s p\u00e9nz\u00e9rt, akkor ez egy elfogadhat\u00f3 v\u00e1laszt\u00e1s lehet, de ha az \u00e1r a legf\u0151bb szempont, ink\u00e1bb \u00e9rdemes k\u00f6r\u00fcln\u00e9zni a haszn\u00e1ltpiacon, vagy olyan kisebb \u2013 \u00e1m m\u00e9g mindig nagyon praktikus \u2013 modellek ir\u00e1ny\u00e1ba fordulni, mint a Kia EV3 vagy a Skoda Elroq.<\/p>\n<p>A Skywell \u00fajabb k\u00ednai aut\u00f3m\u00e1rka, amely m\u00e9g csak most pr\u00f3b\u00e1lja megvetni a l\u00e1b\u00e1t az Egyes\u00fclt Kir\u00e1lys\u00e1g elektromosaut\u00f3-piac\u00e1n \u2013 szemben p\u00e9ld\u00e1ul a BYD-vel vagy az MG-vel, amelyek m\u00e1r er\u0151teljesebb jelenl\u00e9tet mutatnak. A Skywell BE11 egy teljesen elektromos SUV, amely m\u00e9ret\u00e9t tekintve a BMW iX3 \u00e9s a Skoda Enyaq k\u00f6zvetlen riv\u00e1lisa, \u00e1ra azonban j\u00f3val bar\u00e1ts\u00e1gosabb: a 72 kWh-s akkumul\u00e1torral szerelt v\u00e1ltozat k\u00f6r\u00fclbel\u00fcl 37 000 fontt\u00f3l indul, m\u00edg a nagyobb, 86 kWh-s verzi\u00f3 \u00e1ra valamivel 40 000 font alatt van. Ez azt jelenti, hogy olcs\u00f3bb, mint p\u00e9ld\u00e1ul a Toyota bZ4X vagy a Volkswagen ID.4, \u00e9s a h\u00e9t \u00e9vre vagy 100 000 m\u00e9rf\u00f6ldre sz\u00f3l\u00f3 garancia szint\u00e9n vonz\u00f3 lehet\u0151s\u00e9gk\u00e9nt t\u00fcnteti fel a modellt. A diz\u00e1jn azonban nem igaz\u00e1n mer\u00e9sz vagy egyedi \u2013 k\u00edv\u00fcl-bel\u00fcl t\u00f6bb m\u00e1rk\u00e1t\u00f3l ismer\u0151s megold\u00e1sok k\u00f6sz\u00f6nnek vissza. A nagyobb akkumul\u00e1torral szerelt v\u00e1ltozat k\u00f6r\u00fclbel\u00fcl 480 kilom\u00e9teres becs\u00fclt hat\u00f3t\u00e1vja ma m\u00e1r teljesen \u00e1tlagosnak sz\u00e1m\u00edt. A Skywell abban b\u00edzik, hogy a versenyk\u00e9pes \u00e1r, a hossz\u00fa garancia \u00e9s a gazdag alapfelszerelts\u00e9g elegend\u0151 lesz ahhoz, hogy a v\u00e1s\u00e1rl\u00f3k egy r\u00e9sze elt\u00e9rjen a megszokott elektromos aut\u00f3kt\u00f3l.<\/p>\n","protected":false},"excerpt":{"rendered":"<p>A h\u00e9t elej\u00e9n T\u00f3th Gabi m\u00e9g mosolyogva vett r\u00e9szt a Megaszt\u00e1r hivatalos sajt\u00f3t\u00e1j\u00e9koztat\u00f3j\u00e1n, \u00e1m tegnap m\u00e1r eg\u00e9szen m\u00e1s hangulatban jelentkezett: k\u00f6nnyeivel k\u00fcszk\u00f6dve osztotta meg a nyilv\u00e1noss\u00e1ggal: A h\u00edr nem \u00e9rt v\u00e9get! Folytat\u00e1shoz&#8230;<\/p>\n","protected":false},"author":1,"featured_media":6771,"comment_status":"open","ping_status":"open","sticky":false,"template":"","format":"standard","meta":{"footnotes":""},"categories":[2],"tags":[],"class_list":["post-6770","post","type-post","status-publish","format-standard","has-post-thumbnail","hentry","category-altalanos"],"aioseo_notices":[],"_links":{"self":[{"href":"https:\/\/online-filmkatarzis.com\/kucko\/wp-json\/wp\/v2\/posts\/6770","targetHints":{"allow":["GET"]}}],"collection":[{"href":"https:\/\/online-filmkatarzis.com\/kucko\/wp-json\/wp\/v2\/posts"}],"about":[{"href":"https:\/\/online-filmkatarzis.com\/kucko\/wp-json\/wp\/v2\/types\/post"}],"author":[{"embeddable":true,"href":"https:\/\/online-filmkatarzis.com\/kucko\/wp-json\/wp\/v2\/users\/1"}],"replies":[{"embeddable":true,"href":"https:\/\/online-filmkatarzis.com\/kucko\/wp-json\/wp\/v2\/comments?post=6770"}],"version-history":[{"count":1,"href":"https:\/\/online-filmkatarzis.com\/kucko\/wp-json\/wp\/v2\/posts\/6770\/revisions"}],"predecessor-version":[{"id":6772,"href":"https:\/\/online-filmkatarzis.com\/kucko\/wp-json\/wp\/v2\/posts\/6770\/revisions\/6772"}],"wp:featuredmedia":[{"embeddable":true,"href":"https:\/\/online-filmkatarzis.com\/kucko\/wp-json\/wp\/v2\/media\/6771"}],"wp:attachment":[{"href":"https:\/\/online-filmkatarzis.com\/kucko\/wp-json\/wp\/v2\/media?parent=6770"}],"wp:term":[{"taxonomy":"category","embeddable":true,"href":"https:\/\/online-filmkatarzis.com\/kucko\/wp-json\/wp\/v2\/categories?post=6770"},{"taxonomy":"post_tag","embeddable":true,"href":"https:\/\/online-filmkatarzis.com\/kucko\/wp-json\/wp\/v2\/tags?post=6770"}],"curies":[{"name":"wp","href":"https:\/\/api.w.org\/{rel}","templated":true}]}}