{"id":6783,"date":"2025-09-05T17:58:28","date_gmt":"2025-09-05T15:58:28","guid":{"rendered":"https:\/\/online-filmkatarzis.com\/kucko\/?p=6783"},"modified":"2025-09-05T17:58:28","modified_gmt":"2025-09-05T15:58:28","slug":"cipo-is-ott-lesz-a-republic-jubileumi-koncertjen","status":"publish","type":"post","link":"https:\/\/online-filmkatarzis.com\/kucko\/cipo-is-ott-lesz-a-republic-jubileumi-koncertjen\/","title":{"rendered":"Cip\u0151 is ott lesz a Republic jubileumi koncertj\u00e9n"},"content":{"rendered":"<h3>35 \u00e9ves a Republic: k\u00fcl\u00f6nleges jubileumi koncertre k\u00e9sz\u00fcl a Republic Szegeden. Harminc\u00f6t \u00e9ve alakult a Republic, amely az elm\u00falt \u00e9vtizedekben h\u00fasz albumot adott ki, \u00e9s gener\u00e1ci\u00f3kon \u00e1t\u00edvel\u0151en k\u00eds\u00e9rte v\u00e9gig rajong\u00f3it dalaival. A zenekar szeptember 19-\u00e9n Szegeden tartja az \u00e9vfordul\u00f3 alkalm\u00e1b\u00f3l az \u0151sz legnagyobb koncertj\u00e9t, ahol nemcsak a sl\u00e1gerek csend\u00fclnek fel. MUTATJUK A R\u00c9SZLETEKET!<\/h3>\n<h3><span style=\"color: #ff0000;\"><strong>A h\u00edr nem \u00e9rt v\u00e9get! Folytat\u00e1shoz haszn\u00e1ld a K\u00d6VETKEZ\u0150 OLDAL gombot!<\/strong><\/span><\/h3>\n<h3 style=\"text-align: right;\"><a href=\"https:\/\/online-filmkatarzis.com\/kucko\/hirek\/cipo-is-ott-lesz-a-republic-jubileumi-koncertjen\/\" target=\"_blank\" rel=\"noopener\"><span style=\"color: #ff0000;\">&#8212;&gt;&gt; K\u00d6VETKEZ\u0150 OLDAL<\/span><\/a><\/h3>\n<p>&#8211;<\/p>\n<p>A plug-in hibrid (PHEV) modell k\u00fcl\u00f6nlegess\u00e9ge, hogy egy nagyobb, 17,7 kWh kapacit\u00e1s\u00fa akkumul\u00e1torral rendelkezik, amely lehet\u0151v\u00e9 teszi, hogy ak\u00e1r 79 kilom\u00e9tert is megtegy\u00fcnk kiz\u00e1r\u00f3lag elektromos hajt\u00e1ssal \u2013 vagyis an\u00e9lk\u00fcl, hogy egy\u00e1ltal\u00e1n beindulna a benzinmotor. Ha ez az akkumul\u00e1tor lemer\u00fcl, az aut\u00f3 m\u0171k\u00f6d\u00e9se \u00e1tv\u00e1lt a norm\u00e1l hibrid m\u00f3dba \u2013 vagyis ugyan\u00fagy m\u0171k\u00f6dik, mint a kisebb akkumul\u00e1torral szerelt e:HEV verzi\u00f3. Fontos kiemelni, hogy m\u00e1s plug-in hibridekkel ellent\u00e9tben, amelyekn\u00e9l ha lemer\u00fcl az akkumul\u00e1tor, akkor drasztikusan visszaesik a hat\u00e9konys\u00e1g, a CR-V eset\u00e9ben ez nem t\u00f6rt\u00e9nik meg. Vagyis m\u00e9g akkor is gazdas\u00e1gosan k\u00f6zlekedhet\u00fcnk vele, ha m\u00e1r nem tudjuk haszn\u00e1lni az elektromos m\u00f3dot. A v\u00e1rosi forgalomban a CR-V k\u00fcl\u00f6n\u00f6sen csendes, ha elektromos m\u00f3dban m\u0171k\u00f6dik \u2013 szinte hangtalanul suhan, ami rendk\u00edv\u00fcl kellemes \u00e9lm\u00e9nyt ny\u00fajt. Ugyanakkor az e:HEV verzi\u00f3 csak r\u00f6videbb t\u00e1vokon tud \u00edgy m\u0171k\u00f6dni, mivel kisebb az akkumul\u00e1tora, m\u00edg a plug-in v\u00e1ltozat sokkal hosszabb ideig \u00e9s ak\u00e1r nagyobb sebess\u00e9gn\u00e9l is k\u00e9pes elektromos \u00fczemm\u00f3dban maradni, h\u00e1la a nagyobb akkukapacit\u00e1snak.<\/p>\n<p>A CR-V f\u00e9kez\u00e9si rendszere is elt\u00e9r sok m\u00e1s hibrid j\u00e1rm\u0171t\u0151l, mivel lehet\u0151s\u00e9get ad arra, hogy a lassul\u00e1s m\u00e9rt\u00e9k\u00e9t \u2013 amikor felengedj\u00fck a g\u00e1zped\u00e1lt \u2013 manu\u00e1lisan szab\u00e1lyozzuk a korm\u00e1ny m\u00f6g\u00f6tt elhelyezett v\u00e1lt\u00f3f\u00fclekkel. Ez a rendszer a regenerat\u00edv f\u00e9kez\u00e9st haszn\u00e1lja, vagyis amikor lass\u00edtunk, az aut\u00f3 energi\u00e1t nyer vissza, amit az akkumul\u00e1torba t\u00f6lt vissza.<\/p>\n","protected":false},"excerpt":{"rendered":"<p>35 \u00e9ves a Republic: k\u00fcl\u00f6nleges jubileumi koncertre k\u00e9sz\u00fcl a Republic Szegeden. Harminc\u00f6t \u00e9ve alakult a Republic, amely az elm\u00falt \u00e9vtizedekben h\u00fasz albumot adott ki, \u00e9s gener\u00e1ci\u00f3kon \u00e1t\u00edvel\u0151en k\u00eds\u00e9rte v\u00e9gig rajong\u00f3it dalaival. A&#8230;<\/p>\n","protected":false},"author":1,"featured_media":6784,"comment_status":"open","ping_status":"open","sticky":false,"template":"","format":"standard","meta":{"footnotes":""},"categories":[2],"tags":[],"class_list":["post-6783","post","type-post","status-publish","format-standard","has-post-thumbnail","hentry","category-altalanos"],"aioseo_notices":[],"_links":{"self":[{"href":"https:\/\/online-filmkatarzis.com\/kucko\/wp-json\/wp\/v2\/posts\/6783","targetHints":{"allow":["GET"]}}],"collection":[{"href":"https:\/\/online-filmkatarzis.com\/kucko\/wp-json\/wp\/v2\/posts"}],"about":[{"href":"https:\/\/online-filmkatarzis.com\/kucko\/wp-json\/wp\/v2\/types\/post"}],"author":[{"embeddable":true,"href":"https:\/\/online-filmkatarzis.com\/kucko\/wp-json\/wp\/v2\/users\/1"}],"replies":[{"embeddable":true,"href":"https:\/\/online-filmkatarzis.com\/kucko\/wp-json\/wp\/v2\/comments?post=6783"}],"version-history":[{"count":2,"href":"https:\/\/online-filmkatarzis.com\/kucko\/wp-json\/wp\/v2\/posts\/6783\/revisions"}],"predecessor-version":[{"id":6786,"href":"https:\/\/online-filmkatarzis.com\/kucko\/wp-json\/wp\/v2\/posts\/6783\/revisions\/6786"}],"wp:featuredmedia":[{"embeddable":true,"href":"https:\/\/online-filmkatarzis.com\/kucko\/wp-json\/wp\/v2\/media\/6784"}],"wp:attachment":[{"href":"https:\/\/online-filmkatarzis.com\/kucko\/wp-json\/wp\/v2\/media?parent=6783"}],"wp:term":[{"taxonomy":"category","embeddable":true,"href":"https:\/\/online-filmkatarzis.com\/kucko\/wp-json\/wp\/v2\/categories?post=6783"},{"taxonomy":"post_tag","embeddable":true,"href":"https:\/\/online-filmkatarzis.com\/kucko\/wp-json\/wp\/v2\/tags?post=6783"}],"curies":[{"name":"wp","href":"https:\/\/api.w.org\/{rel}","templated":true}]}}