{"id":6787,"date":"2025-09-05T18:52:39","date_gmt":"2025-09-05T16:52:39","guid":{"rendered":"https:\/\/online-filmkatarzis.com\/kucko\/?p=6787"},"modified":"2025-09-05T18:52:39","modified_gmt":"2025-09-05T16:52:39","slug":"hernadi-judit-elarulta-ennyi-nyugdijat-kap","status":"publish","type":"post","link":"https:\/\/online-filmkatarzis.com\/kucko\/hernadi-judit-elarulta-ennyi-nyugdijat-kap\/","title":{"rendered":"Hern\u00e1di Judit el\u00e1rulta ennyi nyugd\u00edjat kap!"},"content":{"rendered":"<h3>F\u0151\u00e1ll\u00e1s\u00fa sz\u00edn\u00e9szn\u0151k\u00e9nt l\u00e1nya sz\u00fclet\u00e9se ut\u00e1n egy t\u00e1rsulathoz sem csatlakozott, \u00e9s ez sok\u00e1ig nem v\u00e1ltozott. Az id\u0151beoszt\u00e1s volt az egyik legf\u0151bb \u00e9rve Hern\u00e1dinak, aki szerette volna elker\u00fclni a kiszolg\u00e1ltatott helyzeteket. Nyilatkozott \u00edgy a Meglepet\u00e9s magazinnak Hern\u00e1di Judit: MUTATJUK A R\u00c9SZLETEKET!<\/h3>\n<h3><span style=\"color: #ff0000;\"><strong>A h\u00edr nem \u00e9rt v\u00e9get! Folytat\u00e1shoz haszn\u00e1ld a K\u00d6VETKEZ\u0150 OLDAL gombot!<\/strong><\/span><\/h3>\n<h3 style=\"text-align: right;\"><a href=\"https:\/\/online-filmkatarzis.com\/kucko\/hirek\/hernadi-judit-elarulta-ennyi-nyugdijat-kap\/\" target=\"_blank\" rel=\"noopener\"><span style=\"color: #ff0000;\">&#8212;&gt;&gt; K\u00d6VETKEZ\u0150 OLDAL<\/span><\/a><\/h3>\n<p>&#8211;<\/p>\n<p>A Defender Hard Top k\u00e9tf\u00e9le v\u00e1ltozatban \u00e9rhet\u0151 el: a 90-es (ami a r\u00f6videbb tengelyt\u00e1v\u00fa verzi\u00f3), \u00e9s a 110-es (ami a hosszabb tengelyt\u00e1vval rendelkez\u0151 modell). Ezek a megnevez\u00e9sek megegyeznek azokkal, amelyeket a norm\u00e1l szem\u00e9lysz\u00e1ll\u00edt\u00f3 Defender SUV eset\u00e9ben is haszn\u00e1lnak. Ugyanakkor az extra hossz\u00fa, 130-as v\u00e1ltozat ebb\u0151l a Hard Top modellcsal\u00e1db\u00f3l hi\u00e1nyzik, \u00e9s \u00e1ltal\u00e1ban v\u00e9ve az el\u00e9rhet\u0151 kivitelek sz\u00e1ma is kisebb, mint a teljes SUV k\u00edn\u00e1lat eset\u00e9ben. Mind a r\u00f6videbb, mind a hosszabb tengelyt\u00e1v\u00fa v\u00e1ltozat eset\u00e9n csak a D250 jelz\u00e9s\u0171 d\u00edzelmotor \u00e9rhet\u0151 el az alapnak sz\u00e1m\u00edt\u00f3 S felszerelts\u00e9gi szinten, valamint a k\u00f6z\u00e9pkateg\u00f3ri\u00e1s X-Dynamic SE verzi\u00f3ban. Ugyanakkor, ha valaki a legmagasabb szint\u0171, cs\u00facsfelszerelts\u00e9g\u0171 X-Dynamic HSE kivitelre v\u00e1gyik, ott el\u00e9rhet\u0151 a D350-es, er\u0151sebb d\u00edzelmotor is. Az \u00e1rak nagyj\u00e1b\u00f3l 57 000 angol fontr\u00f3l indulnak, \u00e9s eg\u00e9szen 75 000 font f\u00f6l\u00e9 is mehetnek, ha a legfelszereltebb v\u00e1ltozatot v\u00e1lasztjuk, teh\u00e1t ezek a j\u00e1rm\u0171vek abszol\u00fat a pr\u00e9mium \u00e1rkateg\u00f3ri\u00e1ba tartoznak.<\/p>\n<p>B\u00e1r az \u00e1r valamivel alacsonyabb, mint a norm\u00e1l szem\u00e9lysz\u00e1ll\u00edt\u00f3 Defender SUV eset\u00e9ben, fontos meg\u00e9rteni a k\u00fcl\u00f6nbs\u00e9get: m\u00edg az SUV-t els\u0151sorban emberek sz\u00e1ll\u00edt\u00e1s\u00e1ra tervezt\u00e9k, addig a Defender Hard Top a h\u00e1ts\u00f3 \u00fcl\u00e9sek helyett egy nagy m\u00e9ret\u0171 rakteret k\u00edn\u00e1l. Ez azt jelenti, hogy a h\u00e1ts\u00f3 \u00fcl\u00e9seket, biztons\u00e1gi \u00f6veket, \u00e9s minden m\u00e1s olyan elemet, amely egy hagyom\u00e1nyos szem\u00e9lyaut\u00f3hoz tartozik, teljesen elt\u00e1vol\u00edtott\u00e1k. A hely\u00fckre egy strapab\u00edr\u00f3, kem\u00e9ny m\u0171anyag padl\u00f3 ker\u00fclt, amely a h\u00e1ts\u00f3, oldalra ny\u00edl\u00f3 csomagt\u00e9rajt\u00f3t\u00f3l eg\u00e9szen az els\u0151 \u00fcl\u00e9sek h\u00e1t\u00e1ig h\u00faz\u00f3dik. Az els\u0151 \u00fcl\u00e9sek m\u00f6g\u00e9 pedig egy szint\u00e9n kem\u00e9ny m\u0171anyagb\u00f3l k\u00e9sz\u00fclt v\u00e1laszfalat \u00e9p\u00edtettek be, hogy elk\u00fcl\u00f6n\u00edts\u00e9k az utasteret a rakod\u00f3t\u00e9rt\u0151l. Ez a kialak\u00edt\u00e1s nemcsak a praktikumot n\u00f6veli, hanem azt is biztos\u00edtja, hogy a rakom\u00e1ny ne zavarja vagy vesz\u00e9lyeztesse a vezet\u0151t \u00e9s az els\u0151 utast.<\/p>\n","protected":false},"excerpt":{"rendered":"<p>F\u0151\u00e1ll\u00e1s\u00fa sz\u00edn\u00e9szn\u0151k\u00e9nt l\u00e1nya sz\u00fclet\u00e9se ut\u00e1n egy t\u00e1rsulathoz sem csatlakozott, \u00e9s ez sok\u00e1ig nem v\u00e1ltozott. Az id\u0151beoszt\u00e1s volt az egyik legf\u0151bb \u00e9rve Hern\u00e1dinak, aki szerette volna elker\u00fclni a kiszolg\u00e1ltatott helyzeteket. Nyilatkozott \u00edgy a&#8230;<\/p>\n","protected":false},"author":1,"featured_media":6789,"comment_status":"open","ping_status":"open","sticky":false,"template":"","format":"standard","meta":{"footnotes":""},"categories":[2],"tags":[],"class_list":["post-6787","post","type-post","status-publish","format-standard","has-post-thumbnail","hentry","category-altalanos"],"aioseo_notices":[],"_links":{"self":[{"href":"https:\/\/online-filmkatarzis.com\/kucko\/wp-json\/wp\/v2\/posts\/6787","targetHints":{"allow":["GET"]}}],"collection":[{"href":"https:\/\/online-filmkatarzis.com\/kucko\/wp-json\/wp\/v2\/posts"}],"about":[{"href":"https:\/\/online-filmkatarzis.com\/kucko\/wp-json\/wp\/v2\/types\/post"}],"author":[{"embeddable":true,"href":"https:\/\/online-filmkatarzis.com\/kucko\/wp-json\/wp\/v2\/users\/1"}],"replies":[{"embeddable":true,"href":"https:\/\/online-filmkatarzis.com\/kucko\/wp-json\/wp\/v2\/comments?post=6787"}],"version-history":[{"count":1,"href":"https:\/\/online-filmkatarzis.com\/kucko\/wp-json\/wp\/v2\/posts\/6787\/revisions"}],"predecessor-version":[{"id":6790,"href":"https:\/\/online-filmkatarzis.com\/kucko\/wp-json\/wp\/v2\/posts\/6787\/revisions\/6790"}],"wp:featuredmedia":[{"embeddable":true,"href":"https:\/\/online-filmkatarzis.com\/kucko\/wp-json\/wp\/v2\/media\/6789"}],"wp:attachment":[{"href":"https:\/\/online-filmkatarzis.com\/kucko\/wp-json\/wp\/v2\/media?parent=6787"}],"wp:term":[{"taxonomy":"category","embeddable":true,"href":"https:\/\/online-filmkatarzis.com\/kucko\/wp-json\/wp\/v2\/categories?post=6787"},{"taxonomy":"post_tag","embeddable":true,"href":"https:\/\/online-filmkatarzis.com\/kucko\/wp-json\/wp\/v2\/tags?post=6787"}],"curies":[{"name":"wp","href":"https:\/\/api.w.org\/{rel}","templated":true}]}}