{"id":6809,"date":"2025-09-06T18:34:59","date_gmt":"2025-09-06T16:34:59","guid":{"rendered":"https:\/\/online-filmkatarzis.com\/kucko\/?p=6809"},"modified":"2025-09-07T23:22:11","modified_gmt":"2025-09-07T21:22:11","slug":"komaba-esett-szandi-hatalmas-a-drama","status":"publish","type":"post","link":"https:\/\/online-filmkatarzis.com\/kucko\/komaba-esett-szandi-hatalmas-a-drama\/","title":{"rendered":"K\u00f3m\u00e1ba esett Szandi HATALMAS A DR\u00c1MA!"},"content":{"rendered":"<h3>S\u00falyos baleset \u00e9rte Szandit, ami megv\u00e1ltoztatott: K\u00f3m\u00e1ba esett. Az esetr\u0151l egy megosztott Instagram-posztb\u00f3l lehet tudni, amelyet a T\u00e9nyek is kisz\u00fart. EZ T\u00d6RT\u00c9NT PONTOSAN, ITT VANNAK A R\u00c9SZLETEK:<\/h3>\n<h3><span style=\"color: #ff0000;\"><strong>A h\u00edr nem \u00e9rt v\u00e9get! Folytat\u00e1shoz haszn\u00e1ld a K\u00d6VETKEZ\u0150 OLDAL gombot!<\/strong><\/span><\/h3>\n<p><!--nextpage--><\/p>\n<h3>Szandi mindig is szenved\u00e9lyesen szerette a sportot, \u00e9s ez a mindennapjaiban is megmutatkozott. Az \u00e9nekesn\u0151 \u00e9s fitt anyuka rendszeresen edz, l\u00e9gtorn\u00e1zik, \u00e9s a konditerem sem \u00e1ll t\u00e1vol t\u0151le. Kor\u00e1bban a lovagl\u00e1s is fontos r\u00e9sze volt az \u00e9let\u00e9nek, s\u0151t, amat\u0151r zsok\u00e9k\u00e9nt a galoppon is kipr\u00f3b\u00e1lta mag\u00e1t. AZONBAN LOVAS BALESET \u00c9RTE:<\/h3>\n<h3><span style=\"color: #ff0000;\"><strong>A h\u00edr nem \u00e9rt v\u00e9get! Folytat\u00e1shoz haszn\u00e1ld a K\u00d6VETKEZ\u0150 OLDAL gombot!<\/strong><\/span><\/h3>\n<p><!--nextpage--><\/p>\n<h3>Mint kider\u00fclt, h\u00e1rom napig k\u00f3m\u00e1ban volt, \u00e9s ut\u00e1na m\u00e1r semmi nem volt olyan, mint azel\u0151tt.<br \/>\nSzandi boldogan osztotta meg k\u00f6vet\u0151ivel, hogy ism\u00e9t j\u00f3l van, olyannyira, hogy m\u00e1r ism\u00e9t l\u00f3ra \u00fcl. Ezt osztotta meg k\u00f6vet\u0151ivel:<br \/>\n\u201eSzavakba se tudom \u00f6nteni, milyen csod\u00e1latos \u00e9rz\u00e9s!\u201d \u2013 mik\u00f6zben egy lovat \u00f6lel!<\/h3>\n<p>Via Mklub\/MSN<\/p>\n<p>&#8211;<\/p>\n<p>Maga a Dacia Spring vezet\u00e9si \u00e9lm\u00e9nye is hagy n\u00e9mi k\u00edv\u00e1nnival\u00f3t maga ut\u00e1n, k\u00fcl\u00f6n\u00f6sen az alapvet\u0151 vez\u00e9rl\u0151elemek \u2013 p\u00e9ld\u00e1ul a g\u00e1zped\u00e1l \u00e9s a f\u00e9k \u2013 tekintet\u00e9ben, amelyek egy kis finomhangol\u00e1st m\u00e9g igaz\u00e1n meg\u00e9rdemeln\u00e9nek. Azt tapasztaltuk, hogy ezek az elemek t\u00fals\u00e1gosan hirtelen reag\u00e1lnak, amikor el\u0151sz\u00f6r megnyomjuk \u0151ket, ami megnehez\u00edti a sima \u00e9s egyenletes vezet\u00e9st, f\u0151leg alacsony sebess\u00e9gn\u00e9l. Ez a jelens\u00e9g k\u00fcl\u00f6n\u00f6sen szembet\u0171n\u0151 p\u00e9ld\u00e1ul akkor, amikor egy sz\u0171k parkol\u00f3helyre pr\u00f3b\u00e1lunk be\u00e1llni, \u00e9s csak nagyon lassan, pontosan szeretn\u00e9nk mozgatni az aut\u00f3t, de ehelyett hirtelen r\u00e1ndul vagy megugrik, ami el\u00e9gg\u00e9 ideges\u00edt\u0151 tud lenni.<\/p>\n<p>A f\u00e9kenergia-visszanyer\u00e9s, vagyis a regenerat\u00edv f\u00e9kez\u00e9s m\u0171k\u00f6d\u00e9se sem a legsim\u00e1bb. Ezt legink\u00e1bb akkor lehet \u00e9szrevenni, amikor egy lejt\u0151s \u00fatszakaszon pr\u00f3b\u00e1ljuk \u00e1lland\u00f3 sebess\u00e9gen tartani az aut\u00f3t. Ilyenkor a rendszer hol megfogja, hol elengedi az aut\u00f3t, aminek az eredm\u00e9nye egyfajta b\u00f3logat\u00f3 mozg\u00e1s, amit az utasok is j\u00f3l \u00e9rz\u00e9kelnek. Ez a kis kellemetlens\u00e9g ugyan nem v\u00e9szes, de \u00f6sszess\u00e9g\u00e9ben m\u00e9gis azt az \u00e9rz\u00e9st kelti, hogy az aut\u00f3 kezelhet\u0151s\u00e9ge \u00e9s finoms\u00e1ga m\u00e9g nem teljesen kiforrott, \u00e9s egy kis plusz figyelemre lenne sz\u00fcks\u00e9g ahhoz, hogy a v\u00e1rosi haszn\u00e1lat sor\u00e1n val\u00f3ban kellemes t\u00e1rs legyen a mindennapokban.<\/p>\n","protected":false},"excerpt":{"rendered":"<p>S\u00falyos baleset \u00e9rte Szandit, ami megv\u00e1ltoztatott: K\u00f3m\u00e1ba esett. Az esetr\u0151l egy megosztott Instagram-posztb\u00f3l lehet tudni, amelyet a T\u00e9nyek is kisz\u00fart. EZ T\u00d6RT\u00c9NT PONTOSAN, ITT VANNAK A R\u00c9SZLETEK: A h\u00edr nem \u00e9rt v\u00e9get!&#8230;<\/p>\n","protected":false},"author":1,"featured_media":6810,"comment_status":"open","ping_status":"open","sticky":false,"template":"","format":"standard","meta":{"footnotes":""},"categories":[2],"tags":[],"class_list":["post-6809","post","type-post","status-publish","format-standard","has-post-thumbnail","hentry","category-altalanos"],"aioseo_notices":[],"_links":{"self":[{"href":"https:\/\/online-filmkatarzis.com\/kucko\/wp-json\/wp\/v2\/posts\/6809","targetHints":{"allow":["GET"]}}],"collection":[{"href":"https:\/\/online-filmkatarzis.com\/kucko\/wp-json\/wp\/v2\/posts"}],"about":[{"href":"https:\/\/online-filmkatarzis.com\/kucko\/wp-json\/wp\/v2\/types\/post"}],"author":[{"embeddable":true,"href":"https:\/\/online-filmkatarzis.com\/kucko\/wp-json\/wp\/v2\/users\/1"}],"replies":[{"embeddable":true,"href":"https:\/\/online-filmkatarzis.com\/kucko\/wp-json\/wp\/v2\/comments?post=6809"}],"version-history":[{"count":3,"href":"https:\/\/online-filmkatarzis.com\/kucko\/wp-json\/wp\/v2\/posts\/6809\/revisions"}],"predecessor-version":[{"id":6827,"href":"https:\/\/online-filmkatarzis.com\/kucko\/wp-json\/wp\/v2\/posts\/6809\/revisions\/6827"}],"wp:featuredmedia":[{"embeddable":true,"href":"https:\/\/online-filmkatarzis.com\/kucko\/wp-json\/wp\/v2\/media\/6810"}],"wp:attachment":[{"href":"https:\/\/online-filmkatarzis.com\/kucko\/wp-json\/wp\/v2\/media?parent=6809"}],"wp:term":[{"taxonomy":"category","embeddable":true,"href":"https:\/\/online-filmkatarzis.com\/kucko\/wp-json\/wp\/v2\/categories?post=6809"},{"taxonomy":"post_tag","embeddable":true,"href":"https:\/\/online-filmkatarzis.com\/kucko\/wp-json\/wp\/v2\/tags?post=6809"}],"curies":[{"name":"wp","href":"https:\/\/api.w.org\/{rel}","templated":true}]}}