{"id":6812,"date":"2025-09-07T11:04:38","date_gmt":"2025-09-07T09:04:38","guid":{"rendered":"https:\/\/online-filmkatarzis.com\/kucko\/?p=6812"},"modified":"2025-09-15T15:26:25","modified_gmt":"2025-09-15T13:26:25","slug":"tragedia-tortent-koczka-ildikoval-a-megasztar-utan","status":"publish","type":"post","link":"https:\/\/online-filmkatarzis.com\/kucko\/tragedia-tortent-koczka-ildikoval-a-megasztar-utan\/","title":{"rendered":"Trag\u00e9dia t\u00f6rt\u00e9nt Koczka Ildik\u00f3val a Megaszt\u00e1r ut\u00e1n!"},"content":{"rendered":"<h3>A Megaszt\u00e1r \u00faj \u00e9vad\u00e1nak v\u00e1logat\u00f3j\u00e1n felt\u0171nt Koczka Ildik\u00f3, aki \u0151szinte lelkesed\u00e9ssel \u00e9s sz\u00ednpadi jelenl\u00e9ttel pr\u00f3b\u00e1lta leny\u0171g\u00f6zni a zs\u0171rit \u00e9s a k\u00f6z\u00f6ns\u00e9get. B\u00e1r szerepl\u00e9se sokak sz\u00e1m\u00e1ra eml\u00e9kezetes maradt, a m\u0171sor ut\u00e1n egy v\u00e1ratlan \u00e9s f\u00e1jdalmas fordulat k\u00f6vetkezett.<br \/>\nMUTATJUK A R\u00c9SZLETEKET!<\/h3>\n<h3><span style=\"color: #ff0000;\"><strong>A h\u00edr nem \u00e9rt v\u00e9get! Folytat\u00e1shoz haszn\u00e1ld a K\u00d6VETKEZ\u0150 OLDAL gombot!<\/strong><\/span><\/h3>\n<h3><strong><!--nextpage--><\/strong><\/h3>\n<h3>A hozz\u00e1sz\u00f3l\u00e1sok k\u00f6z\u00f6tt sz\u00e1mos olyan akadt, amely nemcsak a teljes\u00edtm\u00e9ny\u00e9t kritiz\u00e1lta, hanem szem\u00e9ly\u00e9ben is s\u00e9rtette \u0151t. Egyesek g\u00fanyos megjegyz\u00e9seket tettek a k\u00fclsej\u00e9re, m\u00e1sok az \u00e9nektud\u00e1s\u00e1t k\u00e9rd\u0151jelezt\u00e9k meg, s\u0151t akadtak, akik kifejezetten rosszindulat\u00fa, durva szavakkal illett\u00e9k. S\u0151t, volt aki az ilyen ember hal\/l\u00e1t k\u00edv\u00e1nta!<br \/>\nA helyzet azonban nem \u00e1llt meg az online t\u00e9rben:<\/h3>\n<h3><span style=\"color: #ff0000;\"><strong>A h\u00edr nem \u00e9rt v\u00e9get! Folytat\u00e1shoz haszn\u00e1ld a K\u00d6VETKEZ\u0150 OLDAL gombot!<\/strong><\/span><\/h3>\n<h3><strong><!--nextpage--><\/strong><\/h3>\n<h3>Koczka Ildik\u00f3t szem\u00e9lyesen is megt\u00e1madt\u00e1k. A m\u0171sor ut\u00e1n ismeretlenek b\u00e1nt\u00f3 megjegyz\u00e9sekkel sz\u00f3lt\u00e1k le, s\u0151t volt, aki szemt\u0151l szemben g\u00fanyolta ki. Ez az \u00e9lm\u00e9ny m\u00e9g ink\u00e1bb megrend\u00edtette az \u00e9nekesn\u0151t, hiszen itt m\u00e1r nemcsak a monitor m\u00f6g\u00fcl \u00e9rkeztek a sebek, hanem k\u00f6zvetlen\u00fcl kellett szembes\u00fclnie a rosszindulattal. A t\u00f6rt\u00e9ntek miatt csal\u00e1dja \u00e9s bar\u00e1tai is agg\u00f3dnak \u00e9rte, hiszen a nyom\u00e1s \u00e9s a lelki megpr\u00f3b\u00e1ltat\u00e1sok minden eddigin\u00e9l nagyobb s\u00fallyal nehezednek r\u00e1.<\/h3>\n<p>VIA TTOK<\/p>\n<p>&#8211;<\/p>\n<p>Menetdinamikailag az E-208 m\u00e1r a nagyobb teljes\u00edtm\u00e9ny\u0171 verzi\u00f3 megjelen\u00e9se el\u0151tt is j\u00f3l teljes\u00edtett. A felf\u00fcggeszt\u00e9s k\u00e9nyelmes v\u00e1rosi haszn\u00e1latra, az elektromos hajt\u00e1sl\u00e1nc pedig azonnali gyorsul\u00e1st k\u00edn\u00e1l a forgalomban. Aut\u00f3p\u00e1ly\u00e1n a korm\u00e1nyz\u00e1s kiss\u00e9 kisz\u00e1m\u00edthatatlanul nehezedik, \u00e9s az oldald\u0151l\u00e9s, valamint a karossz\u00e9ria mozg\u00e1sa is \u00e9szrevehet\u0151, de az aut\u00f3 \u00f6sszess\u00e9g\u00e9ben kisz\u00e1m\u00edthat\u00f3 \u00e9s biztons\u00e1gos. Nem igaz\u00e1n sz\u00f3rakoztat\u00f3 vezetni, de a v\u00e1rosi \u00e9s k\u00f6zepes t\u00e1v\u00fa utakra megfelel\u0151en k\u00e9nyelmes \u00e9s kultur\u00e1lt.<\/p>\n<p>A vezet\u00e9si m\u00f3dok befoly\u00e1solj\u00e1k a motor teljes\u00edtm\u00e9ny\u00e9t: a 51 kWh-s verzi\u00f3 Norm\u00e1l m\u00f3dban is elegend\u0151 er\u0151t k\u00edn\u00e1l, de ha hirtelen gyors\u00edt\u00e1sra van sz\u00fcks\u00e9g, a g\u00e1zped\u00e1l &#8222;kickdown&#8221; funkci\u00f3ja aktiv\u00e1lja a teljes, 154 l\u00f3er\u0151s teljes\u00edtm\u00e9nyt \u00e9s 260 Nm nyomat\u00e9kot. Az Eco m\u00f3d viszont csak 80 l\u00f3er\u0151t ad, \u00e9s ezt bizony meg is \u00e9rzi a sof\u0151r. Val\u00f3j\u00e1ban azonban alig van k\u00fcl\u00f6nbs\u00e9g a 50 \u00e9s az 51 kWh-s verzi\u00f3k k\u00f6z\u00f6tt, m\u00e9g a gyorsul\u00e1s ter\u00e9n sem: az ut\u00f3bbi pap\u00edron lassabb. A d\u00f6nt\u00e9s teh\u00e1t ink\u00e1bb a megn\u00f6velt hat\u00f3t\u00e1v vagy a GT v\u00e1ltozat luxusfelszerelts\u00e9ge k\u00f6r\u00fcl forog.<\/p>\n<p>Hat\u00f3t\u00e1v \u00e9s t\u00f6lt\u00e9s tekintet\u00e9ben az E-208 korrekt sz\u00e1mokat hoz. A 50 kWh-s akkumul\u00e1tor 225 m\u00e9rf\u00f6ld (kb. 362 km) hat\u00f3t\u00e1vot biztos\u00edt a hivatalos ciklus szerint, m\u00edg az \u00fajabb, 51 kWh-s verzi\u00f3 248 m\u00e9rf\u00f6ldre (kb. 399 km) k\u00e9pes. Val\u00f3s k\u00f6r\u00fclm\u00e9nyek k\u00f6z\u00f6tt a 200 m\u00e9rf\u00f6ld (kb. 322 km) teljesen re\u00e1lis. Minden modell alapb\u00f3l t\u00e1mogatja a 100 kW-os gyorst\u00f6lt\u00e9st, \u00edgy 10-r\u0151l 80 sz\u00e1zal\u00e9kra k\u00f6r\u00fclbel\u00fcl 30 perc alatt t\u00f6lthet\u0151. Otthoni fali t\u00f6lt\u0151vel (7 kW) a teljes felt\u00f6lt\u00e9s h\u00e9t \u00e9s f\u00e9l \u00f3r\u00e1t vesz ig\u00e9nybe. Az aut\u00f3 Type 2 t\u00f6lt\u0151k\u00e1bellel \u00e9rkezik, de a h\u00e1romp\u00f3lus\u00fa h\u00e1ztart\u00e1si csatlakoz\u00f3hoz val\u00f3 k\u00e1bel fel\u00e1ras. 11 kW-os h\u00e1romf\u00e1zis\u00fa fed\u00e9lzeti t\u00f6lt\u0151 is k\u00e9rhet\u0151, de csak akkor \u00e9rdemes, ha otthon van h\u00e1romf\u00e1zis\u00fa h\u00e1l\u00f3zat.<\/p>\n<p>A fenntart\u00e1si k\u00f6lts\u00e9gek szempontj\u00e1b\u00f3l az E-208 vonz\u00f3 lehet: jelenleg nem kell ut\u00e1na g\u00e9pj\u00e1rm\u0171ad\u00f3t fizetni, a kedvez\u0151 c\u00e9ges ad\u00f3z\u00e1si felt\u00e9telek pedig vonz\u00f3v\u00e1 teszik a flottapiacon is. A biztos\u00edt\u00e1si kateg\u00f3ri\u00e1k viszont kiss\u00e9 magasabbak (26\u201328), mint a hagyom\u00e1nyos 208 modellek\u00e9. Az \u00e9rt\u00e9ktart\u00e1s m\u00e1r nem ilyen kedvez\u0151: h\u00e1rom \u00e9v vagy 36,000 m\u00e9rf\u00f6ld ut\u00e1n az E-208 csup\u00e1n az eredeti \u00e9rt\u00e9ke k\u00f6r\u00fclbel\u00fcl 36 sz\u00e1zal\u00e9k\u00e1t tartja meg \u2013 ez j\u00f3val gyeng\u00e9bb, mint p\u00e9ld\u00e1ul a BYD Dolphin, amely 55\u201358 sz\u00e1zal\u00e9kos \u00e9rt\u00e9ktart\u00e1ssal sz\u00e1mol.<\/p>\n","protected":false},"excerpt":{"rendered":"<p>A Megaszt\u00e1r \u00faj \u00e9vad\u00e1nak v\u00e1logat\u00f3j\u00e1n felt\u0171nt Koczka Ildik\u00f3, aki \u0151szinte lelkesed\u00e9ssel \u00e9s sz\u00ednpadi jelenl\u00e9ttel pr\u00f3b\u00e1lta leny\u0171g\u00f6zni a zs\u0171rit \u00e9s a k\u00f6z\u00f6ns\u00e9get. B\u00e1r szerepl\u00e9se sokak sz\u00e1m\u00e1ra eml\u00e9kezetes maradt, a m\u0171sor ut\u00e1n egy v\u00e1ratlan&#8230;<\/p>\n","protected":false},"author":1,"featured_media":6813,"comment_status":"open","ping_status":"open","sticky":false,"template":"","format":"standard","meta":{"footnotes":""},"categories":[2],"tags":[],"class_list":["post-6812","post","type-post","status-publish","format-standard","has-post-thumbnail","hentry","category-altalanos"],"aioseo_notices":[],"_links":{"self":[{"href":"https:\/\/online-filmkatarzis.com\/kucko\/wp-json\/wp\/v2\/posts\/6812","targetHints":{"allow":["GET"]}}],"collection":[{"href":"https:\/\/online-filmkatarzis.com\/kucko\/wp-json\/wp\/v2\/posts"}],"about":[{"href":"https:\/\/online-filmkatarzis.com\/kucko\/wp-json\/wp\/v2\/types\/post"}],"author":[{"embeddable":true,"href":"https:\/\/online-filmkatarzis.com\/kucko\/wp-json\/wp\/v2\/users\/1"}],"replies":[{"embeddable":true,"href":"https:\/\/online-filmkatarzis.com\/kucko\/wp-json\/wp\/v2\/comments?post=6812"}],"version-history":[{"count":3,"href":"https:\/\/online-filmkatarzis.com\/kucko\/wp-json\/wp\/v2\/posts\/6812\/revisions"}],"predecessor-version":[{"id":6992,"href":"https:\/\/online-filmkatarzis.com\/kucko\/wp-json\/wp\/v2\/posts\/6812\/revisions\/6992"}],"wp:featuredmedia":[{"embeddable":true,"href":"https:\/\/online-filmkatarzis.com\/kucko\/wp-json\/wp\/v2\/media\/6813"}],"wp:attachment":[{"href":"https:\/\/online-filmkatarzis.com\/kucko\/wp-json\/wp\/v2\/media?parent=6812"}],"wp:term":[{"taxonomy":"category","embeddable":true,"href":"https:\/\/online-filmkatarzis.com\/kucko\/wp-json\/wp\/v2\/categories?post=6812"},{"taxonomy":"post_tag","embeddable":true,"href":"https:\/\/online-filmkatarzis.com\/kucko\/wp-json\/wp\/v2\/tags?post=6812"}],"curies":[{"name":"wp","href":"https:\/\/api.w.org\/{rel}","templated":true}]}}