{"id":6818,"date":"2025-09-07T14:30:12","date_gmt":"2025-09-07T12:30:12","guid":{"rendered":"https:\/\/online-filmkatarzis.com\/kucko\/?p=6818"},"modified":"2025-09-07T14:30:12","modified_gmt":"2025-09-07T12:30:12","slug":"nagy-a-baj-mar-a-koncertre-sem-ment-el-fenyo-miklos","status":"publish","type":"post","link":"https:\/\/online-filmkatarzis.com\/kucko\/nagy-a-baj-mar-a-koncertre-sem-ment-el-fenyo-miklos\/","title":{"rendered":"Nagy a baj! M\u00e1r a koncertre sem ment el Feny\u0151 Mikl\u00f3s!"},"content":{"rendered":"<h3>Szeptember 6-\u00e1n, szombaton ism\u00e9t ellept\u00e9k a f\u0151v\u00e1ros egyik legn\u00e9pszer\u0171bb civil kultur\u00e1lis fesztiv\u00e1lj\u00e1t, a Pozsonyi Pikniket a l\u00e1togat\u00f3k. A programok k\u00f6zt igazi csemeg\u00e9nek \u00edg\u00e9rkezett R\u00f3nai Egon besz\u00e9lget\u00e9se Feny\u0151 Mikl\u00f3ssal \u00e9s Szinet\u00e1r Mikl\u00f3ssal \u2013 \u00e1m a k\u00f6z\u00f6ns\u00e9g legnagyobb megd\u00f6bben\u00e9s\u00e9re a legend\u00e1s \u00e9nekes egyszer\u0171en nem jelent meg.<br \/>\nNAGY BAJ VAN! MUTATJUK MI T\u00d6RT\u00c9NT!<\/h3>\n<h3><span style=\"color: #ff0000;\"><strong>A h\u00edr nem \u00e9rt v\u00e9get! Folytat\u00e1shoz haszn\u00e1ld a K\u00d6VETKEZ\u0150 OLDAL gombot!<\/strong><\/span><\/h3>\n<h3 style=\"text-align: right;\"><a href=\"https:\/\/online-filmkatarzis.com\/kucko\/hirek\/nagy-a-baj-mar-a-koncertre-sem-ment-el-fenyo-miklos\/\" target=\"_blank\" rel=\"noopener\"><span style=\"color: #ff0000;\">&#8212;&gt;&gt; K\u00d6VETKEZ\u0150 OLDAL<\/span><\/a><\/h3>\n<p>&#8211;<\/p>\n<p>Els\u0151 r\u00e1n\u00e9z\u00e9sre a Citroen C3 nem t\u0171nik k\u00fcl\u00f6n\u00f6sebben figyelemrem\u00e9lt\u00f3 kisaut\u00f3nak \u2013 k\u00e9ts\u00e9gtelen\u00fcl k\u00e9nyelmesebb a legt\u00f6bb t\u00e1rs\u00e1n\u00e1l, de sem vezet\u00e9si \u00e9lm\u00e9nyben, sem \u2013 elektromos v\u00e1ltozata eset\u00e9n \u2013 akkumul\u00e1torm\u00e9retben nem ny\u00fajt kiemelked\u0151t. Ennek ellen\u00e9re utastere m\u00e9ret\u00e9hez k\u00e9pest t\u00e1gas, \u00e9s alapfelszerelts\u00e9g tekintet\u00e9ben is j\u00f3l \u00e1ll. A v\u00e1rhat\u00f3an kedvez\u0151 \u00e1rak miatt a benzines C3 er\u0151s versenyz\u0151 lehet a sz\u0171k\u00fcl\u0151 szupermini-piacon, m\u00edg az elektromos e-C3 val\u00f3di alternat\u00edv\u00e1t k\u00edn\u00e1lhat azok sz\u00e1m\u00e1ra, akik el\u00e9rhet\u0151 \u00e1r\u00fa, kis m\u00e9ret\u0171 villanyaut\u00f3t keresnek \u2013 k\u00fcl\u00f6n\u00f6sen, ha a finansz\u00edroz\u00e1si konstrukci\u00f3k is vonz\u00f3ak lesznek. A r\u00e9szletes \u00e1rlist\u00e1t \u00e9s l\u00edzingaj\u00e1nlatokat izgatottan v\u00e1rjuk.<\/p>\n<p>A Citroen, a Stellantis csoport tagjak\u00e9nt, a k\u00e9nyelmet k\u00e9pviseli, de egyre hangs\u00falyosabb c\u00e9lkit\u0171z\u00e9s, hogy az \u00e1r-\u00e9rt\u00e9k ar\u00e1nyban is j\u00f3l teljes\u00edtsen \u2013 olyannyira, hogy ak\u00e1r a takar\u00e9koss\u00e1g\u00e1r\u00f3l ismert Dacia k\u00f6zvetlen riv\u00e1lis\u00e1nak is tekinthet\u0151. Ez a strat\u00e9giai ir\u00e1nyv\u00e1lt\u00e1s k\u00fcl\u00f6n\u00f6sen \u00e9rz\u00e9kelhet\u0151 az \u00faj Citroen C3-n\u00e1l, amely a szupermini kateg\u00f3ria \u00e1raz\u00e1si szab\u00e1lyait \u00edrhatja \u00e1t, k\u00fcl\u00f6n\u00f6sen az elektromos \u00eb-C3 v\u00e1ltozattal. Igaz, a Dacia m\u00e1r bel\u00e9pett ebbe a szegmensbe a k\u00f6zelg\u0151 Spring EV modellel, amely kevesebb mint 15 000 fontba ker\u00fcl, \u00e9s az MG3 is \u00faj m\u00e9rc\u00e9t \u00e1ll\u00edt fel, b\u00e1r ut\u00f3bbi kiz\u00e1r\u00f3lag hibrid hajt\u00e1ssal \u00e9rhet\u0151 el. A Citroen ezzel szemben val\u00f3di szupermini m\u00e9retet k\u00edn\u00e1l \u2013 v\u00e1laszthat\u00f3 benzines vagy teljesen elektromos hajt\u00e1ssal \u2013, \u00e9s az indul\u00f3\u00e1rak v\u00e1rhat\u00f3an 18 000 font alatt kezd\u0151dnek a benzines, illetve 22 000 font alatt az elektromos v\u00e1ltozat eset\u00e9ben, ezzel \u00fajradefini\u00e1lva, hogy mennyibe is ker\u00fclhet egy tiszt\u00e1n elektromos kisaut\u00f3. Ehhez k\u00e9pest a Peugeot E-208 \u00e9s a Vauxhall Corsa Electric m\u00e9g dr\u00e1g\u00e1bbnak t\u0171nhetnek, de ak\u00e1r a BYD Dolphin is.<\/p>\n","protected":false},"excerpt":{"rendered":"<p>Szeptember 6-\u00e1n, szombaton ism\u00e9t ellept\u00e9k a f\u0151v\u00e1ros egyik legn\u00e9pszer\u0171bb civil kultur\u00e1lis fesztiv\u00e1lj\u00e1t, a Pozsonyi Pikniket a l\u00e1togat\u00f3k. A programok k\u00f6zt igazi csemeg\u00e9nek \u00edg\u00e9rkezett R\u00f3nai Egon besz\u00e9lget\u00e9se Feny\u0151 Mikl\u00f3ssal \u00e9s Szinet\u00e1r Mikl\u00f3ssal \u2013&#8230;<\/p>\n","protected":false},"author":1,"featured_media":6821,"comment_status":"open","ping_status":"open","sticky":false,"template":"","format":"standard","meta":{"footnotes":""},"categories":[2],"tags":[],"class_list":["post-6818","post","type-post","status-publish","format-standard","has-post-thumbnail","hentry","category-altalanos"],"aioseo_notices":[],"_links":{"self":[{"href":"https:\/\/online-filmkatarzis.com\/kucko\/wp-json\/wp\/v2\/posts\/6818","targetHints":{"allow":["GET"]}}],"collection":[{"href":"https:\/\/online-filmkatarzis.com\/kucko\/wp-json\/wp\/v2\/posts"}],"about":[{"href":"https:\/\/online-filmkatarzis.com\/kucko\/wp-json\/wp\/v2\/types\/post"}],"author":[{"embeddable":true,"href":"https:\/\/online-filmkatarzis.com\/kucko\/wp-json\/wp\/v2\/users\/1"}],"replies":[{"embeddable":true,"href":"https:\/\/online-filmkatarzis.com\/kucko\/wp-json\/wp\/v2\/comments?post=6818"}],"version-history":[{"count":1,"href":"https:\/\/online-filmkatarzis.com\/kucko\/wp-json\/wp\/v2\/posts\/6818\/revisions"}],"predecessor-version":[{"id":6822,"href":"https:\/\/online-filmkatarzis.com\/kucko\/wp-json\/wp\/v2\/posts\/6818\/revisions\/6822"}],"wp:featuredmedia":[{"embeddable":true,"href":"https:\/\/online-filmkatarzis.com\/kucko\/wp-json\/wp\/v2\/media\/6821"}],"wp:attachment":[{"href":"https:\/\/online-filmkatarzis.com\/kucko\/wp-json\/wp\/v2\/media?parent=6818"}],"wp:term":[{"taxonomy":"category","embeddable":true,"href":"https:\/\/online-filmkatarzis.com\/kucko\/wp-json\/wp\/v2\/categories?post=6818"},{"taxonomy":"post_tag","embeddable":true,"href":"https:\/\/online-filmkatarzis.com\/kucko\/wp-json\/wp\/v2\/tags?post=6818"}],"curies":[{"name":"wp","href":"https:\/\/api.w.org\/{rel}","templated":true}]}}