{"id":6831,"date":"2025-09-08T06:58:03","date_gmt":"2025-09-08T04:58:03","guid":{"rendered":"https:\/\/online-filmkatarzis.com\/kucko\/?p=6831"},"modified":"2025-09-08T06:58:03","modified_gmt":"2025-09-08T04:58:03","slug":"magyar-peter-kotcsen","status":"publish","type":"post","link":"https:\/\/online-filmkatarzis.com\/kucko\/magyar-peter-kotcsen\/","title":{"rendered":"Magyar P\u00e9ter K\u00f6tcs\u00e9n"},"content":{"rendered":"<h3>A h\u00e9tv\u00e9g\u00e9n K\u00f6tcs\u00e9n tartott rendezv\u00e9nyt a TISZA P\u00e1rt k\u00f6z\u00f6ss\u00e9ge Magyar P\u00e9ter vezet\u00e9s\u00e9vel. Az esem\u00e9nyre t\u00f6bb ezer \u00e9rdekl\u0151d\u0151 \u00e9rkezett, ahol a p\u00e1rteln\u00f6k besz\u00e9det mondott, \u00e9s \u00faj politikusokat is bemutattak. \u00daj szerepl\u0151k a p\u00e1rtban: MUTATJUK A R\u00c9SZLETEKET!<\/h3>\n<h3><span style=\"color: #ff0000;\"><strong>A h\u00edr nem \u00e9rt v\u00e9get! Folytat\u00e1shoz haszn\u00e1ld a K\u00d6VETKEZ\u0150 OLDAL gombot!<\/strong><\/span><\/h3>\n<h3 style=\"text-align: right;\"><a href=\"https:\/\/online-filmkatarzis.com\/kucko\/hirek\/magyar-peter-kotcsen\/\" target=\"_blank\" rel=\"noopener\"><span style=\"color: #ff0000;\">&#8212;&gt;&gt; K\u00d6VETKEZ\u0150 OLDAL<\/span><\/a><\/h3>\n<p>&#8211;<\/p>\n<p>Ahogyan m\u00e1r eml\u00edtett\u00fck kor\u00e1bban is, a hivatalos nev\u00e9n Rafale E-Tech 4WD 300 l\u00f3er\u0151s plug-in hibrid modell tiszt\u00e1n elektromos \u00fczemm\u00f3dban is leny\u0171g\u00f6z\u0151en hossz\u00fa hat\u00f3t\u00e1vols\u00e1got k\u00edn\u00e1l. Ez m\u00e1r \u00f6nmag\u00e1ban is figyelemre m\u00e9lt\u00f3, azonban a Renault \u00e1ll\u00edt\u00e1sa szerint m\u00e9g az egyszer\u0171bb, nem t\u00f6lthet\u0151, teh\u00e1t a teljes hibrid v\u00e1ltozat is k\u00e9pes arra, hogy v\u00e1rosi k\u00f6zleked\u00e9s sor\u00e1n az esetek ak\u00e1r 80 sz\u00e1zal\u00e9k\u00e1ban kiz\u00e1r\u00f3lag elektromos meghajt\u00e1ssal m\u0171k\u00f6dj\u00f6n, an\u00e9lk\u00fcl, hogy a bels\u0151 \u00e9g\u00e9s\u0171 motort haszn\u00e1ln\u00e1. Ennek az \u00e1ll\u00edt\u00e1snak nincs okunk k\u00e9tked\u00e9ssel viszonyulni, hiszen a saj\u00e1t hossz\u00fa tesztutunk sor\u00e1n mi is azt tapasztaltuk, hogy a motor t\u00f6bbs\u00e9g\u00e9ben csendben maradt a s\u0171r\u0171n be\u00e9p\u00edtett, v\u00e1rosi ter\u00fcleteken, ami arra utal, hogy val\u00f3ban gyakran csak az elektromos hajt\u00e1s m\u0171k\u00f6d\u00f6tt.<\/p>\n<p>A Rafale regenerat\u00edv f\u00e9kez\u00e9si rendszere ugyan nem teszi lehet\u0151v\u00e9 az \u00fagynevezett teljes egy ped\u00e1los vezet\u00e9st \u2013 amely sor\u00e1n gyakorlatilag csak a g\u00e1zped\u00e1l haszn\u00e1lat\u00e1val lehet gyors\u00edtani \u00e9s lass\u00edtani \u2013, m\u00e9gis sokkal k\u00f6zelebb \u00e1ll ehhez a vezet\u00e9si \u00e9lm\u00e9nyhez, mint a legt\u00f6bb m\u00e1s hibrid modell. Ennek oka, hogy a rendszer leger\u0151sebb fokozata lehet\u0151v\u00e9 teszi, hogy a j\u00e1rm\u0171 szinte teljesen meg\u00e1ll\u00e1sig lassuljon, amikor a vezet\u0151 leemeli a l\u00e1b\u00e1t a g\u00e1zped\u00e1lr\u00f3l, eg\u00e9szen egy lass\u00fa gurul\u00e1sig. Ezen fel\u00fcl k\u00fcl\u00f6n\u00f6sen tetszett nek\u00fcnk az a megold\u00e1s, hogy a korm\u00e1nyker\u00e9k m\u00f6g\u00f6tt elhelyezett v\u00e1lt\u00f3f\u00fclek seg\u00edts\u00e9g\u00e9vel menet k\u00f6zben, azonnal \u00e1ll\u00edthat\u00f3 a regenerat\u00edv f\u00e9kez\u00e9s er\u0151ss\u00e9ge, ami egy praktikus \u00e9s j\u00f3l \u00e1tgondolt funkci\u00f3.<\/p>\n","protected":false},"excerpt":{"rendered":"<p>A h\u00e9tv\u00e9g\u00e9n K\u00f6tcs\u00e9n tartott rendezv\u00e9nyt a TISZA P\u00e1rt k\u00f6z\u00f6ss\u00e9ge Magyar P\u00e9ter vezet\u00e9s\u00e9vel. Az esem\u00e9nyre t\u00f6bb ezer \u00e9rdekl\u0151d\u0151 \u00e9rkezett, ahol a p\u00e1rteln\u00f6k besz\u00e9det mondott, \u00e9s \u00faj politikusokat is bemutattak. \u00daj szerepl\u0151k a p\u00e1rtban:&#8230;<\/p>\n","protected":false},"author":1,"featured_media":6832,"comment_status":"open","ping_status":"open","sticky":false,"template":"","format":"standard","meta":{"footnotes":""},"categories":[2],"tags":[],"class_list":["post-6831","post","type-post","status-publish","format-standard","has-post-thumbnail","hentry","category-altalanos"],"aioseo_notices":[],"_links":{"self":[{"href":"https:\/\/online-filmkatarzis.com\/kucko\/wp-json\/wp\/v2\/posts\/6831","targetHints":{"allow":["GET"]}}],"collection":[{"href":"https:\/\/online-filmkatarzis.com\/kucko\/wp-json\/wp\/v2\/posts"}],"about":[{"href":"https:\/\/online-filmkatarzis.com\/kucko\/wp-json\/wp\/v2\/types\/post"}],"author":[{"embeddable":true,"href":"https:\/\/online-filmkatarzis.com\/kucko\/wp-json\/wp\/v2\/users\/1"}],"replies":[{"embeddable":true,"href":"https:\/\/online-filmkatarzis.com\/kucko\/wp-json\/wp\/v2\/comments?post=6831"}],"version-history":[{"count":1,"href":"https:\/\/online-filmkatarzis.com\/kucko\/wp-json\/wp\/v2\/posts\/6831\/revisions"}],"predecessor-version":[{"id":6833,"href":"https:\/\/online-filmkatarzis.com\/kucko\/wp-json\/wp\/v2\/posts\/6831\/revisions\/6833"}],"wp:featuredmedia":[{"embeddable":true,"href":"https:\/\/online-filmkatarzis.com\/kucko\/wp-json\/wp\/v2\/media\/6832"}],"wp:attachment":[{"href":"https:\/\/online-filmkatarzis.com\/kucko\/wp-json\/wp\/v2\/media?parent=6831"}],"wp:term":[{"taxonomy":"category","embeddable":true,"href":"https:\/\/online-filmkatarzis.com\/kucko\/wp-json\/wp\/v2\/categories?post=6831"},{"taxonomy":"post_tag","embeddable":true,"href":"https:\/\/online-filmkatarzis.com\/kucko\/wp-json\/wp\/v2\/tags?post=6831"}],"curies":[{"name":"wp","href":"https:\/\/api.w.org\/{rel}","templated":true}]}}