{"id":6841,"date":"2025-09-08T16:48:56","date_gmt":"2025-09-08T14:48:56","guid":{"rendered":"https:\/\/online-filmkatarzis.com\/kucko\/?p=6841"},"modified":"2025-09-10T06:29:58","modified_gmt":"2025-09-10T04:29:58","slug":"az-imadott-sztarral-vegeztek-a-bulinegyedben","status":"publish","type":"post","link":"https:\/\/online-filmkatarzis.com\/kucko\/az-imadott-sztarral-vegeztek-a-bulinegyedben\/","title":{"rendered":"Az im\u00e1dott szt\u00e1rral v\u00e9geztek a bulinegyedben!"},"content":{"rendered":"<h3>Kider\u00fclt, kivel v\u00e9geztek a bulinegyedben. K\u00e9t bar\u00e1t vit\u00e1ja torkollott gy\/lk0ss\u00e1gba ma reggelre, a VII. ker\u00fcletben. A eset Erzs\u00e9betv\u00e1rosban, a bulinegyedben t\u00f6rt\u00e9nt, a rend\u0151r\u00f6k hosszan helysz\u00ednelnek.<br \/>\nM\u00c1RA KIDER\u00dcLT KIK VOLTAK \u0150K!<\/h3>\n<h3><span style=\"color: #ff0000;\"><strong>A h\u00edr nem \u00e9rt v\u00e9get! Folytat\u00e1shoz haszn\u00e1ld a K\u00d6VETKEZ\u0150 OLDAL gombot!<\/strong><\/span><\/h3>\n<p><!--nextpage--><\/p>\n<h3>A ment\u0151k hajnali n\u00e9gy ut\u00e1n \u00e9rkeztek a lak\u00e1shoz, azonban a f\u00e9rfin m\u00e1r nem lehetett seg\u00edteni. Bar\u00e1tja nem menek\u00fclt el a helysz\u00ednr\u0151l, a t\u00e1rs\u00e1t lesz\/\u00far\u00f3 f\u00e9rfit a h\/ltt\/st mellett, a helysz\u00ednen fogt\u00e1k el: Hajnali h\u00e1rom k\u00f6r\u00fcl veszeked\u00e9st, majd vereked\u00e9st hallottak szomsz\u00e9dok, azt\u00e1n pedig t\u00f6rtek-z\u00faztak. Ut\u00e1na hirtelen csend lett. A Rdit h\u00edrei szerint az \u00e9let\u00e9t vesztett f\u00e9rfi haz\u00e1j\u00e1ban val\u00f3di szt\u00e1r, a k\u00f6z\u00f6ss\u00e9gia m\u00e9di\u00e1b\u00f3l ismert.<br \/>\n\u00cdGY T\u00d6RT\u00c9NT AZ ESET:<\/h3>\n<h3><span style=\"color: #ff0000;\"><strong>A h\u00edr nem \u00e9rt v\u00e9get! Folytat\u00e1shoz haszn\u00e1ld a K\u00d6VETKEZ\u0150 OLDAL gombot!<\/strong><\/span><\/h3>\n<p><!--nextpage--><\/p>\n<h3>\u00dagy tudjuk, hogy a k\u00e9t brit f\u00e9rfi el\u0151sz\u00f6r sz\u00f3rakozni mentek, ezut\u00e1n t\u00e9rtek haza a h\u00e1zba, ahol lapunk munkat\u00e1rs\u00e1nak elmondt\u00e1k: javar\u00e9szt b\u00e9relhet\u0151 lak\u00e1sokat tal\u00e1lni, viszonylag kev\u00e9s a magyar lak\u00f3. Egy k\u00e9t szinttel feljebb \u00e9l\u0151, szint\u00e9n k\u00fclf\u00f6ldi f\u00e9rfi elmondta: \u0151k hajnali h\u00e1rom \u00f3ra k\u00f6r\u00fcl hallott\u00e1k a veszeked\u00e9st a lak\u00e1sb\u00f3l. &#8211; eml\u00e9keztek vissza a tragikus t\u00f6rt\u00e9ntekre.<\/h3>\n<p>A Bosrs cikke nyom\u00e1ny. VIA Rdit\/ Bors<\/p>\n<p>&#8211;<\/p>\n<p>A Honda ZR\u2011V pontosan azt a fajta k\u00f6zepes m\u00e9ret\u0171 SUV-t testes\u00edti meg, amit sokan keresnek: t\u00e1gas, j\u00f3l \u00f6sszeszerelt \u00e9s hibrid hajt\u00e1sl\u00e1nc\u00e1nak k\u00f6sz\u00f6nhet\u0151en a val\u00f3s k\u00f6r\u00fclm\u00e9nyek k\u00f6z\u00f6tt is leny\u0171g\u00f6z\u0151 \u00fczemanyag-fogyaszt\u00e1st k\u00edn\u00e1l. A vezet\u0151fel\u00fclet \u00e9s az infotainment rendszer egyszer\u0171s\u00e9ge \u00e9s logik\u00e1ja pluszpontnak sz\u00e1m\u00edt, ugyan\u00fagy, mint a b\u0151s\u00e9ges alapfelszerelts\u00e9g. Ugyanakkor a ZR\u2011V t\u00f6bb ezer fonttal dr\u00e1g\u00e1bb, mint a Honda praktikusabb \u00e9s tal\u00e1n vonz\u00f3bb csal\u00e1di SUV-jainak hibrid v\u00e1ltozatai. Nem tudunk t\u0151le elvonatkoztatni, hogy a legt\u00f6bb v\u00e1s\u00e1rl\u00f3 sz\u00e1m\u00e1ra jobb v\u00e1laszt\u00e1s lehetne a Honda nagy elismer\u00e9st aratott Civic \u00f6tajt\u00f3s modellje, amely ugyanazzal a hibrid hajt\u00e1sl\u00e1nccal rendelkezik, viszont jobb \u00e1r\u2011\u00e9rt\u00e9k ar\u00e1nyt k\u00edn\u00e1l.<\/p>\n<p>A ZR\u2011V l\u00e9nyeg\u00e9ben a Civic crossover v\u00e1ltozata \u2013 a Honda 2023-as \u201eMegfizethet\u0151 Hibrid Aut\u00f3ja\u201d \u2013, amely ugyanarra az alapokra \u00e9p\u00fcl, mint a n\u00e9pszer\u0171 kompakt testv\u00e9r. A modell kiz\u00e1r\u00f3lag a Honda e:HEV hibrid hajt\u00e1sl\u00e1nc\u00e1val \u00e9rhet\u0151 el, amely egy n\u00e9gyhengeres benzinmotort t\u00e1rs\u00edt k\u00e9t villanymotorral. A motor legink\u00e1bb gener\u00e1tork\u00e9nt m\u0171k\u00f6dik, hogy a kis 1,05 kWh-s akkumul\u00e1tort t\u00f6ltse, ami energi\u00e1t juttat a villanymotoroknak, de nagy sebess\u00e9gn\u00e9l k\u00f6zvetlen\u00fcl is k\u00e9pes meghajtani az els\u0151 kerekeket. Ez pap\u00edron bonyolult rendszernek t\u0171nik, de menet k\u00f6zben rendk\u00edv\u00fcl sima, \u00e9s az aut\u00f3 szinte elektromos j\u00e1rm\u0171k\u00e9nt viselkedik, csak \u00e9ppen a h\u00e1tt\u00e9rben halk benzinmotor duruzsol.<\/p>\n<p>A k\u00edn\u00e1latban csup\u00e1n h\u00e1rom felszerelts\u00e9gi szint \u00e9rhet\u0151 el: Elegance, Sport \u00e9s Advance. M\u00e1r az Elegance is igen gazdagon felszerelt, m\u00edg a Sport szint extra k\u00e9nyelmet \u00e9s st\u00edlust ad, az Advance pedig tov\u00e1bbi luxusjellemz\u0151ket. A ZR\u2011V vezet\u00e9se alacsony sebess\u00e9gn\u00e9l hasonl\u00edt az EV\u2011k\u00e9pre: zajtalan, p\u00f6rg\u0151s, \u00e9s k\u00f6nnyed ir\u00e1ny\u00edthat\u00f3s\u00e1g jellemzi, j\u00f3 kil\u00e1t\u00e1ssal \u00e9s prec\u00edz korm\u00e1nyz\u00e1ssal, b\u00e1r kisebb \u00fathib\u00e1k \u00e1tj\u00f6nnek az utast\u00e9rbe. B v\u00e1ltoz\u00f3n utazva kider\u00fcl, hogy a ZR\u2011V nem \u00e9lm\u00e9nyaut\u00f3; tervez\u00e9se biztons\u00e1gos, kisz\u00e1m\u00edthat\u00f3 m\u00f3don adagolja a tapad\u00e1st, \u00e9s alacsony t\u00f6megk\u00f6z\u00e9ppontj\u00e1n\u00e1l fogva bizonyos f\u00e9kez\u00e9sn\u00e9l nyugalmat ad\u00f3 stabilit\u00e1st ny\u00fajt. Aut\u00f3p\u00e1ly\u00e1n k\u00e9nyelmes az utaz\u00e1s, de a h\u00e1ts\u00f3 tengely hangja nagyobb \u00fathalk\u00e9nt hallatszik, mint amire sz\u00e1m\u00edtottunk; a s\u00e1velhagy\u00e1sra \u00e9s holtt\u00e9rre figyelmeztet\u0151 hangjelz\u00e9sek is t\u00fals\u00e1gosan l\u00e1zasan kapcsol\u00f3dnak be.<\/p>\n","protected":false},"excerpt":{"rendered":"<p>Kider\u00fclt, kivel v\u00e9geztek a bulinegyedben. K\u00e9t bar\u00e1t vit\u00e1ja torkollott gy\/lk0ss\u00e1gba ma reggelre, a VII. ker\u00fcletben. A eset Erzs\u00e9betv\u00e1rosban, a bulinegyedben t\u00f6rt\u00e9nt, a rend\u0151r\u00f6k hosszan helysz\u00ednelnek. M\u00c1RA KIDER\u00dcLT KIK VOLTAK \u0150K! A h\u00edr&#8230;<\/p>\n","protected":false},"author":1,"featured_media":6842,"comment_status":"open","ping_status":"open","sticky":false,"template":"","format":"standard","meta":{"footnotes":""},"categories":[2],"tags":[],"class_list":["post-6841","post","type-post","status-publish","format-standard","has-post-thumbnail","hentry","category-altalanos"],"aioseo_notices":[],"_links":{"self":[{"href":"https:\/\/online-filmkatarzis.com\/kucko\/wp-json\/wp\/v2\/posts\/6841","targetHints":{"allow":["GET"]}}],"collection":[{"href":"https:\/\/online-filmkatarzis.com\/kucko\/wp-json\/wp\/v2\/posts"}],"about":[{"href":"https:\/\/online-filmkatarzis.com\/kucko\/wp-json\/wp\/v2\/types\/post"}],"author":[{"embeddable":true,"href":"https:\/\/online-filmkatarzis.com\/kucko\/wp-json\/wp\/v2\/users\/1"}],"replies":[{"embeddable":true,"href":"https:\/\/online-filmkatarzis.com\/kucko\/wp-json\/wp\/v2\/comments?post=6841"}],"version-history":[{"count":2,"href":"https:\/\/online-filmkatarzis.com\/kucko\/wp-json\/wp\/v2\/posts\/6841\/revisions"}],"predecessor-version":[{"id":6871,"href":"https:\/\/online-filmkatarzis.com\/kucko\/wp-json\/wp\/v2\/posts\/6841\/revisions\/6871"}],"wp:featuredmedia":[{"embeddable":true,"href":"https:\/\/online-filmkatarzis.com\/kucko\/wp-json\/wp\/v2\/media\/6842"}],"wp:attachment":[{"href":"https:\/\/online-filmkatarzis.com\/kucko\/wp-json\/wp\/v2\/media?parent=6841"}],"wp:term":[{"taxonomy":"category","embeddable":true,"href":"https:\/\/online-filmkatarzis.com\/kucko\/wp-json\/wp\/v2\/categories?post=6841"},{"taxonomy":"post_tag","embeddable":true,"href":"https:\/\/online-filmkatarzis.com\/kucko\/wp-json\/wp\/v2\/tags?post=6841"}],"curies":[{"name":"wp","href":"https:\/\/api.w.org\/{rel}","templated":true}]}}