{"id":6882,"date":"2025-09-10T16:14:31","date_gmt":"2025-09-10T14:14:31","guid":{"rendered":"https:\/\/online-filmkatarzis.com\/kucko\/?p=6882"},"modified":"2025-09-11T20:36:49","modified_gmt":"2025-09-11T18:36:49","slug":"orban-viktornak-fog-dolgozni-szabo-zsofi","status":"publish","type":"post","link":"https:\/\/online-filmkatarzis.com\/kucko\/orban-viktornak-fog-dolgozni-szabo-zsofi\/","title":{"rendered":"Orb\u00e1n Viktornak fog dolgozni Szab\u00f3 Zs\u00f3fi!"},"content":{"rendered":"<h3>Nem sokkal ezel\u0151tt \u00e9rkezett a h\u00edr, miszerint a sz\u00edn\u00e9szn\u0151, Szab\u00f3 Zs\u00f3fi csatlakozott egy \u00fajabb Digit\u00e1lis Polg\u00e1ri K\u00f6rh\u00f6z. A t\u00e9v\u00e9s tov\u00e1bb\u00e1 r\u00e9szt vett a Fidesz k\u00f6tcsei rendezv\u00e9ny\u00e9n is m\u00falt h\u00e9t szombaton, ahol a korm\u00e1nyf\u0151vel fot\u00f3zkodott.<br \/>\nM\u00c1RA DER\u00dcLT KI AZONBAN, HOGY MILYEN \u00c1LL\u00c1ST KAPOTT SZAB\u00d3 ZS\u00d3FI! MUTATJUK!<\/h3>\n<h3><span style=\"color: #ff0000;\"><strong>A h\u00edr nem \u00e9rt v\u00e9get! Folytat\u00e1shoz haszn\u00e1ld a K\u00d6VETKEZ\u0150 OLDAL gombot!<\/strong><\/span><\/h3>\n<p><!--nextpage--><\/p>\n<h3>Szentkir\u00e1lyi Alexandra, a Fidesz f\u0151v\u00e1rosi frakci\u00f3vezet\u0151je sz\u00e1molt be arr\u00f3l, hogy a m\u0171sorvezet\u0151 nagyk\u00f6vetk\u00e9nt lett a N\u0151i DPK tagja. \u00cdgy m\u00e1r biztos, hogy Szab\u00f3 Zs\u00f3fi lesz az orsz\u00e1gos DPK-tal\u00e1lkoz\u00f3 h\u00e1ziasszonya!<br \/>\n\u00c9S EZ M\u00c9G SEMMI! \u0150 LESZ A T\u00c1RSA:<\/h3>\n<h3><span style=\"color: #ff0000;\"><strong>A h\u00edr nem \u00e9rt v\u00e9get! Folytat\u00e1shoz haszn\u00e1ld a K\u00d6VETKEZ\u0150 OLDAL gombot!<\/strong><\/span><\/h3>\n<p><!--nextpage--><\/p>\n<h3>\u201eSokan tal\u00e1lgatt\u00e1tok, vajon ki lesz R\u00e1kay Philip t\u00e1rsa szeptember 20-\u00e1n, a Digit\u00e1lis Polg\u00e1ri K\u00f6r\u00f6k els\u0151 orsz\u00e1gos tal\u00e1lkoz\u00f3j\u00e1n. Most lehull a lepel. A rendezv\u00e9ny m\u00e1sik h\u00e1zigazd\u00e1ja nem m\u00e1s, mint Szab\u00f3 Zs\u00f3fi, aki \u00f6r\u00f6mmel fogadta el a felk\u00e9r\u00e9semet\u201d \u2013 olvashat\u00f3 a minisztereln\u00f6k posztj\u00e1ban a Digit\u00e1lis Polg\u00e1ri K\u00f6r\u00f6k online fel\u00fclet\u00e9n.<\/h3>\n<p>VIA Blikk<\/p>\n","protected":false},"excerpt":{"rendered":"<p>Nem sokkal ezel\u0151tt \u00e9rkezett a h\u00edr, miszerint a sz\u00edn\u00e9szn\u0151, Szab\u00f3 Zs\u00f3fi csatlakozott egy \u00fajabb Digit\u00e1lis Polg\u00e1ri K\u00f6rh\u00f6z. A t\u00e9v\u00e9s tov\u00e1bb\u00e1 r\u00e9szt vett a Fidesz k\u00f6tcsei rendezv\u00e9ny\u00e9n is m\u00falt h\u00e9t szombaton, ahol a&#8230;<\/p>\n","protected":false},"author":1,"featured_media":6884,"comment_status":"open","ping_status":"open","sticky":false,"template":"","format":"standard","meta":{"footnotes":""},"categories":[2],"tags":[],"class_list":["post-6882","post","type-post","status-publish","format-standard","has-post-thumbnail","hentry","category-altalanos"],"aioseo_notices":[],"_links":{"self":[{"href":"https:\/\/online-filmkatarzis.com\/kucko\/wp-json\/wp\/v2\/posts\/6882","targetHints":{"allow":["GET"]}}],"collection":[{"href":"https:\/\/online-filmkatarzis.com\/kucko\/wp-json\/wp\/v2\/posts"}],"about":[{"href":"https:\/\/online-filmkatarzis.com\/kucko\/wp-json\/wp\/v2\/types\/post"}],"author":[{"embeddable":true,"href":"https:\/\/online-filmkatarzis.com\/kucko\/wp-json\/wp\/v2\/users\/1"}],"replies":[{"embeddable":true,"href":"https:\/\/online-filmkatarzis.com\/kucko\/wp-json\/wp\/v2\/comments?post=6882"}],"version-history":[{"count":2,"href":"https:\/\/online-filmkatarzis.com\/kucko\/wp-json\/wp\/v2\/posts\/6882\/revisions"}],"predecessor-version":[{"id":6914,"href":"https:\/\/online-filmkatarzis.com\/kucko\/wp-json\/wp\/v2\/posts\/6882\/revisions\/6914"}],"wp:featuredmedia":[{"embeddable":true,"href":"https:\/\/online-filmkatarzis.com\/kucko\/wp-json\/wp\/v2\/media\/6884"}],"wp:attachment":[{"href":"https:\/\/online-filmkatarzis.com\/kucko\/wp-json\/wp\/v2\/media?parent=6882"}],"wp:term":[{"taxonomy":"category","embeddable":true,"href":"https:\/\/online-filmkatarzis.com\/kucko\/wp-json\/wp\/v2\/categories?post=6882"},{"taxonomy":"post_tag","embeddable":true,"href":"https:\/\/online-filmkatarzis.com\/kucko\/wp-json\/wp\/v2\/tags?post=6882"}],"curies":[{"name":"wp","href":"https:\/\/api.w.org\/{rel}","templated":true}]}}