{"id":6886,"date":"2025-09-10T16:25:37","date_gmt":"2025-09-10T14:25:37","guid":{"rendered":"https:\/\/online-filmkatarzis.com\/kucko\/?p=6886"},"modified":"2025-09-11T09:13:20","modified_gmt":"2025-09-11T07:13:20","slug":"ennyi-volt-tavozott-demjen-ferenc","status":"publish","type":"post","link":"https:\/\/online-filmkatarzis.com\/kucko\/ennyi-volt-tavozott-demjen-ferenc\/","title":{"rendered":"Ennyi volt: T\u00e1vozott Demj\u00e9n Ferenc!"},"content":{"rendered":"<h3>Min ismeretes, a 78 \u00e9ves \u00e9nekes augusztus k\u00f6zep\u00e9n hivatalos k\u00f6z\u00f6ss\u00e9gi oldal\u00e1n jelentetett meg egy r\u00f6vid k\u00f6zlem\u00e9nyt a szomor\u00fa h\u00edrrel. Demj\u00e9n Ferenc augusztusban ker\u00fclt k\u00f3rh\u00e1zba, otthon\u00e1ban \u00e9rte s\u00falyos baleset. A Kossuth- d\u00edjas popszt\u00e1rt fels\u0151comb-t\u00f6r\u00e9s miatt m\u0171t\u00f6tt\u00e9k, \u00e1llapota folyamatosan javult. Azonban most napokban MUTATJUK A R\u00c9SZLETEKET!<\/h3>\n<h3><span style=\"color: #ff0000;\"><strong>A h\u00edr nem \u00e9rt v\u00e9get! Folytat\u00e1shoz haszn\u00e1ld a K\u00d6VETKEZ\u0150 OLDAL gombot!<\/strong><\/span><\/h3>\n<p><!--nextpage--><\/p>\n<h3>\u201eKedves bar\u00e1taim, sok szeretettel \u00e9s \u00f6r\u00f6mmel k\u00f6sz\u00f6ntelek benneteket itthon. R\u00f6vid k\u00f3rh\u00e1zi kezel\u00e9sem ut\u00e1n hazaker\u00fcltem, de legink\u00e1bb akkor leszek otthon, amikor veletek tal\u00e1lkozunk legk\u00f6zelebb, ami nem olyan sok\u00e1ra val\u00f3sz\u00edn\u0171leg megt\u00f6rt\u00e9nik, \u00e9s nagyon-nagyon k\u00f6sz\u00f6n\u00f6m az \u00f6sszes j\u00f3k\u00edv\u00e1ns\u00e1got, az \u00f6sszes agg\u00f3d\u00e1st, az \u00f6sszes \u00fcdv\u00f6zletet, amit eddig t\u0151letek kaptam. Rem\u00e9lem, hogy vissza fogom tudni adni nektek a hi\u00e1nyz\u00f3 koncerteket is, valamint az \u00e9v v\u00e9gi kihagyhatatlan Ar\u00e9na-koncertet, ami most m\u00e1r 28. alkalommal lesz.<\/h3>\n<h3><span style=\"color: #ff0000;\"><strong>A h\u00edr nem \u00e9rt v\u00e9get! Folytat\u00e1shoz haszn\u00e1ld a K\u00d6VETKEZ\u0150 OLDAL gombot!<\/strong><\/span><\/h3>\n<p><!--nextpage--><\/p>\n<h3>Rem\u00e9lem, mindenki ott lesz, rem\u00e9lem senki sem, \u00e9s semmif\u00e9le h\u00e1zi baleset, \u00e9s rem\u00e9lem, hogy j\u00f3l fogjuk \u00e9rezni magunkat\u201d \u2013 mondta . Demj\u00e9n Ferenc a oldal\u00e1n megjelent vide\/ban meg\u00edg\u00e9rte, bep\u00f3tolja az elmaradt koncerteket!<\/h3>\n<p>Forr\u00e1s: MSN \/ FB \/ EZT<\/p>\n","protected":false},"excerpt":{"rendered":"<p>Min ismeretes, a 78 \u00e9ves \u00e9nekes augusztus k\u00f6zep\u00e9n hivatalos k\u00f6z\u00f6ss\u00e9gi oldal\u00e1n jelentetett meg egy r\u00f6vid k\u00f6zlem\u00e9nyt a szomor\u00fa h\u00edrrel. Demj\u00e9n Ferenc augusztusban ker\u00fclt k\u00f3rh\u00e1zba, otthon\u00e1ban \u00e9rte s\u00falyos baleset. A Kossuth- d\u00edjas popszt\u00e1rt&#8230;<\/p>\n","protected":false},"author":1,"featured_media":6887,"comment_status":"open","ping_status":"open","sticky":false,"template":"","format":"standard","meta":{"footnotes":""},"categories":[2],"tags":[],"class_list":["post-6886","post","type-post","status-publish","format-standard","has-post-thumbnail","hentry","category-altalanos"],"aioseo_notices":[],"_links":{"self":[{"href":"https:\/\/online-filmkatarzis.com\/kucko\/wp-json\/wp\/v2\/posts\/6886","targetHints":{"allow":["GET"]}}],"collection":[{"href":"https:\/\/online-filmkatarzis.com\/kucko\/wp-json\/wp\/v2\/posts"}],"about":[{"href":"https:\/\/online-filmkatarzis.com\/kucko\/wp-json\/wp\/v2\/types\/post"}],"author":[{"embeddable":true,"href":"https:\/\/online-filmkatarzis.com\/kucko\/wp-json\/wp\/v2\/users\/1"}],"replies":[{"embeddable":true,"href":"https:\/\/online-filmkatarzis.com\/kucko\/wp-json\/wp\/v2\/comments?post=6886"}],"version-history":[{"count":2,"href":"https:\/\/online-filmkatarzis.com\/kucko\/wp-json\/wp\/v2\/posts\/6886\/revisions"}],"predecessor-version":[{"id":6896,"href":"https:\/\/online-filmkatarzis.com\/kucko\/wp-json\/wp\/v2\/posts\/6886\/revisions\/6896"}],"wp:featuredmedia":[{"embeddable":true,"href":"https:\/\/online-filmkatarzis.com\/kucko\/wp-json\/wp\/v2\/media\/6887"}],"wp:attachment":[{"href":"https:\/\/online-filmkatarzis.com\/kucko\/wp-json\/wp\/v2\/media?parent=6886"}],"wp:term":[{"taxonomy":"category","embeddable":true,"href":"https:\/\/online-filmkatarzis.com\/kucko\/wp-json\/wp\/v2\/categories?post=6886"},{"taxonomy":"post_tag","embeddable":true,"href":"https:\/\/online-filmkatarzis.com\/kucko\/wp-json\/wp\/v2\/tags?post=6886"}],"curies":[{"name":"wp","href":"https:\/\/api.w.org\/{rel}","templated":true}]}}