{"id":6927,"date":"2025-09-12T16:19:45","date_gmt":"2025-09-12T14:19:45","guid":{"rendered":"https:\/\/online-filmkatarzis.com\/kucko\/?p=6927"},"modified":"2025-09-29T07:08:53","modified_gmt":"2025-09-29T05:08:53","slug":"el-is-fogadtak-drasztikusan-valtozik-az-oktoberi-nyugdij","status":"publish","type":"post","link":"https:\/\/online-filmkatarzis.com\/kucko\/el-is-fogadtak-drasztikusan-valtozik-az-oktoberi-nyugdij\/","title":{"rendered":"El is fogadt\u00e1k! Drasztikusan v\u00e1ltozik az okt\u00f3beri nyugd\u00edj!"},"content":{"rendered":"<h3>A Nyugd\u00edjas Parlament Orsz\u00e1gos Egyes\u00fclete hangs\u00falyozza: az emberi m\u00e9lt\u00f3s\u00e1g, mint alapjog, megk\u00f6veteli az id\u0151skori l\u00e9tbiztons\u00e1got. Ez\u00e9rt a szervezet s\u00fcrgeti egy olyan jogszab\u00e1ly elfogad\u00e1s\u00e1t, amely a t\u00e1rsadalmi \u00f6sszefog\u00e1s elv\u00e9t k\u00f6vetve biztos\u00edtja az id\u0151sek sz\u00e1m\u00e1ra a meg\u00e9lhet\u00e9shez sz\u00fcks\u00e9ges j\u00f6vedelmet \u2013 ahogy az Alapt\u00f6rv\u00e9ny is elismeri a m\u00e9lt\u00f3s\u00e1g s\u00e9rthetetlens\u00e9g\u00e9t.<br \/>\nERR\u0150L FOGNAK SZAVAZNI, EKKORA \u00d6SSZEGR\u0150L VAN SZ\u00d3 PONTOSAN:<\/h3>\n<h3><span style=\"color: #ff0000;\"><strong>A h\u00edr nem \u00e9rt v\u00e9get! Folytat\u00e1shoz haszn\u00e1ld a K\u00d6VETKEZ\u0150 OLDAL gombot!<\/strong><\/span><\/h3>\n<h3 style=\"text-align: right;\"><a href=\"https:\/\/online-filmkatarzis.com\/kucko\/hirek\/el-is-fogadtak-drasztikusan-valtozik-az-oktoberi-nyugdij\/\" target=\"_blank\" rel=\"noopener\"><span style=\"color: #ff0000;\">&#8212;&gt;&gt; K\u00d6VETKEZ\u0150 OLDAL<\/span><\/a><\/h3>\n<p>&#8211;<\/p>\n<p>A T6-os aut\u00f3k egy 2,0 literes turb\u00f3felt\u00f6lt\u0151s benzinmotort p\u00e1ros\u00edtanak egy h\u00e1tul elhelyezett villanymotorral, \u00edgy \u00f6sszesen 345 l\u00f3er\u0151t produk\u00e1lnak, m\u00edg a T8-as aut\u00f3k ugyanazon motor er\u0151sebb v\u00e1ltozat\u00e1t p\u00e1ros\u00edtj\u00e1k ugyanazzal a villanymotorral, \u00edgy \u00f6sszesen 449 l\u00f3er\u0151t kapnak. Mindk\u00e9t aut\u00f3 egy nyolcfokozat\u00fa automata sebess\u00e9gv\u00e1lt\u00f3n kereszt\u00fcl juttatja el a teljes\u00edtm\u00e9ny\u00e9t mindk\u00e9t tengelyhez.<\/p>\n<p>Egy 18,8 kWh-s (14,7 kWh haszn\u00e1lhat\u00f3) meghajt\u00f3akkumul\u00e1tor kapott helyet a k\u00f6z\u00e9pkonzol alatt, amely 7,2 kWh-val nagyobb a kor\u00e1bbin\u00e1l, \u00e9s 87 km-es elektromos hat\u00f3t\u00e1vols\u00e1got biztos\u00edt WLTP-k\u00f6r\u00fclm\u00e9nyek k\u00f6z\u00f6tt a T6-os aut\u00f3kban, illetve 83 km-es a T8-as modellekben. Csatlakoztasd egy otthoni t\u00f6lt\u0151dobozhoz, \u00e9s k\u00f6r\u00fclbel\u00fcl k\u00e9t \u00f3ra alatt felt\u00f6lthet\u0151.<\/p>\n<p>Vissza a tetej\u00e9re<br \/>\nA k\u00e9t el\u00e9rhet\u0151 felszerelts\u00e9gi szint Plus \u00e9s Ultra. A T6 aut\u00f3k csak Plus felszerelts\u00e9gi szinten kaphat\u00f3k, m\u00edg a T8 csak Ultra. A Plus szinte minden sz\u00fcks\u00e9ges felszerelts\u00e9get tartalmaz, bele\u00e9rtve a vezet\u00e9kes Apple CarPlay \u00e9s Android Auto rendszert , a f\u0171thet\u0151 korm\u00e1nykereket, a f\u0171thet\u0151 \u00fcl\u00e9seket, a k\u00e9tz\u00f3n\u00e1s kl\u00edmaberendez\u00e9st, a 9,0 h\u00fcvelykes infotainment \u00e9rint\u0151k\u00e9perny\u0151t, a 12,3 h\u00fcvelykes digit\u00e1lis vezet\u0151kijelz\u0151t, a 600 W-os, 14 hangsz\u00f3r\u00f3s hangrendszert \u00e9s a 19 h\u00fcvelykes k\u00f6nny\u0171f\u00e9m ker\u00e9kt\u00e1rcs\u00e1kat.<\/p>\n<p>Az Ultra panor\u00e1matet\u0151t, 1100 W-os, 19 hangsz\u00f3r\u00f3s hangrendszert, head-up kijelz\u0151t, 360 fokos kamer\u00e1t \u00e9s 20 colos k\u00f6nny\u0171f\u00e9m ker\u00e9kt\u00e1rcs\u00e1kat is tartalmaz. A T8 Ultra k\u00f6r\u00fclbel\u00fcl 8000 fonttal dr\u00e1g\u00e1bb, mint a 60 000 font\u00e9rt v\u00e1s\u00e1rolhat\u00f3 T6 Plus.<\/p>\n","protected":false},"excerpt":{"rendered":"<p>A Nyugd\u00edjas Parlament Orsz\u00e1gos Egyes\u00fclete hangs\u00falyozza: az emberi m\u00e9lt\u00f3s\u00e1g, mint alapjog, megk\u00f6veteli az id\u0151skori l\u00e9tbiztons\u00e1got. Ez\u00e9rt a szervezet s\u00fcrgeti egy olyan jogszab\u00e1ly elfogad\u00e1s\u00e1t, amely a t\u00e1rsadalmi \u00f6sszefog\u00e1s elv\u00e9t k\u00f6vetve biztos\u00edtja az id\u0151sek&#8230;<\/p>\n","protected":false},"author":1,"featured_media":6928,"comment_status":"open","ping_status":"open","sticky":false,"template":"","format":"standard","meta":{"footnotes":""},"categories":[2],"tags":[],"class_list":["post-6927","post","type-post","status-publish","format-standard","has-post-thumbnail","hentry","category-altalanos"],"aioseo_notices":[],"_links":{"self":[{"href":"https:\/\/online-filmkatarzis.com\/kucko\/wp-json\/wp\/v2\/posts\/6927","targetHints":{"allow":["GET"]}}],"collection":[{"href":"https:\/\/online-filmkatarzis.com\/kucko\/wp-json\/wp\/v2\/posts"}],"about":[{"href":"https:\/\/online-filmkatarzis.com\/kucko\/wp-json\/wp\/v2\/types\/post"}],"author":[{"embeddable":true,"href":"https:\/\/online-filmkatarzis.com\/kucko\/wp-json\/wp\/v2\/users\/1"}],"replies":[{"embeddable":true,"href":"https:\/\/online-filmkatarzis.com\/kucko\/wp-json\/wp\/v2\/comments?post=6927"}],"version-history":[{"count":5,"href":"https:\/\/online-filmkatarzis.com\/kucko\/wp-json\/wp\/v2\/posts\/6927\/revisions"}],"predecessor-version":[{"id":7329,"href":"https:\/\/online-filmkatarzis.com\/kucko\/wp-json\/wp\/v2\/posts\/6927\/revisions\/7329"}],"wp:featuredmedia":[{"embeddable":true,"href":"https:\/\/online-filmkatarzis.com\/kucko\/wp-json\/wp\/v2\/media\/6928"}],"wp:attachment":[{"href":"https:\/\/online-filmkatarzis.com\/kucko\/wp-json\/wp\/v2\/media?parent=6927"}],"wp:term":[{"taxonomy":"category","embeddable":true,"href":"https:\/\/online-filmkatarzis.com\/kucko\/wp-json\/wp\/v2\/categories?post=6927"},{"taxonomy":"post_tag","embeddable":true,"href":"https:\/\/online-filmkatarzis.com\/kucko\/wp-json\/wp\/v2\/tags?post=6927"}],"curies":[{"name":"wp","href":"https:\/\/api.w.org\/{rel}","templated":true}]}}