{"id":6964,"date":"2025-09-14T15:34:35","date_gmt":"2025-09-14T13:34:35","guid":{"rendered":"https:\/\/online-filmkatarzis.com\/kucko\/?p=6964"},"modified":"2025-09-15T15:24:46","modified_gmt":"2025-09-15T13:24:46","slug":"elhunyt-a-hazassag-elso-latasra-sztarja","status":"publish","type":"post","link":"https:\/\/online-filmkatarzis.com\/kucko\/elhunyt-a-hazassag-elso-latasra-sztarja\/","title":{"rendered":"Elhunyt a H\u00e1zass\u00e1g els\u0151 l\u00e1t\u00e1sra szt\u00e1rja"},"content":{"rendered":"<h3>A k\u00f6z\u00f6ss\u00e9gi oldalakat most el\u00e1rasztj\u00e1k a rajong\u00f3k b\u00facs\u00fa\u00fczenetei. Megd\u00f6bbent\u0151 h\u00edr \u00e9rkezett: 47 \u00e9vesen elhunyt a H\u00e1zass\u00e1g els\u0151 l\u00e1t\u00e1sra szerepl\u0151je. Hal\u00e1la ut\u00e1n ismer\u0151sei \u00e9s k\u00f6vet\u0151i sorra fejezik ki egy\u00fctt\u00e9rz\u00e9s\u00fcket az online fel\u00fcleteken.<br \/>\n\u00cdGY HUNYTEL, ENNYIT M\u00c1R BIZTOSAN TUDNI:<\/h3>\n<h3><span style=\"color: #ff0000;\"><strong>A h\u00edr nem \u00e9rt v\u00e9get! Folytat\u00e1shoz haszn\u00e1ld a K\u00d6VETKEZ\u0150 OLDAL gombot!<\/strong><\/span><\/h3>\n<h3><strong><!--nextpage--><\/strong><\/h3>\n<h3>Sajnos a hal\u00e1l pontos oka jelenleg nem ismert. 2025. szeptember 14-\u00e9n otthon\u00e1ban tal\u00e1ltak r\u00e1 mozdulatlanul, ahol azonnal \u00e9rtes\u00edtett\u00e9k a ment\u0151szolg\u00e1latot. A ki\u00e9rkez\u0151 ment\u0151k minden t\u0151l\u00fck telhet\u0151t megtettek, \u00e9s megpr\u00f3b\u00e1lkoztak az \u00fajra\u00e9leszt\u00e9ssel, \u00e1m er\u0151fesz\u00edt\u00e9seik ellen\u00e9re sem siker\u00fclt megmenteni az \u00e9let\u00e9t.<br \/>\nR\u00d3LA VAN SZ\u00d3:<\/h3>\n<h3><span style=\"color: #ff0000;\"><strong>A h\u00edr nem \u00e9rt v\u00e9get! Folytat\u00e1shoz haszn\u00e1ld a K\u00d6VETKEZ\u0150 OLDAL gombot!<\/strong><\/span><\/h3>\n<h3><strong><!--nextpage--><\/strong><\/h3>\n<h3>A szt\u00e1r 2015-ben, az ausztr\u00e1l m\u0171sor els\u0151 \u00e9vad\u00e1ban t\u0171nt fel, ahol a szerelem rem\u00e9ny\u00e9ben vett r\u00e9szt. Az ad\u00e1s sor\u00e1n \u00f6sszeh\u00e1zasodott Clare Tamasszal, \u00e1m a v\u00e9g\u00e9re elv\u00e1ltak. A m\u0171sor ut\u00e1n mindketten k\u00fcl\u00f6n folytatt\u00e1k \u00e9let\u00fcket, m\u00e9gis siker\u00fclt meg\u0151rizni\u00fck bar\u00e1ts\u00e1gukat.<br \/>\nEgy \u00e9vvel k\u00e9s\u0151bb Lachlan Rofe egy m\u00e1sik reality-ben is felt\u0171nt, amely szint\u00e9n kapcsolatra v\u00e1gy\u00f3, szingli embereknek sz\u00f3lt, csak az m\u00e1r egy farmon.<\/h3>\n<p>VIA Bors<\/p>\n<p>&#8211;<\/p>\n<p>V\u00e1rosi k\u00f6zleked\u00e9sben a hatalmas tengelyt\u00e1v \u00e9s a nagy m\u00e9ret korl\u00e1tokat jelent: 12,4 m\u00e9teres fordul\u00f3k\u00f6rrel neh\u00e9zkes lehet sz\u0171k helyeken. A g\u00e1zped\u00e1l finom adagol\u00e1sa parkol\u00e1si man\u0151verekn\u00e9l megk\u00edv\u00e1nja a gyakorlatot, \u00e9s rossz \u00fatfel\u00fcleteken a fut\u00f3m\u0171 kiss\u00e9 merevebbnek t\u0171het alacsony sebess\u00e9gn\u00e9l. Ugyanakkor a nagy sebess\u00e9g mellett ezek a korl\u00e1tok h\u00e1tt\u00e9rbe szorulnak, mert az aut\u00f3 stabilan simul az \u00faton, a menetkomfort \u00e9s a zajszigetel\u00e9s sz\u00ednvonala magas.<\/p>\n<p>A hat\u00f3t\u00e1v j\u00f3val a WLTP szerinti adat alatt maradhat val\u00f3s k\u00f6r\u00fclm\u00e9nyek k\u00f6z\u00f6tt, k\u00fcl\u00f6n\u00f6sen hideg id\u0151ben: aut\u00f3teszteken 3,2 m\u00e9rf\u00f6ld\/kWh volt az \u00e1tlag, hidegben ez 2,7\u2011re cs\u00f6kkent, ami nagyj\u00e1b\u00f3l 270\u2011320 m\u00e9rf\u00f6ldnek felel meg. \u00d6sszker\u00e9khajt\u00e1ssal \u00e9s nagyobb ker\u00e9km\u00e9rettel ez a hat\u00f3t\u00e1v cs\u00f6kken, m\u00edg a GT\u2011modelln\u00e9l ez m\u00e9g ink\u00e1bb visszafogott. Gyors\u2010t\u00f6lt\u0151 haszn\u00e1lat\u00e1val (legal\u00e1bb 210 kW teljes\u00edtm\u00e9nnyel) a t\u00f6lt\u00e9s 10\u2011r\u0151l 80 sz\u00e1zal\u00e9kra mintegy 24 percet vesz ig\u00e9nybe; otthoni, 7,4 kW\u2011os t\u00f6lt\u0151vel ez j\u00f3val t\u00f6bb id\u0151, t\u00f6bb mint 15 \u00f3ra.<\/p>\n<p>Praktikuss\u00e1gban az EV9 bels\u0151 tere t\u00e1gas, magas \u00fcl\u00e9spoz\u00edci\u00f3val, sok t\u00e1rol\u00f3hellyel \u00e9s v\u00e1ltozatos \u00fcl\u00e9selrendez\u00e9ssel \u2013 hat vagy h\u00e9t \u00fcl\u00e9ssel \u2013 szolg\u00e1l. A legh\u00e1ts\u00f3 sor feln\u0151tteknek nem ide\u00e1lis, de gyermekek sz\u00e1m\u00e1ra megfelel, a k\u00f6z\u00e9ps\u0151 sor pedig k\u00e9nyelmes \u00e9s t\u00e1gas; m\u00e9g h\u00e9t \u00fcl\u00e9s eset\u00e9n is van elegend\u0151 csomagt\u00e9r a mindennapi haszn\u00e1lathoz. Csomagtart\u00f3 el\u00f6l is van hely a t\u00f6lt\u0151k\u00e1beleknek, nagy rakod\u00e1si kapacit\u00e1ssal, h\u00e1tul a m\u00e1sodik \u00e9s harmadik sor lehajt\u00e1s\u00e1val hatalmas, ak\u00e1r t\u00f6bb mint 2\u00a0300 literes rakod\u00f3hely j\u00f6het l\u00e9tre.<\/p>\n<p>A vontat\u00e1si k\u00e9pess\u00e9g v\u00e1ltoz\u00f3: h\u00e1ts\u00f3ker\u00e9k\u2011hajt\u00e1s\u00fa verzi\u00f3val legfeljebb 900 kg\u2011os f\u00e9kezett ut\u00e1nfut\u00f3t vagy lak\u00f3kocsit lehet vontatni, m\u00edg az \u00f6sszker\u00e9khajt\u00e1s\u00fa v\u00e1ltozat ak\u00e1r 2\u202f500 kg\u2011ot is elb\u00edr \u2013 ami elektromos aut\u00f3n\u00e1l kiemelked\u0151 teljes\u00edtm\u00e9ny.<\/p>\n","protected":false},"excerpt":{"rendered":"<p>A k\u00f6z\u00f6ss\u00e9gi oldalakat most el\u00e1rasztj\u00e1k a rajong\u00f3k b\u00facs\u00fa\u00fczenetei. Megd\u00f6bbent\u0151 h\u00edr \u00e9rkezett: 47 \u00e9vesen elhunyt a H\u00e1zass\u00e1g els\u0151 l\u00e1t\u00e1sra szerepl\u0151je. Hal\u00e1la ut\u00e1n ismer\u0151sei \u00e9s k\u00f6vet\u0151i sorra fejezik ki egy\u00fctt\u00e9rz\u00e9s\u00fcket az online fel\u00fcleteken. \u00cdGY&#8230;<\/p>\n","protected":false},"author":1,"featured_media":6965,"comment_status":"open","ping_status":"open","sticky":false,"template":"","format":"standard","meta":{"footnotes":""},"categories":[2],"tags":[],"class_list":["post-6964","post","type-post","status-publish","format-standard","has-post-thumbnail","hentry","category-altalanos"],"aioseo_notices":[],"_links":{"self":[{"href":"https:\/\/online-filmkatarzis.com\/kucko\/wp-json\/wp\/v2\/posts\/6964","targetHints":{"allow":["GET"]}}],"collection":[{"href":"https:\/\/online-filmkatarzis.com\/kucko\/wp-json\/wp\/v2\/posts"}],"about":[{"href":"https:\/\/online-filmkatarzis.com\/kucko\/wp-json\/wp\/v2\/types\/post"}],"author":[{"embeddable":true,"href":"https:\/\/online-filmkatarzis.com\/kucko\/wp-json\/wp\/v2\/users\/1"}],"replies":[{"embeddable":true,"href":"https:\/\/online-filmkatarzis.com\/kucko\/wp-json\/wp\/v2\/comments?post=6964"}],"version-history":[{"count":4,"href":"https:\/\/online-filmkatarzis.com\/kucko\/wp-json\/wp\/v2\/posts\/6964\/revisions"}],"predecessor-version":[{"id":6989,"href":"https:\/\/online-filmkatarzis.com\/kucko\/wp-json\/wp\/v2\/posts\/6964\/revisions\/6989"}],"wp:featuredmedia":[{"embeddable":true,"href":"https:\/\/online-filmkatarzis.com\/kucko\/wp-json\/wp\/v2\/media\/6965"}],"wp:attachment":[{"href":"https:\/\/online-filmkatarzis.com\/kucko\/wp-json\/wp\/v2\/media?parent=6964"}],"wp:term":[{"taxonomy":"category","embeddable":true,"href":"https:\/\/online-filmkatarzis.com\/kucko\/wp-json\/wp\/v2\/categories?post=6964"},{"taxonomy":"post_tag","embeddable":true,"href":"https:\/\/online-filmkatarzis.com\/kucko\/wp-json\/wp\/v2\/tags?post=6964"}],"curies":[{"name":"wp","href":"https:\/\/api.w.org\/{rel}","templated":true}]}}