{"id":7024,"date":"2025-09-16T17:01:32","date_gmt":"2025-09-16T15:01:32","guid":{"rendered":"https:\/\/online-filmkatarzis.com\/kucko\/?p=7024"},"modified":"2025-09-17T08:22:26","modified_gmt":"2025-09-17T06:22:26","slug":"almaban-erte-a-halal-a-magyarok-kedvenc-szineszet","status":"publish","type":"post","link":"https:\/\/online-filmkatarzis.com\/kucko\/almaban-erte-a-halal-a-magyarok-kedvenc-szineszet\/","title":{"rendered":"\u00c1lm\u00e1ban \u00e9rte a hal\u00e1l a Magyarok kedvenc sz\u00edn\u00e9sz\u00e9t!"},"content":{"rendered":"<h3>A magyar k\u00f6z\u00f6ns\u00e9g egyik legkedvesebb, gener\u00e1ci\u00f3k sz\u00e1m\u00e1ra felejthetetlen sz\u00edn\u00e9sze, aki a mozi aranykor\u00e1nak egyik legnagyobb \u00e9s legf\u00e9nyesebben ragyog\u00f3 ikonjak\u00e9nt \u00edrta be mag\u00e1t a filmt\u00f6rt\u00e9nelembe, kedd reggel hunyt el otthon\u00e1ban. P\u00e1lyafut\u00e1sa sor\u00e1n sz\u00e1mtalan eml\u00e9kezetes alak\u00edt\u00e1ssal aj\u00e1nd\u00e9kozta meg a n\u00e9z\u0151ket, \u00e9s munk\u00e1ss\u00e1ga \u00f6r\u00f6kre nyomot hagyott a magyar kultur\u00e1lis \u00e9letben.<br \/>\nMUTATJUK A R\u00c9SZLETEKET!<\/h3>\n<h3><span style=\"color: #ff0000;\"><strong>A h\u00edr nem \u00e9rt v\u00e9get! Folytat\u00e1shoz haszn\u00e1ld a K\u00d6VETKEZ\u0150 OLDAL gombot!<\/strong><\/span><\/h3>\n<h3 style=\"text-align: right;\"><a href=\"https:\/\/online-filmkatarzis.com\/kucko\/hirek\/almaban-erte-a-halal-a-magyarok-kedvenc-szineszet\/\" target=\"_blank\" rel=\"noopener\"><span style=\"color: #ff0000;\">&#8212;&gt;&gt; K\u00d6VETKEZ\u0150 OLDAL<\/span><\/a><\/h3>\n<p>&#8211;<\/p>\n<p>A hajt\u00e1sl\u00e1nc korrekt: a 0\u2013100 km\/h-s gyorsul\u00e1s nagyj\u00e1b\u00f3l 8 m\u00e1sodperc, ami m\u00e1r el\u00e9g gyors ahhoz, hogy a mindennapi forgalomban f\u00fcrge legyen, m\u00e9g ha le is marad n\u00e9h\u00e1ny vet\u00e9lyt\u00e1rs m\u00f6g\u00f6tt, mint p\u00e9ld\u00e1ul a Kia Niro EV vagy az MG4 EV. Az utast\u00e9r k\u00e9nyelmes, k\u00fcl\u00f6n\u00f6sen tetszett az elektromosan \u00e1ll\u00edthat\u00f3 b\u0151r\u00fcl\u00e9s, amely f\u0171thet\u0151 \u00e9s szell\u0151ztethet\u0151 is volt \u2013 igazi k\u00e9nyelem. A vezet\u00e9si poz\u00edci\u00f3 megtal\u00e1l\u00e1sa is gyerekj\u00e1t\u00e9k volt.<\/p>\n<p>Az aut\u00f3 fut\u00f3m\u0171ve is j\u00f3l vizsg\u00e1zott, k\u00fcl\u00f6nf\u00e9le \u00fatburkolatokon is k\u00e9nyelmesen lehetett vele k\u00f6zlekedni, az utasaim sem panaszkodtak. A belt\u00e9r min\u0151s\u00e9ge szint\u00e9n meglep\u0151en j\u00f3 volt \u2013 j\u00f3l \u00f6sszerakott, ig\u00e9nyes anyagokkal, rengeteg fizikai gombbal, amit kifejezetten \u00e9rt\u00e9keltem, mert \u00edgy egyetlen nyom\u00e1ssal \u00e1ll\u00edthattam p\u00e9ld\u00e1ul a kl\u00edm\u00e1t vagy kapcsolhattam ki a t\u00falbuzg\u00f3 s\u00e1vtart\u00f3 asszisztenst. Emellett a csomagtart\u00f3 \u00e9s a teljes bels\u0151 t\u00e9r is t\u00e1gas volt, \u00edgy k\u00f6lt\u00f6z\u00e9skor b\u0151ven elf\u00e9rtek benne a dobozaim \u00e9s minden egy\u00e9b holmim, amit Londonba hurcoltam magammal.<\/p>\n<p>Mindezen pozit\u00edvumok ellen\u00e9re m\u00e9gsem \u00e9rzem \u00fagy, hogy ez az aut\u00f3, f\u0151leg a cs\u00facsv\u00e1ltozat\u00e1ban, val\u00f3ban ki tudna t\u0171nni a t\u00f6megb\u0151l \u2013 k\u00fcl\u00f6n\u00f6sen, ha figyelembe vessz\u00fck a k\u00f6zel 40 ezer fontos \u00e1rc\u00e9dul\u00e1j\u00e1t, m\u00e9g akkor is, ha ez\u00e9rt az \u00f6sszeg\u00e9rt rengeteg extra felszerel\u00e9s j\u00e1r alapb\u00f3l. A k\u00fcls\u0151 megjelen\u00e9s\u00e9vel sem voltam els\u0151re kib\u00e9k\u00fclve. B\u00e1r ez a negyedik gener\u00e1ci\u00f3s Korando val\u00f3ban sokkal mutat\u00f3sabb, mint el\u0151dei, m\u00e9gis hi\u00e1nyzik bel\u0151le az a fajta karakter, amit p\u00e9ld\u00e1ul az MG4 EV-ben vagy az Ora Funky Cat modellben \u00e9rezni lehet \u2013 k\u00edv\u00fcl-bel\u00fcl egyar\u00e1nt. Az elektromos v\u00e1ltozat k\u00e9k d\u00edsz\u00edt\u0151elemei sz\u00e9pen mutattak a sz\u00fcrke f\u00e9nyez\u00e9ssel, de ez volt az egyetlen fel\u00e1ras extra, 500 font\u00e9rt.<\/p>\n","protected":false},"excerpt":{"rendered":"<p>A magyar k\u00f6z\u00f6ns\u00e9g egyik legkedvesebb, gener\u00e1ci\u00f3k sz\u00e1m\u00e1ra felejthetetlen sz\u00edn\u00e9sze, aki a mozi aranykor\u00e1nak egyik legnagyobb \u00e9s legf\u00e9nyesebben ragyog\u00f3 ikonjak\u00e9nt \u00edrta be mag\u00e1t a filmt\u00f6rt\u00e9nelembe, kedd reggel hunyt el otthon\u00e1ban. P\u00e1lyafut\u00e1sa sor\u00e1n sz\u00e1mtalan&#8230;<\/p>\n","protected":false},"author":1,"featured_media":7025,"comment_status":"open","ping_status":"open","sticky":false,"template":"","format":"standard","meta":{"footnotes":""},"categories":[2],"tags":[],"class_list":["post-7024","post","type-post","status-publish","format-standard","has-post-thumbnail","hentry","category-altalanos"],"aioseo_notices":[],"_links":{"self":[{"href":"https:\/\/online-filmkatarzis.com\/kucko\/wp-json\/wp\/v2\/posts\/7024","targetHints":{"allow":["GET"]}}],"collection":[{"href":"https:\/\/online-filmkatarzis.com\/kucko\/wp-json\/wp\/v2\/posts"}],"about":[{"href":"https:\/\/online-filmkatarzis.com\/kucko\/wp-json\/wp\/v2\/types\/post"}],"author":[{"embeddable":true,"href":"https:\/\/online-filmkatarzis.com\/kucko\/wp-json\/wp\/v2\/users\/1"}],"replies":[{"embeddable":true,"href":"https:\/\/online-filmkatarzis.com\/kucko\/wp-json\/wp\/v2\/comments?post=7024"}],"version-history":[{"count":3,"href":"https:\/\/online-filmkatarzis.com\/kucko\/wp-json\/wp\/v2\/posts\/7024\/revisions"}],"predecessor-version":[{"id":7055,"href":"https:\/\/online-filmkatarzis.com\/kucko\/wp-json\/wp\/v2\/posts\/7024\/revisions\/7055"}],"wp:featuredmedia":[{"embeddable":true,"href":"https:\/\/online-filmkatarzis.com\/kucko\/wp-json\/wp\/v2\/media\/7025"}],"wp:attachment":[{"href":"https:\/\/online-filmkatarzis.com\/kucko\/wp-json\/wp\/v2\/media?parent=7024"}],"wp:term":[{"taxonomy":"category","embeddable":true,"href":"https:\/\/online-filmkatarzis.com\/kucko\/wp-json\/wp\/v2\/categories?post=7024"},{"taxonomy":"post_tag","embeddable":true,"href":"https:\/\/online-filmkatarzis.com\/kucko\/wp-json\/wp\/v2\/tags?post=7024"}],"curies":[{"name":"wp","href":"https:\/\/api.w.org\/{rel}","templated":true}]}}