{"id":8018,"date":"2025-11-02T11:05:28","date_gmt":"2025-11-02T10:05:28","guid":{"rendered":"https:\/\/online-filmkatarzis.com\/kucko\/?p=8018"},"modified":"2025-11-02T11:05:28","modified_gmt":"2025-11-02T10:05:28","slug":"fekete-hetvege-a-mav-nal","status":"publish","type":"post","link":"https:\/\/online-filmkatarzis.com\/kucko\/fekete-hetvege-a-mav-nal\/","title":{"rendered":"Fekete h\u00e9tv\u00e9ge a M\u00c1V-n\u00e1l!"},"content":{"rendered":"<h3>Sorban \u00e9rkeznek a balesetes h\u00edrek a vasp\u00e1ly\u00e1r\u00f3l. A M\u00c1V szombat est\u00e9re m\u00e1r h\u00e1rom kritikus esetr\u0151l adott t\u00e1j\u00e9koztat\u00e1st \u2013 \u00fagy t\u0171nik, az utaz\u00e1si k\u00e1osz megint elker\u00fclhetetlen. A budapesti Nyugati p\u00e1lyaudvarr\u00f3l 15:45-kor Szegedre elindult Napf\u00e9ny InterCity (IC 716) Kistelek el\u0151tt el\u00fct\u00f6tt egy embert. A trag\u00e9dia miatt Kiskunf\u00e9legyh\u00e1za \u00e9s Kistelek k\u00f6z\u00f6tt AZONNAL p\u00f3tl\u00f3buszokat kellett be\u00e1ll\u00edtani, az utasok pedig hosszabb eljut\u00e1si id\u0151kre k\u00e9sz\u00fclhetnek a szegedi f\u0151vonalon.<br \/>\nmit\u0151l borult be ennyire az utaz\u00e1s mostanra?<br \/>\nMUTATJUK!<\/h3>\n<h3><span style=\"color: #ff0000;\"><strong>A h\u00edr nem \u00e9rt v\u00e9get! Folytat\u00e1shoz haszn\u00e1ld a K\u00d6VETKEZ\u0150 OLDAL gombot!<\/strong><\/span><\/h3>\n<h3><strong><!--nextpage--><\/strong><\/h3>\n<h3>Nem ez volt az egyetlen vas\u00fati \u00fctk\u00f6z\u00e9s! Szombat hajnalban Ferihegyn\u00e9l egy aut\u00f3val \u00fctk\u00f6z\u00f6tt a 4:50-kor Szolnokra elindult reggeli Z50-es j\u00e1rat. Az \u00fctk\u00f6z\u00e9s ut\u00e1n Pestszentl\u0151rinc \u00e9s Vecs\u00e9s k\u00f6z\u00f6tt \u00e1tmenetileg mindk\u00e9t v\u00e1g\u00e1nyt le kellett z\u00e1rni, \u00edgy a K\u0151b\u00e1nya-Kispest \u2013 Vecs\u00e9s vonalon P\u00d3TL\u00d3BUSZOK j\u00e1rt\u00e1k k\u00f6rbe a teljes szakaszt. Sok utas nem is hitte el, hogy 30\u201360 perc plusz menetid\u0151vel kell sz\u00e1molniuk \u2013 m\u00e9gis ez t\u00f6rt\u00e9nt a Budapest\u2013Cegl\u00e9d\u2013Szolnok tengelyen.<br \/>\nenn\u00e9l is s\u00falyosabb eset t\u00f6rt\u00e9nt? igen\u2026 MUTATJUK!<\/h3>\n<h3><span style=\"color: #ff0000;\"><strong>A h\u00edr nem \u00e9rt v\u00e9get! Folytat\u00e1shoz haszn\u00e1ld a K\u00d6VETKEZ\u0150 OLDAL gombot!<\/strong><\/span><\/h3>\n<h3><strong><!--nextpage--><\/strong><\/h3>\n<h3>P\u00e9ntek este a Nyugati fel\u00e9 tart\u00f3 Ny\u00edrs\u00e9g InterCity Debrecenn\u00e9l, a D\u00e9li sor k\u00f6zel\u00e9ben el\u00fct\u00f6tt egy f\u00e9rfit. A vonat utasait egy k\u00f6vetkez\u0151 szerelv\u00e9ny vitte tov\u00e1bb, \u00e1m a f\u00e9rfi \u00e9let\u00e9t m\u00e1r nem lehetett megmenteni. Az OMSZ szerint a helysz\u00ednen meg\u00e1llap\u00edtott\u00e1k a hal\u00e1l t\u00e9ny\u00e9t. A helysz\u00ednel\u00e9s miatt Ebes \u00e9s Debrecen k\u00f6z\u00f6tt csak egy v\u00e1g\u00e1ny maradt, ez pedig az esti \u00f3r\u00e1kban komoly k\u00e9s\u00e9seket okozott a z\u00e1honyi f\u0151vonalon. R\u00e1ad\u00e1sul: al\u00edg egy h\u00e9ttel kor\u00e1bban, szint\u00e9n Ebesen g\u00e1zolt egy szem\u00e9lyvonat egy 40 \u00e9ves f\u00e9rfit. A szakemberek szerint: \u00f6ssze\u00e9rnek az esetek \u2013 mi t\u00f6rt\u00e9nik a magyar vasp\u00e1ly\u00e1k ment\u00e9n?<\/h3>\n<p>VIA kekvillogo<\/p>\n","protected":false},"excerpt":{"rendered":"<p>Sorban \u00e9rkeznek a balesetes h\u00edrek a vasp\u00e1ly\u00e1r\u00f3l. A M\u00c1V szombat est\u00e9re m\u00e1r h\u00e1rom kritikus esetr\u0151l adott t\u00e1j\u00e9koztat\u00e1st \u2013 \u00fagy t\u0171nik, az utaz\u00e1si k\u00e1osz megint elker\u00fclhetetlen. A budapesti Nyugati p\u00e1lyaudvarr\u00f3l 15:45-kor Szegedre elindult&#8230;<\/p>\n","protected":false},"author":1,"featured_media":8019,"comment_status":"open","ping_status":"open","sticky":false,"template":"","format":"standard","meta":{"footnotes":""},"categories":[2],"tags":[],"class_list":["post-8018","post","type-post","status-publish","format-standard","has-post-thumbnail","hentry","category-altalanos"],"aioseo_notices":[],"_links":{"self":[{"href":"https:\/\/online-filmkatarzis.com\/kucko\/wp-json\/wp\/v2\/posts\/8018","targetHints":{"allow":["GET"]}}],"collection":[{"href":"https:\/\/online-filmkatarzis.com\/kucko\/wp-json\/wp\/v2\/posts"}],"about":[{"href":"https:\/\/online-filmkatarzis.com\/kucko\/wp-json\/wp\/v2\/types\/post"}],"author":[{"embeddable":true,"href":"https:\/\/online-filmkatarzis.com\/kucko\/wp-json\/wp\/v2\/users\/1"}],"replies":[{"embeddable":true,"href":"https:\/\/online-filmkatarzis.com\/kucko\/wp-json\/wp\/v2\/comments?post=8018"}],"version-history":[{"count":1,"href":"https:\/\/online-filmkatarzis.com\/kucko\/wp-json\/wp\/v2\/posts\/8018\/revisions"}],"predecessor-version":[{"id":8020,"href":"https:\/\/online-filmkatarzis.com\/kucko\/wp-json\/wp\/v2\/posts\/8018\/revisions\/8020"}],"wp:featuredmedia":[{"embeddable":true,"href":"https:\/\/online-filmkatarzis.com\/kucko\/wp-json\/wp\/v2\/media\/8019"}],"wp:attachment":[{"href":"https:\/\/online-filmkatarzis.com\/kucko\/wp-json\/wp\/v2\/media?parent=8018"}],"wp:term":[{"taxonomy":"category","embeddable":true,"href":"https:\/\/online-filmkatarzis.com\/kucko\/wp-json\/wp\/v2\/categories?post=8018"},{"taxonomy":"post_tag","embeddable":true,"href":"https:\/\/online-filmkatarzis.com\/kucko\/wp-json\/wp\/v2\/tags?post=8018"}],"curies":[{"name":"wp","href":"https:\/\/api.w.org\/{rel}","templated":true}]}}