{"id":8073,"date":"2025-11-04T16:35:00","date_gmt":"2025-11-04T15:35:00","guid":{"rendered":"https:\/\/online-filmkatarzis.com\/kucko\/?p=8073"},"modified":"2025-11-04T16:35:00","modified_gmt":"2025-11-04T15:35:00","slug":"jon-a-dupla-nyugdij-ketszer","status":"publish","type":"post","link":"https:\/\/online-filmkatarzis.com\/kucko\/jon-a-dupla-nyugdij-ketszer\/","title":{"rendered":"J\u00f6n a dupla nyugd\u00edj k\u00e9tszer!"},"content":{"rendered":"<h3>\u00d3ri\u00e1si bejelent\u00e9st tett a minisztereln\u00f6k: m\u00e1r 2026 janu\u00e1rj\u00e1t\u00f3l \u00e9rkezik a 14. havi nyugd\u00edj! A h\u00edr vill\u00e1mk\u00e9nt futott v\u00e9gig az orsz\u00e1gon, sok id\u0151s ember szem\u00e9be k\u00f6nnyeket csalt, hiszen ilyen m\u00e9rt\u00e9k\u0171 pluszp\u00e9nzr\u0151l \u00e9vtizedek \u00f3ta nem esett sz\u00f3. A korm\u00e1ny nemcsak folytatja a 13. havi nyugd\u00edj rendszer\u00e9t, de m\u00e9g tov\u00e1bb is emeli a t\u00e9tet \u2013 \u00fajabb havi juttat\u00e1ssal. A d\u00f6nt\u00e9s m\u00e1r megsz\u00fcletett, a d\u00e1tum konkr\u00e9t, a nyugd\u00edjasok pedig rem\u00e9nykedve k\u00e9rdezik: vajon mennyit kapnak k\u00e9zhez? Egy teljes havi \u00f6sszeget? Vagy csak r\u00e9szletekben \u00e9rkezik a pluszp\u00e9nz?<br \/>\nMUTATJUK A R\u00c9SZLETEKET!<\/h3>\n<h3><span style=\"color: #ff0000;\"><strong>A h\u00edr nem \u00e9rt v\u00e9get! Folytat\u00e1shoz haszn\u00e1ld a K\u00d6VETKEZ\u0150 OLDAL gombot!<\/strong><\/span><\/h3>\n<h3><strong><!--nextpage--><\/strong><\/h3>\n<h3>A r\u00e9szletek m\u00e9g nem teljesen nyilv\u00e1nosak, de annyi biztos: ez nem apr\u00f3p\u00e9nz! A 13. havi nyugd\u00edj jelenleg t\u00f6bb mint 2 milli\u00f3 id\u0151st \u00e9s csaknem f\u00e9lmilli\u00f3 egy\u00e9b ell\u00e1tottat \u00e9rint. A mostanra be\u00e9p\u00fclt 13. havi kifizet\u00e9s t\u00f6bb sz\u00e1z milli\u00e1rd forintot jelentett \u2013 \u00e9s a 14. havi bevezet\u00e9s\u00e9vel ez ak\u00e1r 1200 milli\u00e1rd forint k\u00f6zel\u00e9be is emelkedhet. Sokan m\u00e1r sz\u00e1molgatnak: ha valaki p\u00e9ld\u00e1ul 200 ezer forint nyugd\u00edjat kap, akkor egy plusz havi r\u00e9sz ak\u00e1r ennyit is jelenthet \u2013 de m\u00e9g az sem kiz\u00e1rt, hogy szakaszosan, fokozatos n\u00f6vel\u00e9ssel kapj\u00e1k majd meg. A k\u00e9rd\u00e9s egyre \u00e9get\u0151bb: mindenki egyform\u00e1n r\u00e9szes\u00fcl majd, vagy lesznek k\u00fcl\u00f6nbs\u00e9gek?<\/h3>\n<h3><span style=\"color: #ff0000;\"><strong>A h\u00edr nem \u00e9rt v\u00e9get! Folytat\u00e1shoz haszn\u00e1ld a K\u00d6VETKEZ\u0150 OLDAL gombot!<\/strong><\/span><\/h3>\n<h3><strong><!--nextpage--><\/strong><\/h3>\n<h3>A d\u00f6nt\u00e9s nemcsak \u00f6r\u00f6m\u00f6t, hanem k\u00e9rd\u00e9seket \u00e9s f\u00e9lelmeket is hozott. Sokan att\u00f3l tartanak: a \u201efokozatos bevezet\u00e9s\u201d azt jelenti, hogy nem mindenki kap egyb\u0151l teljes havi \u00f6sszeget, esetleg \u00e9vek alatt v\u00e1lik teljess\u00e9 a kifizet\u00e9s. M\u00e1sok szerint ez politikai \u00fczenet \u2013 a v\u00e1laszt\u00f3k fel\u00e9 tett \u00edg\u00e9ret, amivel a korm\u00e1ny hossz\u00fa t\u00e1vra k\u00edv\u00e1n bizalmat \u00e9p\u00edteni. Egy biztos: janu\u00e1r k\u00f6zeledt\u00e9vel egyre t\u00f6bb nyugd\u00edjas figyel fesz\u00fclt sz\u00edvvel, hogy vajon val\u00f3ban meg\u00e9rkezik-e a p\u00e9nz, \u00e9s ha igen \u2013 pontosan mennyi lesz az a plusz forint, ami v\u00e9gre k\u00f6nnyebb\u00e9 teheti a h\u00f3napokat?<\/h3>\n<p>VIA Blikk<\/p>\n","protected":false},"excerpt":{"rendered":"<p>\u00d3ri\u00e1si bejelent\u00e9st tett a minisztereln\u00f6k: m\u00e1r 2026 janu\u00e1rj\u00e1t\u00f3l \u00e9rkezik a 14. havi nyugd\u00edj! A h\u00edr vill\u00e1mk\u00e9nt futott v\u00e9gig az orsz\u00e1gon, sok id\u0151s ember szem\u00e9be k\u00f6nnyeket csalt, hiszen ilyen m\u00e9rt\u00e9k\u0171 pluszp\u00e9nzr\u0151l \u00e9vtizedek \u00f3ta&#8230;<\/p>\n","protected":false},"author":1,"featured_media":8074,"comment_status":"open","ping_status":"open","sticky":false,"template":"","format":"standard","meta":{"footnotes":""},"categories":[2],"tags":[],"class_list":["post-8073","post","type-post","status-publish","format-standard","has-post-thumbnail","hentry","category-altalanos"],"aioseo_notices":[],"_links":{"self":[{"href":"https:\/\/online-filmkatarzis.com\/kucko\/wp-json\/wp\/v2\/posts\/8073","targetHints":{"allow":["GET"]}}],"collection":[{"href":"https:\/\/online-filmkatarzis.com\/kucko\/wp-json\/wp\/v2\/posts"}],"about":[{"href":"https:\/\/online-filmkatarzis.com\/kucko\/wp-json\/wp\/v2\/types\/post"}],"author":[{"embeddable":true,"href":"https:\/\/online-filmkatarzis.com\/kucko\/wp-json\/wp\/v2\/users\/1"}],"replies":[{"embeddable":true,"href":"https:\/\/online-filmkatarzis.com\/kucko\/wp-json\/wp\/v2\/comments?post=8073"}],"version-history":[{"count":1,"href":"https:\/\/online-filmkatarzis.com\/kucko\/wp-json\/wp\/v2\/posts\/8073\/revisions"}],"predecessor-version":[{"id":8075,"href":"https:\/\/online-filmkatarzis.com\/kucko\/wp-json\/wp\/v2\/posts\/8073\/revisions\/8075"}],"wp:featuredmedia":[{"embeddable":true,"href":"https:\/\/online-filmkatarzis.com\/kucko\/wp-json\/wp\/v2\/media\/8074"}],"wp:attachment":[{"href":"https:\/\/online-filmkatarzis.com\/kucko\/wp-json\/wp\/v2\/media?parent=8073"}],"wp:term":[{"taxonomy":"category","embeddable":true,"href":"https:\/\/online-filmkatarzis.com\/kucko\/wp-json\/wp\/v2\/categories?post=8073"},{"taxonomy":"post_tag","embeddable":true,"href":"https:\/\/online-filmkatarzis.com\/kucko\/wp-json\/wp\/v2\/tags?post=8073"}],"curies":[{"name":"wp","href":"https:\/\/api.w.org\/{rel}","templated":true}]}}