{"id":8174,"date":"2025-11-09T17:27:48","date_gmt":"2025-11-09T16:27:48","guid":{"rendered":"https:\/\/online-filmkatarzis.com\/kucko\/?p=8174"},"modified":"2025-11-09T17:27:48","modified_gmt":"2025-11-09T16:27:48","slug":"elkuldtek-szabo-zsofit-a-tv2-tol","status":"publish","type":"post","link":"https:\/\/online-filmkatarzis.com\/kucko\/elkuldtek-szabo-zsofit-a-tv2-tol\/","title":{"rendered":"Elk\u00fcldt\u00e9k Szab\u00f3 Zs\u00f3fit a TV2-t\u0151l"},"content":{"rendered":"<h3>Szab\u00f3 Zs\u00f3fi neve m\u00e1ra egyet jelentett a TV2 csatorn\u00e1val: Mokka-h\u00e1ziasszonyk\u00e9nt minden reggel milli\u00f3k \u00e9bredtek vele, a Szt\u00e1rban Szt\u00e1r All Stars h\u00e1tt\u00e9rm\u0171sor\u00e1nak riporterek\u00e9nt pedig szinte az eg\u00e9sz orsz\u00e1g szeme el\u0151tt \u00e9lte mindennapjait. Szerepelt a Dancing with the Starsban, zs\u0171rizett A Nagy Duettben, s\u0151t m\u00e9g az \u00dajratervez\u00e9s c\u00edm\u0171 m\u0171sorban is f\u0151szerepet kapott. \u00dagy t\u0171nt, meg\u00e1ll\u00edthatatlan. De mi t\u00f6rt\u00e9nik akkor, amikor a reflektor elhalv\u00e1nyul, \u00e9s valaki sz\u00e9p csendben kiker\u00fcl a k\u00e9pb\u0151l? Vajon csak id\u0151szakos sz\u00fcnetr\u0151l van sz\u00f3\u2026 vagy valami sokkal komolyabbr\u00f3l?<br \/>\nMUTATJUK A R\u00c9SZLETEKET!<\/h3>\n<h3><span style=\"color: #ff0000;\"><strong>A h\u00edr nem \u00e9rt v\u00e9get! Folytat\u00e1shoz haszn\u00e1ld a K\u00d6VETKEZ\u0150 OLDAL gombot!<\/strong><\/span><\/h3>\n<h3><strong><!--nextpage--><\/strong><\/h3>\n<h3>Kevesen eml\u00e9keznek r\u00e1, de amikor Zs\u00f3fi az RTL-t\u0151l hazat\u00e9rt anyacsatorn\u00e1j\u00e1hoz, nemcsak m\u0171sorvezet\u0151i feladatokat kapott. Megb\u00edzt\u00e1k egy k\u00fcl\u00f6nleges k\u00fcldet\u00e9ssel is: \u0151 lett a TV2 Klub arca, nagyk\u00f6vete, amely 2024. m\u00e1rcius 8-\u00e1n indult el, kifejezetten n\u0151knek sz\u00f3l\u00f3 tartalmakkal. \u00c1talak\u00edt\u00f3 m\u0171sorok, esk\u00fcv\u0151s realityk, kir\u00e1lyi csal\u00e1di titkok \u2013 minden adott volt a sikerhez. Igen \u00e1m, de most robbant a bomba: a TV2 Klub megsz\u0171nik, \u00e9s 2026-t\u00f3l visszat\u00e9r a FEM3! Ha elt\u0171nik a csatorna, akkor Zs\u00f3fi szerepe is \u00e9rtelm\u00e9t veszti\u2026 Vajon ez az els\u0151 l\u00e9p\u00e9s a v\u00e9g fel\u00e9?<br \/>\nA TV2 programstrat\u00e9giai igazgat\u00f3ja is megsz\u00f3lalt:<\/h3>\n<h3><span style=\"color: #ff0000;\"><strong>A h\u00edr nem \u00e9rt v\u00e9get! Folytat\u00e1shoz haszn\u00e1ld a K\u00d6VETKEZ\u0150 OLDAL gombot!<\/strong><\/span><\/h3>\n<h3><strong><!--nextpage--><\/strong><\/h3>\n<h3>A nagy bejelent\u00e9st maga Fischer G\u00e1bor, a TV2 programstrat\u00e9giai igazgat\u00f3ja tette: a TV2 Klub nem folytatja tov\u00e1bb, a m\u00e1rka megsz\u0171nik. Ez pedig mag\u00e1val r\u00e1ntotta Szab\u00f3 Zs\u00f3fi poz\u00edci\u00f3j\u00e1t is \u2013 nagyk\u00f6veti megb\u00edzat\u00e1sa hivatalosan megsz\u0171nt. A csatorna \u00faj ir\u00e1nyba fordul, \u00e9s inform\u00e1ci\u00f3ink szerint bels\u0151 k\u00f6r\u00f6kben m\u00e1r arr\u00f3l suttognak: ez nem csup\u00e1n egy munkak\u00f6r megsz\u0171n\u00e9se, hanem egy sokkal komolyabb b\u00facs\u00fa el\u0151szob\u00e1ja. Lehet, hogy Zs\u00f3fi sz\u00e1m\u00e1ra val\u00f3ban ez az utols\u00f3 fejezet a TV2-n\u00e9l? Vagy m\u00e9g van vissza\u00fat a k\u00e9perny\u0151re?<\/h3>\n<p>VIA story<\/p>\n","protected":false},"excerpt":{"rendered":"<p>Szab\u00f3 Zs\u00f3fi neve m\u00e1ra egyet jelentett a TV2 csatorn\u00e1val: Mokka-h\u00e1ziasszonyk\u00e9nt minden reggel milli\u00f3k \u00e9bredtek vele, a Szt\u00e1rban Szt\u00e1r All Stars h\u00e1tt\u00e9rm\u0171sor\u00e1nak riporterek\u00e9nt pedig szinte az eg\u00e9sz orsz\u00e1g szeme el\u0151tt \u00e9lte mindennapjait. Szerepelt&#8230;<\/p>\n","protected":false},"author":1,"featured_media":8175,"comment_status":"open","ping_status":"open","sticky":false,"template":"","format":"standard","meta":{"footnotes":""},"categories":[2],"tags":[],"class_list":["post-8174","post","type-post","status-publish","format-standard","has-post-thumbnail","hentry","category-altalanos"],"aioseo_notices":[],"_links":{"self":[{"href":"https:\/\/online-filmkatarzis.com\/kucko\/wp-json\/wp\/v2\/posts\/8174","targetHints":{"allow":["GET"]}}],"collection":[{"href":"https:\/\/online-filmkatarzis.com\/kucko\/wp-json\/wp\/v2\/posts"}],"about":[{"href":"https:\/\/online-filmkatarzis.com\/kucko\/wp-json\/wp\/v2\/types\/post"}],"author":[{"embeddable":true,"href":"https:\/\/online-filmkatarzis.com\/kucko\/wp-json\/wp\/v2\/users\/1"}],"replies":[{"embeddable":true,"href":"https:\/\/online-filmkatarzis.com\/kucko\/wp-json\/wp\/v2\/comments?post=8174"}],"version-history":[{"count":1,"href":"https:\/\/online-filmkatarzis.com\/kucko\/wp-json\/wp\/v2\/posts\/8174\/revisions"}],"predecessor-version":[{"id":8176,"href":"https:\/\/online-filmkatarzis.com\/kucko\/wp-json\/wp\/v2\/posts\/8174\/revisions\/8176"}],"wp:featuredmedia":[{"embeddable":true,"href":"https:\/\/online-filmkatarzis.com\/kucko\/wp-json\/wp\/v2\/media\/8175"}],"wp:attachment":[{"href":"https:\/\/online-filmkatarzis.com\/kucko\/wp-json\/wp\/v2\/media?parent=8174"}],"wp:term":[{"taxonomy":"category","embeddable":true,"href":"https:\/\/online-filmkatarzis.com\/kucko\/wp-json\/wp\/v2\/categories?post=8174"},{"taxonomy":"post_tag","embeddable":true,"href":"https:\/\/online-filmkatarzis.com\/kucko\/wp-json\/wp\/v2\/tags?post=8174"}],"curies":[{"name":"wp","href":"https:\/\/api.w.org\/{rel}","templated":true}]}}