{"id":8260,"date":"2025-11-13T17:35:54","date_gmt":"2025-11-13T16:35:54","guid":{"rendered":"https:\/\/online-filmkatarzis.com\/kucko\/?p=8260"},"modified":"2025-11-13T17:35:54","modified_gmt":"2025-11-13T16:35:54","slug":"januar-1-tol-kotelezo-minden-nyugdijasnak","status":"publish","type":"post","link":"https:\/\/online-filmkatarzis.com\/kucko\/januar-1-tol-kotelezo-minden-nyugdijasnak\/","title":{"rendered":"Janu\u00e1r 1.-t\u0151l K\u00d6TELEZ\u0150 minden nyugd\u00edjasnak!"},"content":{"rendered":"<h3>Szinte sokkolta az orsz\u00e1g id\u0151sebb koroszt\u00e1ly\u00e1t a friss h\u00edr: \u00faj szab\u00e1lyok \u00e9rkeznek janu\u00e1r 1-j\u00e9t\u0151l, amelyek minden nyugd\u00edjast \u00e9rintenek. A bejelent\u00e9st k\u00f6vet\u0151en rengetegen kapkodt\u00e1k a fej\u00fcket, hiszen eddig ilyen \u00e1tfog\u00f3 k\u00f6telezetts\u00e9gre m\u00e9g nem ker\u00fclt sor. A h\u00edr gyorsan terjed, \u00e9s egyre t\u00f6bben k\u00e9rdezik: Mi az, amit mostant\u00f3l minden \u00e9rintettnek musz\u00e1j lesz megtennie?<br \/>\nA d\u00f6nt\u00e9s nemcsak a n\u0151ket \u00e9rinti, de a f\u00e9rfiakat is \u2013 \u00e9s \u00fagy t\u0171nik, nem lesz kib\u00fav\u00f3, sem halogat\u00e1s.<\/h3>\n<h3><span style=\"color: #ff0000;\"><strong>A h\u00edr nem \u00e9rt v\u00e9get! Folytat\u00e1shoz haszn\u00e1ld a K\u00d6VETKEZ\u0150 OLDAL gombot!<\/strong><\/span><\/h3>\n<h3><strong><!--nextpage--><\/strong><\/h3>\n<h3>A janu\u00e1ri v\u00e1ltoz\u00e1s l\u00e9nyege, hogy az \u00e1llam k\u00f6telez\u0151 sz\u0171r\u00e9si programot vezet be, amelyet teljes\u00edteni kell \u2013 r\u00e1ad\u00e1sul rendszeresen.<br \/>\nIde tartozik:<br \/>\nM\u00e9hnyaksz\u0171r\u00e9s a 25\u201365 \u00e9ves n\u0151knek h\u00e1rom\u00e9vente,<br \/>\nEml\u0151sz\u0171r\u00e9s 45\u201365 \u00e9v k\u00f6z\u00f6tt k\u00e9t\u00e9vente,<br \/>\nVastag- \u00e9s v\u00e9gb\u00e9lsz\u0171r\u00e9s 50\u201370 \u00e9v k\u00f6z\u00f6tt szint\u00e9n k\u00e9t\u00e9vente.<br \/>\nA vizsg\u00e1latok ugyan ingyenesek lesznek, de a jogszab\u00e1ly vil\u00e1gosan fogalmaz: k\u00f6telez\u0151 megjelenni. Akik eddig halogatt\u00e1k vagy elfelejtett\u00e9k, most m\u00e1r nem tehetik meg. A h\u00e1tt\u00e9rben orvosok \u00e9s d\u00f6nt\u00e9shoz\u00f3k szerint egyetlen c\u00e9l \u00e1ll \u2013 cs\u00f6kkenteni a daganatos hal\u00e1loz\u00e1s megd\u00f6bbent\u0151en magas sz\u00e1m\u00e1t.<br \/>\nKIDER\u00dcLT, MI\u00c9RT NEM LEHET MEG\u00daSZNI:<\/h3>\n<h3><span style=\"color: #ff0000;\"><strong>A h\u00edr nem \u00e9rt v\u00e9get! Folytat\u00e1shoz haszn\u00e1ld a K\u00d6VETKEZ\u0150 OLDAL gombot!<\/strong><\/span><\/h3>\n<h3><strong><!--nextpage--><\/strong><\/h3>\n<h3>A dr\u00e1mai l\u00e9p\u00e9s oka sokkol\u00f3an egyszer\u0171: Magyarorsz\u00e1gon a r\u00e1kos megbeteged\u00e9sek jelent\u0151s r\u00e9sz\u00e9t t\u00fal k\u00e9s\u0151n fedezik fel, amikor m\u00e1r nagyon kev\u00e9s az es\u00e9ly a gy\u00f3gyul\u00e1sra.<br \/>\nA statisztik\u00e1k brut\u00e1lisak: az eml\u0151-, m\u00e9hnyak- \u00e9s vastagb\u00e9lr\u00e1k \u00e9vek \u00f3ta a vezet\u0151 hal\u00e1lokok k\u00f6zt szerepelnek. Az orvosok szerint t\u00f6bb ezer \u00e9letet lehetne megmenteni csak azzal, ha mindenki id\u0151ben elmenne sz\u0171r\u00e9sre.<br \/>\n\u00c9ppen ez\u00e9rt d\u00f6nt\u00f6tt \u00fagy az \u00e1llam, hogy nem hagyja tov\u00e1bb a v\u00e9letlenre, ki jelenik meg \u00e9s ki nem. A k\u00f6telez\u0151v\u00e9 tett sz\u0171r\u00e9sek c\u00e9lja nemcsak az \u00e9letment\u00e9s, hanem az, hogy az \u00f6sszeoml\u00f3f\u00e9lben l\u00e9v\u0151 eg\u00e9szs\u00e9g\u00fcgyi rendszert tehermentes\u00edts\u00e9k \u2013 hiszen a k\u00e9s\u0151n felismert daganatok kezel\u00e9se sokkal dr\u00e1g\u00e1bb \u00e9s megterhel\u0151bb a beteg sz\u00e1m\u00e1ra is.<br \/>\nAz id\u0151ben elkapott r\u00e1k sokkal nagyobb ar\u00e1nyban gy\u00f3gy\u00edthat\u00f3 \u2013 ez\u00e9rt mostant\u00f3l nincs kib\u00fav\u00f3. Janu\u00e1r 1-t\u0151l mindenkinek mennie kell.<\/h3>\n<p>VIA tudasfaja<\/p>\n","protected":false},"excerpt":{"rendered":"<p>Szinte sokkolta az orsz\u00e1g id\u0151sebb koroszt\u00e1ly\u00e1t a friss h\u00edr: \u00faj szab\u00e1lyok \u00e9rkeznek janu\u00e1r 1-j\u00e9t\u0151l, amelyek minden nyugd\u00edjast \u00e9rintenek. A bejelent\u00e9st k\u00f6vet\u0151en rengetegen kapkodt\u00e1k a fej\u00fcket, hiszen eddig ilyen \u00e1tfog\u00f3 k\u00f6telezetts\u00e9gre m\u00e9g nem&#8230;<\/p>\n","protected":false},"author":1,"featured_media":8262,"comment_status":"open","ping_status":"open","sticky":false,"template":"","format":"standard","meta":{"footnotes":""},"categories":[2],"tags":[],"class_list":["post-8260","post","type-post","status-publish","format-standard","has-post-thumbnail","hentry","category-altalanos"],"aioseo_notices":[],"_links":{"self":[{"href":"https:\/\/online-filmkatarzis.com\/kucko\/wp-json\/wp\/v2\/posts\/8260","targetHints":{"allow":["GET"]}}],"collection":[{"href":"https:\/\/online-filmkatarzis.com\/kucko\/wp-json\/wp\/v2\/posts"}],"about":[{"href":"https:\/\/online-filmkatarzis.com\/kucko\/wp-json\/wp\/v2\/types\/post"}],"author":[{"embeddable":true,"href":"https:\/\/online-filmkatarzis.com\/kucko\/wp-json\/wp\/v2\/users\/1"}],"replies":[{"embeddable":true,"href":"https:\/\/online-filmkatarzis.com\/kucko\/wp-json\/wp\/v2\/comments?post=8260"}],"version-history":[{"count":1,"href":"https:\/\/online-filmkatarzis.com\/kucko\/wp-json\/wp\/v2\/posts\/8260\/revisions"}],"predecessor-version":[{"id":8261,"href":"https:\/\/online-filmkatarzis.com\/kucko\/wp-json\/wp\/v2\/posts\/8260\/revisions\/8261"}],"wp:featuredmedia":[{"embeddable":true,"href":"https:\/\/online-filmkatarzis.com\/kucko\/wp-json\/wp\/v2\/media\/8262"}],"wp:attachment":[{"href":"https:\/\/online-filmkatarzis.com\/kucko\/wp-json\/wp\/v2\/media?parent=8260"}],"wp:term":[{"taxonomy":"category","embeddable":true,"href":"https:\/\/online-filmkatarzis.com\/kucko\/wp-json\/wp\/v2\/categories?post=8260"},{"taxonomy":"post_tag","embeddable":true,"href":"https:\/\/online-filmkatarzis.com\/kucko\/wp-json\/wp\/v2\/tags?post=8260"}],"curies":[{"name":"wp","href":"https:\/\/api.w.org\/{rel}","templated":true}]}}