{"id":8298,"date":"2025-11-16T14:35:26","date_gmt":"2025-11-16T13:35:26","guid":{"rendered":"https:\/\/online-filmkatarzis.com\/kucko\/?p=8298"},"modified":"2025-11-16T14:35:26","modified_gmt":"2025-11-16T13:35:26","slug":"rossz-hir-erkezett-adam-attilarol","status":"publish","type":"post","link":"https:\/\/online-filmkatarzis.com\/kucko\/rossz-hir-erkezett-adam-attilarol\/","title":{"rendered":"Rossz h\u00edr \u00e9rkezett \u00c1d\u00e1m Attil\u00e1r\u00f3l!"},"content":{"rendered":"<h3>\u00c1d\u00e1m Attila napokig \u00fagy t\u0171nt, a Megaszt\u00e1r egyik legsz\u00edvmelenget\u0151bb t\u00f6rt\u00e9nete lesz: a 17 \u00e9ves, szer\u00e9ny fi\u00fa egy Miskolc melletti falub\u00f3l, aki saj\u00e1t kez\u0171leg k\u00eds\u00e9ri mag\u00e1t szintetiz\u00e1toron, \u00e9s akinek m\u00e1r a v\u00e1logat\u00f3kon is \u00e1llva tapsoltak. A mentorok k\u00f6z\u00fcl Curtis azonnal kisz\u00farta, s\u0151t mag\u00e1hoz is vette \u2013 a n\u00e9z\u0151k pedig egyenesen \u201eaz \u00e9v felfedezettj\u00e9nek\u201d ki\u00e1ltott\u00e1k ki.<br \/>\nMA REGGELRE AZONBAN MINDEN MEGV\u00c1LTOZOTT!<\/h3>\n<h3><span style=\"color: #ff0000;\"><strong>A h\u00edr nem \u00e9rt v\u00e9get! Folytat\u00e1shoz haszn\u00e1ld a K\u00d6VETKEZ\u0150 OLDAL gombot!<\/strong><\/span><\/h3>\n<h3><strong><!--nextpage--><\/strong><\/h3>\n<h3>A helysz\u00ednen l\u00e9v\u0151 \u00fajs\u00e1g\u00edr\u00f3k megd\u00f6bbenve hallott\u00e1k, ahogy Attila \u00e9desapja kimondja: nem b\u00edrja tov\u00e1bb n\u00e9zni, ahogy \u00e9l\u0151 ad\u00e1sban \u201eles\u00f6prik\u201d a fi\u00e1t, \u00e9s ink\u00e1bb kivenn\u00e9 a versenyb\u0151l. A mentor, Herceg Erika el\u0151sz\u00f6r egyet\u00e9rtett vele \u2013 majd teljesen \u00f6sszeomlott a gondolatt\u00f3l, hogy elvesz\u00edtheti azt a versenyz\u0151t, akiben \u0151 szinte vakon hitt.<br \/>\nA fi\u00fa k\u00f6zben p\u00e1lyafut\u00e1sa tal\u00e1n legfontosabb dal\u00e1t adta el\u0151 \u2013 a Love Storyt \u2013, \u00e1m a produkci\u00f3 ut\u00e1n olyan hangulat kerekedett, amire m\u00e9g a m\u0171sor k\u00e9sz\u00edt\u0151i sem sz\u00e1m\u00edtottak. A k\u00f6z\u00f6ns\u00e9g fele \u00e9rtetlen\u00fcl n\u00e9zett maga el\u00e9, m\u00e1sok hitetlenkedve s\u00fagtak \u00f6ssze. A leveg\u0151ben ott lebegett a k\u00e9rd\u00e9s: most t\u00e9nyleg ekkora baj volt a produkci\u00f3?<br \/>\n\u00c9s ekkor j\u00f6tt a hidegzuhany:<\/h3>\n<h3><span style=\"color: #ff0000;\"><strong>A h\u00edr nem \u00e9rt v\u00e9get! Folytat\u00e1shoz haszn\u00e1ld a K\u00d6VETKEZ\u0150 OLDAL gombot!<\/strong><\/span><\/h3>\n<h3><strong><!--nextpage--><\/strong><\/h3>\n<h3>Curtis rezzen\u00e9stelen arccal k\u00f6z\u00f6lte: \u201eegy hangon \u00e9nekelt.\u201d Marics Peti sem finomkodott \u2013 szerinte Attila el\u0151ad\u00e1sa egy \u00e9ttermi vacsor\u00e1hoz m\u00e9g elment volna, de a Megaszt\u00e1r sz\u00ednpad\u00e1ra egyszer\u0171en kev\u00e9s.<br \/>\nV\u00e9g\u00fcl T\u00f3th Gabi is kimondta, amit a n\u00e9z\u0151k nagy r\u00e9sze m\u00e1r suttogott: nem szem\u00e9lyes, hanem szakmai probl\u00e9ma van. A felh\u00e1borodott kommentel\u0151knek pedig odasz\u00fart: \u201eNe j\u00e1tsszuk el, hogy b\u00e1ntjuk \u0151t, amikor puszt\u00e1n kritik\u00e1t mondunk!\u201d<br \/>\nA st\u00fadi\u00f3 elcsendesedett. Mindenki a mentorokra figyelt. Herceg Erika azonban nem visszakozott:<br \/>\n\u201eAttila t\u0151lem is megkapja a szakmai tan\u00e1csokat! Nem \u00e9rtem, mir\u0151l besz\u00e9ltek!\u201d A rossz h\u00edr pedig \u00edgy v\u00e1lt v\u00e9glegess\u00e9: Attila tegnap este nem meggy\u0151zte, hanem megosztotta a k\u00f6z\u00f6ns\u00e9get \u2013 \u00e9s a zs\u0171rit is. A rossz h\u00edr pedig \u00edgy v\u00e1lt v\u00e9glegess\u00e9: Attila tegnap este nem meggy\u0151zte, hanem megosztotta a k\u00f6z\u00f6ns\u00e9get \u2013 \u00e9s a zs\u0171rit is. Sokan arra tippelnek, hogy a k\u00f6vetkez\u0151 ad\u00e1sban ki fog esni.<\/h3>\n<p>VIA Blikk<\/p>\n","protected":false},"excerpt":{"rendered":"<p>\u00c1d\u00e1m Attila napokig \u00fagy t\u0171nt, a Megaszt\u00e1r egyik legsz\u00edvmelenget\u0151bb t\u00f6rt\u00e9nete lesz: a 17 \u00e9ves, szer\u00e9ny fi\u00fa egy Miskolc melletti falub\u00f3l, aki saj\u00e1t kez\u0171leg k\u00eds\u00e9ri mag\u00e1t szintetiz\u00e1toron, \u00e9s akinek m\u00e1r a v\u00e1logat\u00f3kon is&#8230;<\/p>\n","protected":false},"author":1,"featured_media":8299,"comment_status":"open","ping_status":"open","sticky":false,"template":"","format":"standard","meta":{"footnotes":""},"categories":[2],"tags":[],"class_list":["post-8298","post","type-post","status-publish","format-standard","has-post-thumbnail","hentry","category-altalanos"],"aioseo_notices":[],"_links":{"self":[{"href":"https:\/\/online-filmkatarzis.com\/kucko\/wp-json\/wp\/v2\/posts\/8298","targetHints":{"allow":["GET"]}}],"collection":[{"href":"https:\/\/online-filmkatarzis.com\/kucko\/wp-json\/wp\/v2\/posts"}],"about":[{"href":"https:\/\/online-filmkatarzis.com\/kucko\/wp-json\/wp\/v2\/types\/post"}],"author":[{"embeddable":true,"href":"https:\/\/online-filmkatarzis.com\/kucko\/wp-json\/wp\/v2\/users\/1"}],"replies":[{"embeddable":true,"href":"https:\/\/online-filmkatarzis.com\/kucko\/wp-json\/wp\/v2\/comments?post=8298"}],"version-history":[{"count":1,"href":"https:\/\/online-filmkatarzis.com\/kucko\/wp-json\/wp\/v2\/posts\/8298\/revisions"}],"predecessor-version":[{"id":8300,"href":"https:\/\/online-filmkatarzis.com\/kucko\/wp-json\/wp\/v2\/posts\/8298\/revisions\/8300"}],"wp:featuredmedia":[{"embeddable":true,"href":"https:\/\/online-filmkatarzis.com\/kucko\/wp-json\/wp\/v2\/media\/8299"}],"wp:attachment":[{"href":"https:\/\/online-filmkatarzis.com\/kucko\/wp-json\/wp\/v2\/media?parent=8298"}],"wp:term":[{"taxonomy":"category","embeddable":true,"href":"https:\/\/online-filmkatarzis.com\/kucko\/wp-json\/wp\/v2\/categories?post=8298"},{"taxonomy":"post_tag","embeddable":true,"href":"https:\/\/online-filmkatarzis.com\/kucko\/wp-json\/wp\/v2\/tags?post=8298"}],"curies":[{"name":"wp","href":"https:\/\/api.w.org\/{rel}","templated":true}]}}