{"id":8301,"date":"2025-11-16T15:00:07","date_gmt":"2025-11-16T14:00:07","guid":{"rendered":"https:\/\/online-filmkatarzis.com\/kucko\/?p=8301"},"modified":"2025-11-16T15:00:07","modified_gmt":"2025-11-16T14:00:07","slug":"orokre-elbucsuzott-a-85-eves-korda-gyorgy","status":"publish","type":"post","link":"https:\/\/online-filmkatarzis.com\/kucko\/orokre-elbucsuzott-a-85-eves-korda-gyorgy\/","title":{"rendered":"\u00d6r\u00f6kre elb\u00facs\u00fazott a 85 \u00e9ves Korda Gy\u00f6rgy"},"content":{"rendered":"<h3>H\u00e9tf\u0151 reggel sokakban meg\u00e1llt az \u00fct\u0151, amikor az egyik n\u00e9pszer\u0171 \u00fajs\u00e1g lehozta: \u201e\u00d6r\u00f6kre elb\u00facs\u00fazott a 85 \u00e9ves Korda Gy\u00f6rgy.\u201d A magyar k\u00f6nny\u0171zene legend\u00e1j\u00e1nak nev\u00e9vel egy\u00fctt percek alatt ellept\u00e9k a k\u00f6z\u00f6ss\u00e9gi oldalakat az agg\u00f3d\u00f3 kommentek, hiszen a c\u00edm mindent el\u00e1rult \u2013 vagy legal\u00e1bbis \u00fagy t\u0171nt, hogy a b\u00facs\u00fa v\u00e9gleges \u00e9s visszaford\u00edthatatlan. A rajong\u00f3k egy pillanatra azt hitt\u00e9k, lez\u00e1rult egy korszak, amelyet m\u00e1r soha senki nem tud p\u00f3tolni.<br \/>\nA st\u00fadi\u00f3k, a sz\u00ednpadok, a kaszin0&#8217;k vil\u00e1ga n\u00e9lk\u00fcle elk\u00e9pzelhetetlen\u2026 \u00e9s most \u00fagy t\u0171nt, t\u00e9nyleg v\u00e9ge.<br \/>\nMUTATJUK MI T\u00d6RT\u00c9NT!<\/h3>\n<h3><span style=\"color: #ff0000;\"><strong>A h\u00edr nem \u00e9rt v\u00e9get! Folytat\u00e1shoz haszn\u00e1ld a K\u00d6VETKEZ\u0150 OLDAL gombot!<\/strong><\/span><\/h3>\n<h3><strong><!--nextpage--><\/strong><\/h3>\n<h3>A val\u00f3s\u00e1g azonban eg\u00e9szen m\u00e1s: Korda Gy\u00f6rgy nem az \u00e9let\u00e9nek, hanem a r\u00e9gi k\u00fcls\u0151j\u00e9nek b\u00facs\u00fazott el \u00f6r\u00f6kre.<br \/>\nAz ikonikus el\u0151ad\u00f3 2024 janu\u00e1rj\u00e1ban jelentette be, hogy 85 \u00e9vesen v\u00e9gleg felhagy a hajfest\u00e9ssel. Az \u00e9nekes, aki \u00e9vtizedeken \u00e1t fekete haj\u00e1val, eleg\u00e1ns megjelen\u00e9s\u00e9vel \u00e9s v\u00e1ltozatlan mosoly\u00e1val h\u00f3d\u00edtotta meg a magyar k\u00f6z\u00f6ns\u00e9get, most teljes term\u00e9szetess\u00e9ggel v\u00e1llalja az \u0151sz tincseket.<br \/>\n\u201eFogadalmat tettem magamban. Ezut\u00e1n nem festem a hajam, \u00fagy hagyom, ahogy a J\u00f3isten teremtette\u201d \u2013 mondta a Mokk\u00e1ban, amikor a rajong\u00f3k m\u00e9g mindig megd\u00f6bbenve pislogtak a k\u00e9perny\u0151re.<br \/>\nA vallom\u00e1s egyszerre volt b\u00e1tor, megrend\u00edt\u0151 \u00e9s meghat\u00f3. A szavai m\u00f6g\u00f6tt ott volt az elfogad\u00e1s \u00e9s az \u00f6nazonoss\u00e1g ereje \u2013 valamint az a st\u00edlusv\u00e1lt\u00e1s, amely \u00faj korszakot ind\u00edt \u00e9let\u00e9ben.<br \/>\nEZ M\u00c9G SEMMI! NAGYON SOKAN MEGIJEDTEK!<\/h3>\n<h3><span style=\"color: #ff0000;\"><strong>A h\u00edr nem \u00e9rt v\u00e9get! Folytat\u00e1shoz haszn\u00e1ld a K\u00d6VETKEZ\u0150 OLDAL gombot!<\/strong><\/span><\/h3>\n<h3><strong><!--nextpage--><\/strong><\/h3>\n<h3>A bejelent\u00e9s pillanatok alatt sz\u00e9trobbantotta az internetet. A rajong\u00f3k egy r\u00e9sze \u00fagy \u00e9rezte, Korda Gy\u00f6rgy p\u00e9ld\u00e1t mutatott mindenkinek: v\u00e1llalta az id\u0151 m\u00fal\u00e1s\u00e1t, \u00e9s ezzel m\u00e9g szerethet\u0151bb\u00e9 v\u00e1lt. Akadtak, akik k\u00f6nnyekig hat\u00f3dva \u00edrt\u00e1k: \u201e\u00cdgy is ugyanaz a Kir\u00e1ly!\u201d<br \/>\nM\u00e1sok azonban nosztalgi\u00e1val gondoltak vissza a legend\u00e1s fekete hajra, amely \u00e9vtizedeken \u00e1t \u00f6sszeforrt Korda nev\u00e9vel. Volt, aki azt \u00edrta: \u201eEz a k\u00fcls\u0151 volt a fiatals\u00e1gunk r\u00e9sze\u2026 Neh\u00e9z elengedni.\u201d<br \/>\nEgy biztos: a 85 \u00e9ves \u00e9nekes ism\u00e9t olyat tett, amihez b\u00e1tors\u00e1g kell. Nem az \u00e9let\u00e9t\u0151l, csup\u00e1n a festett haj\u00e1t\u00f3l b\u00facs\u00fazott \u2013 de ezzel a l\u00e9p\u00e9ssel ism\u00e9t bebizony\u00edtotta, hogy m\u00e9g ma is k\u00e9pes megrengetni az orsz\u00e1got.<br \/>\nKorda Gy\u00f6rgy \u00faj korszaka most kezd\u0151dik.<\/h3>\n<p>VIA MSN \/ FB<\/p>\n","protected":false},"excerpt":{"rendered":"<p>H\u00e9tf\u0151 reggel sokakban meg\u00e1llt az \u00fct\u0151, amikor az egyik n\u00e9pszer\u0171 \u00fajs\u00e1g lehozta: \u201e\u00d6r\u00f6kre elb\u00facs\u00fazott a 85 \u00e9ves Korda Gy\u00f6rgy.\u201d A magyar k\u00f6nny\u0171zene legend\u00e1j\u00e1nak nev\u00e9vel egy\u00fctt percek alatt ellept\u00e9k a k\u00f6z\u00f6ss\u00e9gi oldalakat az&#8230;<\/p>\n","protected":false},"author":1,"featured_media":8302,"comment_status":"open","ping_status":"open","sticky":false,"template":"","format":"standard","meta":{"footnotes":""},"categories":[2],"tags":[],"class_list":["post-8301","post","type-post","status-publish","format-standard","has-post-thumbnail","hentry","category-altalanos"],"aioseo_notices":[],"_links":{"self":[{"href":"https:\/\/online-filmkatarzis.com\/kucko\/wp-json\/wp\/v2\/posts\/8301","targetHints":{"allow":["GET"]}}],"collection":[{"href":"https:\/\/online-filmkatarzis.com\/kucko\/wp-json\/wp\/v2\/posts"}],"about":[{"href":"https:\/\/online-filmkatarzis.com\/kucko\/wp-json\/wp\/v2\/types\/post"}],"author":[{"embeddable":true,"href":"https:\/\/online-filmkatarzis.com\/kucko\/wp-json\/wp\/v2\/users\/1"}],"replies":[{"embeddable":true,"href":"https:\/\/online-filmkatarzis.com\/kucko\/wp-json\/wp\/v2\/comments?post=8301"}],"version-history":[{"count":1,"href":"https:\/\/online-filmkatarzis.com\/kucko\/wp-json\/wp\/v2\/posts\/8301\/revisions"}],"predecessor-version":[{"id":8303,"href":"https:\/\/online-filmkatarzis.com\/kucko\/wp-json\/wp\/v2\/posts\/8301\/revisions\/8303"}],"wp:featuredmedia":[{"embeddable":true,"href":"https:\/\/online-filmkatarzis.com\/kucko\/wp-json\/wp\/v2\/media\/8302"}],"wp:attachment":[{"href":"https:\/\/online-filmkatarzis.com\/kucko\/wp-json\/wp\/v2\/media?parent=8301"}],"wp:term":[{"taxonomy":"category","embeddable":true,"href":"https:\/\/online-filmkatarzis.com\/kucko\/wp-json\/wp\/v2\/categories?post=8301"},{"taxonomy":"post_tag","embeddable":true,"href":"https:\/\/online-filmkatarzis.com\/kucko\/wp-json\/wp\/v2\/tags?post=8301"}],"curies":[{"name":"wp","href":"https:\/\/api.w.org\/{rel}","templated":true}]}}