{"id":8317,"date":"2025-11-17T16:59:26","date_gmt":"2025-11-17T15:59:26","guid":{"rendered":"https:\/\/online-filmkatarzis.com\/kucko\/?p=8317"},"modified":"2025-11-17T18:08:50","modified_gmt":"2025-11-17T17:08:50","slug":"kiderult-a-foorvosno-miert-tavozott","status":"publish","type":"post","link":"https:\/\/online-filmkatarzis.com\/kucko\/kiderult-a-foorvosno-miert-tavozott\/","title":{"rendered":"Kider\u00fclt a F\u0151orvosn\u0151 mi\u00e9rt t\u00e1vozott!"},"content":{"rendered":"<h3>Nem akart\u00e1k elhinni a koll\u00e9g\u00e1i, amikor p\u00e9ntek d\u00e9lut\u00e1n hirtelen nyoma veszett a m\u0171t\u00e9t ut\u00e1n megfigyel\u00e9s alatt \u00e1ll\u00f3 f\u0151orvosn\u0151nek. A szegedi klinika \u201eD\u201d \u00e9p\u00fclet\u00e9ben mindenki d\u00f6bbenten \u00e1llt a t\u00f6rt\u00e9ntek el\u0151tt: hogyan fordulhat el\u0151, hogy egy frissen oper\u00e1lt beteg \u2013 r\u00e1ad\u00e1sul egy k\u00f6ztiszteletben \u00e1ll\u00f3, nagy tapasztalattal rendelkez\u0151 orvos \u2013 egyszer\u0171en elt\u0171nik az int\u00e9zm\u00e9nyb\u0151l?<br \/>\nA keres\u00e9s \u00f3r\u00e1kon \u00e1t tartott, rend\u0151r\u00f6k, ment\u0151k \u00e9s civilek kutatt\u00e1k \u00e1t a k\u00f6rny\u00e9ket, m\u00edgnem egy nehezen megk\u00f6zel\u00edthet\u0151 ter\u00fcleten megtal\u00e1lt\u00e1k a holttestet. A bejelent\u00e9s vill\u00e1mcsap\u00e1sk\u00e9nt \u00e9rte az eg\u00e9sz magyar eg\u00e9szs\u00e9g\u00fcgyi k\u00f6z\u00f6ss\u00e9get.<br \/>\nV\u00c9GRE KIDER\u00dcLTEK A R\u00c9SZLETEK:<\/h3>\n<h3><span style=\"color: #ff0000;\"><strong>A h\u00edr nem \u00e9rt v\u00e9get! Folytat\u00e1shoz haszn\u00e1ld a K\u00d6VETKEZ\u0150 OLDAL gombot!<\/strong><\/span><\/h3>\n<h3><strong><!--nextpage--><\/strong><\/h3>\n<h3>A hivatalos azonos\u00edt\u00e1s ut\u00e1n megkezd\u0151d\u00f6tt a nagy k\u00e9rd\u00e9sek megv\u00e1laszol\u00e1sa:<br \/>\nhogyan jutott ki a klinik\u00e1r\u00f3l a m\u0171t\u00e9t ut\u00e1n m\u00e9g megfigyel\u00e9sre szorul\u00f3 f\u0151orvosn\u0151?<br \/>\nMilyen \u00e1llapotban volt fizikailag, lelkileg?<br \/>\n\u00c9s mindenekel\u0151tt: mi\u00e9rt indult el egyed\u00fcl a Tisza-part ir\u00e1ny\u00e1ba?<br \/>\nA rend\u0151rs\u00e9g egy\u00e9rtelm\u0171v\u00e9 tette: idegenkez\u0171s\u00e9g gyan\u00faja NEM mer\u00fclt fel. A Tolna V\u00e1rmegyei Balassa J\u00e1nos K\u00f3rh\u00e1z f\u0151igazgat\u00f3ja, Kis Zolt\u00e1n megrend\u00fclten \u00edrta, hogy a trag\u00e9dia \u201ehatalmas \u0171rt hagy maga ut\u00e1n\u201d. A t\u00f6rt\u00e9ntek azonban \u00edgy is rengeteg k\u00e9rd\u00e9st vetettek fel \u2013 olyanokat, amelyekre csak a szak\u00e9rt\u0151k adhatnak megnyugtat\u00f3 magyar\u00e1zatot.<br \/>\nMUTATJUK!<\/h3>\n<h3><span style=\"color: #ff0000;\"><strong>A h\u00edr nem \u00e9rt v\u00e9get! Folytat\u00e1shoz haszn\u00e1ld a K\u00d6VETKEZ\u0150 OLDAL gombot!<\/strong><\/span><\/h3>\n<h3><strong><!--nextpage--><\/strong><\/h3>\n<h3>A vizsg\u00e1latok jelenlegi \u00e1ll\u00e1sa szerint a legval\u00f3sz\u00edn\u0171bb magyar\u00e1zat sokkal alattomosabb, mint b\u00e1rki gondolta volna:<br \/>\na gerincm\u0171t\u00e9thez haszn\u00e1lt gy0&#8217;gyszerek \u2013 ritk\u00e1n, de \u2013 olyan ment\u00e1lis zavart, t\u00e1j\u00e9koz\u00f3d\u00e1si probl\u00e9m\u00e1t vagy t\u00e9ves \u00e9szlel\u00e9st is kiv\u00e1lthatnak, amelyben a beteg k\u00e9ptelen re\u00e1lisan felm\u00e9rni saj\u00e1t \u00e1llapot\u00e1t.<br \/>\nA szak\u00e9rt\u0151k szerint nagy es\u00e9ly van r\u00e1, hogy a f\u0151orvosn\u0151 is ilyen ritka mell\u00e9khat\u00e1st tapasztalhatott. Ez magyar\u00e1zn\u00e1, hogyan hagyhatta el a klinik\u00e1t fel\u00fcgyelet n\u00e9lk\u00fcl, \u00e9s hogyan indulhatott meg teljesen v\u00e1ratlan ir\u00e1nyba.<br \/>\nA v\u00e9gs\u0151 v\u00e1laszt azonban a hat\u00f3s\u00e1gi boncol\u00e1s mondja majd ki \u2013 \u00e9s minden jel arra mutat, hogy ez az elm\u00e9let fog meger\u0151s\u00edt\u00e9st nyerni.<br \/>\nA trag\u00e9dia \u00edgy nemcsak egy megrend\u00edt\u0151 vesztes\u00e9g t\u00f6rt\u00e9nete, hanem egy \u00fajabb figyelmeztet\u00e9s arra, mennyire kisz\u00e1m\u00edthatatlanul reag\u00e1lhatnak egyesek a m\u0171t\u00e9tekhez haszn\u00e1lt gy0&#8217;gyszerekre \u2013 m\u00e9g akkor is, ha ezek a mell\u00e9khat\u00e1sok szinte soha nem fordulnak el\u0151.<\/h3>\n<p>VIA MSN<\/p>\n","protected":false},"excerpt":{"rendered":"<p>Nem akart\u00e1k elhinni a koll\u00e9g\u00e1i, amikor p\u00e9ntek d\u00e9lut\u00e1n hirtelen nyoma veszett a m\u0171t\u00e9t ut\u00e1n megfigyel\u00e9s alatt \u00e1ll\u00f3 f\u0151orvosn\u0151nek. A szegedi klinika \u201eD\u201d \u00e9p\u00fclet\u00e9ben mindenki d\u00f6bbenten \u00e1llt a t\u00f6rt\u00e9ntek el\u0151tt: hogyan fordulhat el\u0151,&#8230;<\/p>\n","protected":false},"author":1,"featured_media":8318,"comment_status":"open","ping_status":"open","sticky":false,"template":"","format":"standard","meta":{"footnotes":""},"categories":[2],"tags":[],"class_list":["post-8317","post","type-post","status-publish","format-standard","has-post-thumbnail","hentry","category-altalanos"],"aioseo_notices":[],"_links":{"self":[{"href":"https:\/\/online-filmkatarzis.com\/kucko\/wp-json\/wp\/v2\/posts\/8317","targetHints":{"allow":["GET"]}}],"collection":[{"href":"https:\/\/online-filmkatarzis.com\/kucko\/wp-json\/wp\/v2\/posts"}],"about":[{"href":"https:\/\/online-filmkatarzis.com\/kucko\/wp-json\/wp\/v2\/types\/post"}],"author":[{"embeddable":true,"href":"https:\/\/online-filmkatarzis.com\/kucko\/wp-json\/wp\/v2\/users\/1"}],"replies":[{"embeddable":true,"href":"https:\/\/online-filmkatarzis.com\/kucko\/wp-json\/wp\/v2\/comments?post=8317"}],"version-history":[{"count":2,"href":"https:\/\/online-filmkatarzis.com\/kucko\/wp-json\/wp\/v2\/posts\/8317\/revisions"}],"predecessor-version":[{"id":8326,"href":"https:\/\/online-filmkatarzis.com\/kucko\/wp-json\/wp\/v2\/posts\/8317\/revisions\/8326"}],"wp:featuredmedia":[{"embeddable":true,"href":"https:\/\/online-filmkatarzis.com\/kucko\/wp-json\/wp\/v2\/media\/8318"}],"wp:attachment":[{"href":"https:\/\/online-filmkatarzis.com\/kucko\/wp-json\/wp\/v2\/media?parent=8317"}],"wp:term":[{"taxonomy":"category","embeddable":true,"href":"https:\/\/online-filmkatarzis.com\/kucko\/wp-json\/wp\/v2\/categories?post=8317"},{"taxonomy":"post_tag","embeddable":true,"href":"https:\/\/online-filmkatarzis.com\/kucko\/wp-json\/wp\/v2\/tags?post=8317"}],"curies":[{"name":"wp","href":"https:\/\/api.w.org\/{rel}","templated":true}]}}