{"id":8385,"date":"2025-11-20T16:42:48","date_gmt":"2025-11-20T15:42:48","guid":{"rendered":"https:\/\/online-filmkatarzis.com\/kucko\/?p=8385"},"modified":"2025-11-20T16:42:48","modified_gmt":"2025-11-20T15:42:48","slug":"nagy-a-baj-osszeomlott-curtis","status":"publish","type":"post","link":"https:\/\/online-filmkatarzis.com\/kucko\/nagy-a-baj-osszeomlott-curtis\/","title":{"rendered":"Nagy a baj! \u00d6sszeomlott Curtis!"},"content":{"rendered":"<h3>Olyan fordulat r\u00e1zta meg a produkci\u00f3t, amilyenre m\u00e9g a m\u0171sor k\u00e9t \u00e9vtizedes t\u00f6rt\u00e9net\u00e9ben sem volt p\u00e9lda: A st\u00fadi\u00f3ban dolgoz\u00f3k szerint az \u00e9nekes egyszer\u0171en \u00f6sszeomlott a r\u00e1 nehezed\u0151 nyom\u00e1st\u00f3l, \u00e9s az ut\u00f3bbi napokban mindenki att\u00f3l f\u00e9l, hogy a k\u00f6vetkez\u0151 ad\u00e1sban m\u00e1r nem is l\u00e1tj\u00e1k viszont.<br \/>\nA helyzet annyira s\u00falyoss\u00e1 v\u00e1lt, hogy meg kellett sz\u00f3lalnia a m\u0171sor kreat\u00edv producer\u00e9nek, Farkas \u00c1kosnak, aki ritk\u00e1n komment\u00e1l ilyen \u00fcgyeket \u2013 most azonban nem maradt m\u00e1s \u00fat.<br \/>\nMUTATJUK A R\u00c9SZLETEKET!<\/h3>\n<h3><span style=\"color: #ff0000;\"><strong>A h\u00edr nem \u00e9rt v\u00e9get! Folytat\u00e1shoz haszn\u00e1ld a K\u00d6VETKEZ\u0150 OLDAL gombot!<\/strong><\/span><\/h3>\n<h3><strong><!--nextpage--><\/strong><\/h3>\n<h3>A h\u00e1tt\u00e9rben m\u00e1r hetek \u00f3ta gy\u0171lt a fesz\u00fclts\u00e9g, de mostanra v\u00e1lt kezelhetetlenn\u00e9. Curtis \u00f6sszeoml\u00e1sa nem egyetlen pillanat m\u0171ve volt, hanem h\u00f3napok \u00f3ta \u00e9rlel\u0151d\u0151 dr\u00e1ma cs\u00facspontja. El\u0151sz\u00f6r K\u00f6k\u00e9ny Lali vill\u00e1mgyors kies\u00e9se t\u00f6rte meg \u2013 \u00e1ll\u00edt\u00f3lag a mai napig nem \u00e9rti, hogyan t\u00f6rt\u00e9nhetett \u2013, majd az \u00c1d\u00e1m Attil\u00e1val kapcsolatos veszeked\u00e9sek \u00e9s \u00e9l\u0151 ad\u00e1sbeli \u00f6sszecsap\u00e1sok tett\u00e9k fel az i-re a pontot.<br \/>\nHi\u00e1ba pr\u00f3b\u00e1lta T\u00f3th Gabi szem\u00e9lyesen marasztalni, az \u00fajpesti rapper hajthatatlann\u00e1 v\u00e1lt. \u00dagy \u00e9rzi, minden konfliktus v\u00e9g\u00e9n \u0151 kapja a kritik\u00e1kat, mik\u00f6zben csak ki\u00e1llt az igaz\u00e1\u00e9rt. A helyzet od\u00e1ig fajult, hogy a csatorna is v\u00e1ls\u00e1g\u00fczemm\u00f3dra v\u00e1ltott.<br \/>\nFarkas \u00c1kos ezt mondta a dr\u00e1m\u00e1r\u00f3l:<\/h3>\n<h3><span style=\"color: #ff0000;\"><strong>A h\u00edr nem \u00e9rt v\u00e9get! Folytat\u00e1shoz haszn\u00e1ld a K\u00d6VETKEZ\u0150 OLDAL gombot!<\/strong><\/span><\/h3>\n<h3><strong><!--nextpage--><\/strong><\/h3>\n<h3>\u201eAz \u00faj \u00e9vad tele volt fesz\u00fclts\u00e9ggel, de Curtis kiakad\u00e1sa mindent fel\u00fcl\u00edrt. Nagyon szeretn\u00e9nk, ha teljes fel\u00e1ll\u00e1ssal tudn\u00e1nk folytatni az el\u0151d\u00f6nt\u0151t.\u201d<br \/>\nEz pedig mindent el\u00e1rul: rettenetesen nagy a bels\u0151 p\u00e1nik.<br \/>\nA rajong\u00f3k \u00e9rtetlen\u00fcl \u00e1llnak a helyzet el\u0151tt, de a bennfentesek szerint Curtis \u00f6sszeoml\u00e1sa most \u00e9rte el a kritikus szintet. A produceri nyilatkozat sem v\u00e9letlen: a Megaszt\u00e1r eddig m\u00e9g soha nem k\u00e9nyszer\u00fclt szemben\u00e9zni azzal, hogy egy mester elhagyja a m\u0171sort a d\u00f6nt\u0151k el\u0151tt.<br \/>\nA k\u00f6vetkez\u0151 napok lesznek a legfontosabbak: siker\u00fcl-e elsim\u00edtani a konfliktusokat, vagy a 2025-\u00f6s \u00e9vad neve mell\u00e9 beker\u00fcl a Megaszt\u00e1r t\u00f6rt\u00e9net\u00e9nek els\u0151 olyan \u00fcgye, amelyben egy zs\u0171ritag egyszer\u0171en fel\u00e1ll \u00e9s t\u00e1vozik? Egy dolog biztos:<br \/>\nA d\u00f6nt\u00e9s napjai most j\u00f6nnek. \u00c9s mindenki att\u00f3l tart, hogy Curtis m\u00e1r t\u00fal messzire ment\u2026<\/h3>\n<p>VIA borsonline<\/p>\n","protected":false},"excerpt":{"rendered":"<p>Olyan fordulat r\u00e1zta meg a produkci\u00f3t, amilyenre m\u00e9g a m\u0171sor k\u00e9t \u00e9vtizedes t\u00f6rt\u00e9net\u00e9ben sem volt p\u00e9lda: A st\u00fadi\u00f3ban dolgoz\u00f3k szerint az \u00e9nekes egyszer\u0171en \u00f6sszeomlott a r\u00e1 nehezed\u0151 nyom\u00e1st\u00f3l, \u00e9s az ut\u00f3bbi napokban&#8230;<\/p>\n","protected":false},"author":1,"featured_media":8386,"comment_status":"open","ping_status":"open","sticky":false,"template":"","format":"standard","meta":{"footnotes":""},"categories":[2],"tags":[],"class_list":["post-8385","post","type-post","status-publish","format-standard","has-post-thumbnail","hentry","category-altalanos"],"aioseo_notices":[],"_links":{"self":[{"href":"https:\/\/online-filmkatarzis.com\/kucko\/wp-json\/wp\/v2\/posts\/8385","targetHints":{"allow":["GET"]}}],"collection":[{"href":"https:\/\/online-filmkatarzis.com\/kucko\/wp-json\/wp\/v2\/posts"}],"about":[{"href":"https:\/\/online-filmkatarzis.com\/kucko\/wp-json\/wp\/v2\/types\/post"}],"author":[{"embeddable":true,"href":"https:\/\/online-filmkatarzis.com\/kucko\/wp-json\/wp\/v2\/users\/1"}],"replies":[{"embeddable":true,"href":"https:\/\/online-filmkatarzis.com\/kucko\/wp-json\/wp\/v2\/comments?post=8385"}],"version-history":[{"count":1,"href":"https:\/\/online-filmkatarzis.com\/kucko\/wp-json\/wp\/v2\/posts\/8385\/revisions"}],"predecessor-version":[{"id":8387,"href":"https:\/\/online-filmkatarzis.com\/kucko\/wp-json\/wp\/v2\/posts\/8385\/revisions\/8387"}],"wp:featuredmedia":[{"embeddable":true,"href":"https:\/\/online-filmkatarzis.com\/kucko\/wp-json\/wp\/v2\/media\/8386"}],"wp:attachment":[{"href":"https:\/\/online-filmkatarzis.com\/kucko\/wp-json\/wp\/v2\/media?parent=8385"}],"wp:term":[{"taxonomy":"category","embeddable":true,"href":"https:\/\/online-filmkatarzis.com\/kucko\/wp-json\/wp\/v2\/categories?post=8385"},{"taxonomy":"post_tag","embeddable":true,"href":"https:\/\/online-filmkatarzis.com\/kucko\/wp-json\/wp\/v2\/tags?post=8385"}],"curies":[{"name":"wp","href":"https:\/\/api.w.org\/{rel}","templated":true}]}}