{"id":8388,"date":"2025-11-20T17:19:16","date_gmt":"2025-11-20T16:19:16","guid":{"rendered":"https:\/\/online-filmkatarzis.com\/kucko\/?p=8388"},"modified":"2025-11-20T17:19:16","modified_gmt":"2025-11-20T16:19:16","slug":"ez-volt-az-eltunt-foorvosno-szervezeteben","status":"publish","type":"post","link":"https:\/\/online-filmkatarzis.com\/kucko\/ez-volt-az-eltunt-foorvosno-szervezeteben\/","title":{"rendered":"Ez volt az elt\u0171nt f\u0151orvosn\u0151 szervezet\u00e9ben!"},"content":{"rendered":"<h3>A neves f\u00fcl-orr-g\u00e9g\u00e9sz, Dr. Kett Ant\u00f3nia (62) november elej\u00e9n gerincm\u0171t\u00e9ten esett \u00e1t a Szegedi Tudom\u00e1nyegyetem Klinikai K\u00f6zpont idegseb\u00e9szeti oszt\u00e1ly\u00e1n. A beavatkoz\u00e1st k\u00f6vet\u0151en hajnalban elt\u0171nt az oszt\u00e1lyr\u00f3l \u2013 november 7-\u00e9n reggel m\u00e1r nem tal\u00e1lt\u00e1k az int\u00e9zm\u00e9nyben. Keres\u00e9s\u00e9re nyomkeres\u0151 kuty\u00e1kat, dr\u00f3nokat \u00e9s civil \u00f6nk\u00e9nteseket is bevontak, \u00e1m a nyomvonal megszakadt. A rend\u0151rs\u00e9g k\u00e9s\u0151bb h0ltn tal\u00e1lta meg.<br \/>\nV\u00c9GRE PONT KER\u00dcLT AZ \u00dcGY V\u00c9G\u00c9RE! EZ VOLT A SZERVEZET\u00c9BEN:<\/h3>\n<h3><span style=\"color: #ff0000;\"><strong>A h\u00edr nem \u00e9rt v\u00e9get! Folytat\u00e1shoz haszn\u00e1ld a K\u00d6VETKEZ\u0150 OLDAL gombot!<\/strong><\/span><\/h3>\n<h3><strong><!--nextpage--><\/strong><\/h3>\n<h3>A sztori azonban nem \u201ecsak\u201d tragikus elt\u0171n\u00e9s-eset: a klinikai k\u00f6zpont azt k\u00f6z\u00f6lte, hogy minden \u00f3vint\u00e9zked\u00e9st megtettek, m\u00e9gis t\u00e1vozott a p\u00e1ciens az oszt\u00e1lyr\u00f3l \u2013 jogilag szabads\u00e1ga van a betegnek a t\u00e1voz\u00e1sra, ha nincs elrendelt befekv\u00e9s vagy \u00f6n\/ k\u00f6zv\/sze&#8217;lyes \u00e1llapot. Ugyanakkor: forr\u00e1sok szerint a doktorn\u0151 a m\u0171t\u00e9t ut\u00e1n er\u0151s f\u00e1jdalomcsillap\u00edt\u00f3kat kapott, \u00e9s \u201eegy ideig bolyongott a k\u00f3rh\u00e1z ter\u00fclet\u00e9n\u201d. Most pedig \u00fajabb fordulat:<\/h3>\n<h3><span style=\"color: #ff0000;\"><strong>A h\u00edr nem \u00e9rt v\u00e9get! Folytat\u00e1shoz haszn\u00e1ld a K\u00d6VETKEZ\u0150 OLDAL gombot!<\/strong><\/span><\/h3>\n<h3><strong><!--nextpage--><\/strong><\/h3>\n<h3>Egy szak\u00e9rt\u0151 azt \u00e1ll\u00edtja, hogy az adhat\u00f3 gy\u00f3gyszerek seg\u00edthettek abban, hogy olyan zavart \u00e1llapotba ker\u00fclj\u00f6n, hogy t\u00e1vozott az oszt\u00e1lyr\u00f3l \u2013 \u00e9s ez a b0nc0l\u00e1s adataival hamarosan al\u00e1t\u00e1maszthat\u00f3 lesz. (A konkr\u00e9t szakember neve nem nyilv\u00e1nos.)<br \/>\nHa val\u00f3ban a gy\u00f3gyszerek vezethettek a trag\u00e9di\u00e1hoz, akkor egyetlen t\u00f6bbmilli\u00f3s seb\u00e9szi beavatkoz\u00e1s elk\u00e9peszt\u0151en bar\u00e1ts\u00e1gtalan mindennapi k\u00f6vetkezm\u00e9nyekkel j\u00e1rt: egy elismert f\u0151orvosn\u0151 marad mag\u00e1ra, zavartan, k\u00f3rh\u00e1zi ruh\u00e1ban az \u00e9jszak\u00e1ban, \u00e9s v\u00e9g\u00fcl h0ltn. A boncol\u00e1s eredm\u00e9nye k\u00e9zzelfoghat\u00f3 bizony\u00edt\u00e9kot adhat arra, hogy a f\u00e1jdalomcsillap\u00edt\u00f3k-nyugtat\u00f3k milyen m\u00e9rt\u00e9kben sz\u00f3lhattak bele a cselekv\u0151k\u00e9pess\u00e9g\u00e9be.<br \/>\nMost minden szem a boncol\u00e1sra \u00e9s a szak\u00e9rt\u0151i v\u00e9lem\u00e9nyre szegez\u0151dik: ha a gy\u00f3gyszer-hat\u00e1s \u00e1llt a k\u00f6z\u00e9ppontban, az \u00fajabb fejezetet nyithat az orvosi gondoz\u00e1s, a betegbiztons\u00e1g \u00e9s a gy\u00f3gyszeres ut\u00e1nk\u00f6vet\u00e9s k\u00e9rd\u00e9seiben. A csal\u00e1d v\u00e1rja a v\u00e1laszt, az eg\u00e9szs\u00e9g\u00fcgyi k\u00f6z\u00f6ss\u00e9g pedig magyar\u00e1zatot k\u00f6vetel \u2013 \u00e9s a k\u00f6zv\u00e9lem\u00e9ny is azt k\u00e9rdi: meddig hagyhat egy beteg egyed\u00fcl t\u00e1vozni egy olyan \u00e1llapotb\u00f3l, amely nyilv\u00e1nval\u00f3an kock\u00e1zatos volt?<\/h3>\n<p>VIA 24\/index\/origo<\/p>\n","protected":false},"excerpt":{"rendered":"<p>A neves f\u00fcl-orr-g\u00e9g\u00e9sz, Dr. Kett Ant\u00f3nia (62) november elej\u00e9n gerincm\u0171t\u00e9ten esett \u00e1t a Szegedi Tudom\u00e1nyegyetem Klinikai K\u00f6zpont idegseb\u00e9szeti oszt\u00e1ly\u00e1n. A beavatkoz\u00e1st k\u00f6vet\u0151en hajnalban elt\u0171nt az oszt\u00e1lyr\u00f3l \u2013 november 7-\u00e9n reggel m\u00e1r nem&#8230;<\/p>\n","protected":false},"author":1,"featured_media":8389,"comment_status":"open","ping_status":"open","sticky":false,"template":"","format":"standard","meta":{"footnotes":""},"categories":[2],"tags":[],"class_list":["post-8388","post","type-post","status-publish","format-standard","has-post-thumbnail","hentry","category-altalanos"],"aioseo_notices":[],"_links":{"self":[{"href":"https:\/\/online-filmkatarzis.com\/kucko\/wp-json\/wp\/v2\/posts\/8388","targetHints":{"allow":["GET"]}}],"collection":[{"href":"https:\/\/online-filmkatarzis.com\/kucko\/wp-json\/wp\/v2\/posts"}],"about":[{"href":"https:\/\/online-filmkatarzis.com\/kucko\/wp-json\/wp\/v2\/types\/post"}],"author":[{"embeddable":true,"href":"https:\/\/online-filmkatarzis.com\/kucko\/wp-json\/wp\/v2\/users\/1"}],"replies":[{"embeddable":true,"href":"https:\/\/online-filmkatarzis.com\/kucko\/wp-json\/wp\/v2\/comments?post=8388"}],"version-history":[{"count":1,"href":"https:\/\/online-filmkatarzis.com\/kucko\/wp-json\/wp\/v2\/posts\/8388\/revisions"}],"predecessor-version":[{"id":8390,"href":"https:\/\/online-filmkatarzis.com\/kucko\/wp-json\/wp\/v2\/posts\/8388\/revisions\/8390"}],"wp:featuredmedia":[{"embeddable":true,"href":"https:\/\/online-filmkatarzis.com\/kucko\/wp-json\/wp\/v2\/media\/8389"}],"wp:attachment":[{"href":"https:\/\/online-filmkatarzis.com\/kucko\/wp-json\/wp\/v2\/media?parent=8388"}],"wp:term":[{"taxonomy":"category","embeddable":true,"href":"https:\/\/online-filmkatarzis.com\/kucko\/wp-json\/wp\/v2\/categories?post=8388"},{"taxonomy":"post_tag","embeddable":true,"href":"https:\/\/online-filmkatarzis.com\/kucko\/wp-json\/wp\/v2\/tags?post=8388"}],"curies":[{"name":"wp","href":"https:\/\/api.w.org\/{rel}","templated":true}]}}