{"id":8391,"date":"2025-11-20T17:48:25","date_gmt":"2025-11-20T16:48:25","guid":{"rendered":"https:\/\/online-filmkatarzis.com\/kucko\/?p=8391"},"modified":"2025-11-20T17:48:25","modified_gmt":"2025-11-20T16:48:25","slug":"nekiment-adam-attila-csaladja-curtisre","status":"publish","type":"post","link":"https:\/\/online-filmkatarzis.com\/kucko\/nekiment-adam-attila-csaladja-curtisre\/","title":{"rendered":"Nekiment \u00c1d\u00e1m Attila csal\u00e1dja Curtisre!"},"content":{"rendered":"<h3>Egyre m\u00e9lyebb reped\u00e9sek futnak v\u00e9gig a Megaszt\u00e1r kulissz\u00e1i m\u00f6g\u00f6tt: m\u00edg a n\u00e9z\u0151k a sz\u00ednpad csillog\u00e1s\u00e1t l\u00e1tj\u00e1k, a h\u00e1tt\u00e9rben olyan indulatok izzanak, hogy lassan a st\u00fadi\u00f3 fala is beleremeg.<br \/>\n\u00c1d\u00e1m Attila \u00e9desapja soha nem akart m\u00e1st, csak t\u00e1mogatni a fi\u00e1t, aki az \u00f6t\u00f6dik \u00e9l\u0151 ad\u00e1sig menetelt, mik\u00f6zben h\u00e9tr\u0151l h\u00e9tre az \u00e1lmait \u00e9lte meg. \u00c1m a sz\u00fcl\u0151i b\u00fcszkes\u00e9g mell\u00e9 egyre t\u00f6bb f\u00e1jdalom \u00e9s d\u00fch rak\u00f3dott.<br \/>\nR\u00e1t\u00e1madt \u00c1d\u00e1m Attila csal\u00e1dja Curtisre! MUTATJUK MI T\u00d6RT\u00c9NT!<\/h3>\n<h3><span style=\"color: #ff0000;\"><strong>A h\u00edr nem \u00e9rt v\u00e9get! Folytat\u00e1shoz haszn\u00e1ld a K\u00d6VETKEZ\u0150 OLDAL gombot!<\/strong><\/span><\/h3>\n<h3><strong><!--nextpage--><\/strong><\/h3>\n<h3>Azt\u00e1n elj\u00f6tt az a bizonyos nap, amikor minden elszakadt. A Megaszt\u00e1r Facebook-oldal\u00e1n megjelent vide\u00f3ban Curtis d\u00f6bbenetes vallom\u00e1st tett:<br \/>\n\u201eNem hagynak b\u00e9k\u00e9n, harcolnom kell az Attila csal\u00e1dj\u00e1val! M\u00e1r majdnem tett\/_egess\u00e9gig megy a dolog!\u201d \u2013 mondta remeg\u0151 hangon.<br \/>\nA rapper teljesen kimer\u00fclt, \u00e9s azt sem tagadta: az ut\u00f3bbi napokat azzal t\u00f6lt\u00f6tte, hogy aludjon egyet a helyzetre \u2013 de hol jobban lett, hol rosszabbul. V\u00e9g\u00fcl kimondta a szavakat, amiket senki nem hitt volna:<br \/>\n\u201e\u00c9n ezt elengedem\u2026 Ha k\u00f6tb\u00e9rt kell fizetni, fizetek.\u201d<br \/>\nA d\u00f6nt\u00e9s\u00e9t telefonon k\u00f6z\u00f6lte a produkci\u00f3val \u2013 T\u00f3th Gabi pedig \u00e9l\u0151ben hallotta, \u00e9s k\u00e9ts\u00e9gbeesetten pr\u00f3b\u00e1lta visszatartani.<br \/>\nCurtisnek nem maradt versenyz\u0151je, a csal\u00e1di konfliktusok egyre durv\u00e1bbak, \u00e9s egyre t\u00f6bben att\u00f3l f\u00e9ltek, hogy t\u00e9nyleg megt\u00f6rt\u00e9nhet a botr\u00e1nyos kil\u00e9p\u00e9s.<br \/>\nA sokkol\u00f3 v\u00e1dak ut\u00e1n megsz\u00f3lalt \u00c1d\u00e1m Attila \u00e9desapja is:<\/h3>\n<h3><span style=\"color: #ff0000;\"><strong>A h\u00edr nem \u00e9rt v\u00e9get! Folytat\u00e1shoz haszn\u00e1ld a K\u00d6VETKEZ\u0150 OLDAL gombot!<\/strong><\/span><\/h3>\n<h3><strong><!--nextpage--><\/strong><\/h3>\n<h3>A sokkol\u00f3 v\u00e1dak ut\u00e1n megsz\u00f3lalt \u00c1d\u00e1m Attila \u00e9desapja is, aki hat\u00e1rozottan visszautas\u00edtotta, hogy b\u00e1rmif\u00e9le feny\/g\/t\u00e9s t\u00f6rt\u00e9nt volna.<br \/>\n\u201eB\u00e9k\u00e9vel j\u00f6v\u00f6k \u00e9s \u00fagy is t\u00e1vozom. A t-ttlegess\u00e9g meg sem fordult a fejemben!\u201d \u2013 jelentette ki.<br \/>\nS\u0151t: m\u00edg a m\u00falt h\u00e9ten m\u00e9g azon gondolkodott, hogy a b\u00e1nt\u00e1sok miatt kiveszi a fi\u00e1t a m\u0171sorb\u00f3l, mostanra minden megfordult. M\u00e1r nem \u0151k akarnak h\u00e1tral\u00e9pni \u2013 hanem Curtis az, aki a t\u00e1voz\u00e1s gondolat\u00e1val j\u00e1tszik.<br \/>\nEk\u00f6zben a Megaszt\u00e1r t\u00f6rt\u00e9nete is ism\u00e9tli \u00f6nmag\u00e1t: nem ez lenne az els\u0151 alkalom, hogy a rapper v\u00e1ratlanul el\u00e1ll a szerepl\u00e9st\u0151l. 2020-ban is \u00edgy tett \u2013 akkor sem jelent meg a Szt\u00e1rban Szt\u00e1r \u00e9l\u0151 ad\u00e1s\u00e1ban, \u00e9s ut\u00f3lag magyar\u00e1zta meg az ok\u00e1t.<br \/>\nMost viszont mindenki egyetlen k\u00e9rd\u00e9st tesz fel: VAJON CURTIS F\u00c9L \u00c1D\u00c1M ATTILA CSAL\u00c1DJ\u00c1T\u00d3L? VALAMIF\u00c9LE BOSSZ\u00da \u00c1LL A H\u00c1TT\u00c9RBEN?<\/h3>\n<p>TE MIT GONDOLSZ?<br \/>\nVIA Blikk<\/p>\n","protected":false},"excerpt":{"rendered":"<p>Egyre m\u00e9lyebb reped\u00e9sek futnak v\u00e9gig a Megaszt\u00e1r kulissz\u00e1i m\u00f6g\u00f6tt: m\u00edg a n\u00e9z\u0151k a sz\u00ednpad csillog\u00e1s\u00e1t l\u00e1tj\u00e1k, a h\u00e1tt\u00e9rben olyan indulatok izzanak, hogy lassan a st\u00fadi\u00f3 fala is beleremeg. \u00c1d\u00e1m Attila \u00e9desapja soha&#8230;<\/p>\n","protected":false},"author":1,"featured_media":8392,"comment_status":"open","ping_status":"open","sticky":false,"template":"","format":"standard","meta":{"footnotes":""},"categories":[2],"tags":[],"class_list":["post-8391","post","type-post","status-publish","format-standard","has-post-thumbnail","hentry","category-altalanos"],"aioseo_notices":[],"_links":{"self":[{"href":"https:\/\/online-filmkatarzis.com\/kucko\/wp-json\/wp\/v2\/posts\/8391","targetHints":{"allow":["GET"]}}],"collection":[{"href":"https:\/\/online-filmkatarzis.com\/kucko\/wp-json\/wp\/v2\/posts"}],"about":[{"href":"https:\/\/online-filmkatarzis.com\/kucko\/wp-json\/wp\/v2\/types\/post"}],"author":[{"embeddable":true,"href":"https:\/\/online-filmkatarzis.com\/kucko\/wp-json\/wp\/v2\/users\/1"}],"replies":[{"embeddable":true,"href":"https:\/\/online-filmkatarzis.com\/kucko\/wp-json\/wp\/v2\/comments?post=8391"}],"version-history":[{"count":1,"href":"https:\/\/online-filmkatarzis.com\/kucko\/wp-json\/wp\/v2\/posts\/8391\/revisions"}],"predecessor-version":[{"id":8393,"href":"https:\/\/online-filmkatarzis.com\/kucko\/wp-json\/wp\/v2\/posts\/8391\/revisions\/8393"}],"wp:featuredmedia":[{"embeddable":true,"href":"https:\/\/online-filmkatarzis.com\/kucko\/wp-json\/wp\/v2\/media\/8392"}],"wp:attachment":[{"href":"https:\/\/online-filmkatarzis.com\/kucko\/wp-json\/wp\/v2\/media?parent=8391"}],"wp:term":[{"taxonomy":"category","embeddable":true,"href":"https:\/\/online-filmkatarzis.com\/kucko\/wp-json\/wp\/v2\/categories?post=8391"},{"taxonomy":"post_tag","embeddable":true,"href":"https:\/\/online-filmkatarzis.com\/kucko\/wp-json\/wp\/v2\/tags?post=8391"}],"curies":[{"name":"wp","href":"https:\/\/api.w.org\/{rel}","templated":true}]}}