{"id":8405,"date":"2025-11-21T17:52:47","date_gmt":"2025-11-21T16:52:47","guid":{"rendered":"https:\/\/online-filmkatarzis.com\/kucko\/?p=8405"},"modified":"2025-11-22T08:26:00","modified_gmt":"2025-11-22T07:26:00","slug":"eldolt-kik-maradtak-egyutt-a-hazassag-elso-latasaban","status":"publish","type":"post","link":"https:\/\/online-filmkatarzis.com\/kucko\/eldolt-kik-maradtak-egyutt-a-hazassag-elso-latasaban\/","title":{"rendered":"Eld\u0151lt kik maradtak egy\u00fctt a H\u00e1zass\u00e1g els\u0151 l\u00e1t\u00e1s\u00e1ban!"},"content":{"rendered":"<h3>A most fut\u00f3 H\u00e1zass\u00e1g els\u0151 l\u00e1t\u00e1sra \u00e9vad a m\u0171sor t\u00f6rt\u00e9net\u00e9nek egyik legfesz\u00fclts\u00e9gtelibb sz\u00e9ri\u00e1ja lett. M\u00e1r az els\u0151 hetekben vil\u00e1goss\u00e1 v\u00e1lt: itt nem lesznek langyos megold\u00e1sok, mert a p\u00e1rok k\u00f6z\u00f6tt olyan indulatok, s\u00e9relmek \u00e9s titokban \u00e9rlel\u0151d\u0151 k\u00f6t\u0151d\u00e9sek keveredtek, amelyek v\u00e9g\u00fcl a nagy d\u00f6nt\u00e9s napj\u00e1n robbantak igaz\u00e1n. A n\u00e9z\u0151k l\u00e9legzetvisszafojtva v\u00e1rt\u00e1k, ki mond igent \u00e9s ki teszi le a gy\u0171r\u0171t az asztalra\u2026 A kamer\u00e1k pedig nem k\u00edm\u00e9ltek senkit: minden rezd\u00fcl\u00e9s, minden t\u00e9tova pillant\u00e1s \u00e1rulkodott.<\/h3>\n<h3><span style=\"color: #ff0000;\"><strong>A h\u00edr nem \u00e9rt v\u00e9get! Folytat\u00e1shoz haszn\u00e1ld a K\u00d6VETKEZ\u0150 OLDAL gombot!<\/strong><\/span><\/h3>\n<h3><strong><!--nextpage--><\/strong><\/h3>\n<h3>A friss ad\u00e1sok alapj\u00e1n t\u00f6bb p\u00e1r v\u00e9gs\u0151 d\u00f6nt\u00e9se m\u00e1r kider\u00fclt, \u00e9s ezek bizony alaposan felkavart\u00e1k a rajong\u00f3kat:<br \/>\nF\u0171zfa Rita &amp; Varga Sanya \u2014 NEM MARADTAK EGY\u00dcTT<br \/>\nHat\u00e1rozottan, sz\u00edvb\u0151l mondtak igent egym\u00e1sra. A szak\u00e9rt\u0151k szerint \u0151k lettek az \u00e9vad egyik legstabilabb p\u00e1rosa.<br \/>\nTigyi K\u00e1rmen &amp; Dani \u2014 SZAK\u00cdTOTT<br \/>\nA f\u00e9rfi m\u00e9g adott volna es\u00e9lyt, de Nelli kimondta a nemet. A n\u00e9z\u0151ket is sokkolta, mennyire biztos volt a d\u00f6nt\u00e9s\u00e9ben.<br \/>\nDud\u00e1s Anna &amp; p\u00e1rja\u00a0 \u2014 SZ\u00c9TESVE, M\u00c9G A D\u00d6NT\u00c9S EL\u0150TT<br \/>\n\u0150k m\u00e1r j\u00f3val el\u0151bb k\u00fcl\u00f6nv\u00e1ltak, hetek \u00f3ta nem k\u00f6z\u00f6s \u00faton haladnak. A d\u00f6nt\u00e9sig el sem jutottak egy\u00fctt.<br \/>\nMil\u00f3 Viki &amp; p\u00e1rja \u2014 K\u00dcL\u00d6N \u00daTRA L\u00c9PTEK<br \/>\nEz volt az \u00e9vad egyik legf\u00e1j\u00f3bb, m\u00e9gis v\u00e1rhat\u00f3 t\u00f6rt\u00e9n\u00e9se. A folyamatos fesz\u00fclts\u00e9gek, a hat\u00e1rh\u00faz\u00e1sok \u00e9s az \u00e9rzelmi hull\u00e1mz\u00e1s v\u00e9g\u00fcl oda vezetett, hogy a d\u00f6nt\u00e9sn\u00e9l nem egym\u00e1st v\u00e1lasztott\u00e1k. Viki v\u00e9gleg megh\u00fazta a vonalat.<br \/>\n\u00c9S ITT VANNAK A T\u00d6BBI P\u00c1ROSOK AKIKRE MINDENKI V\u00c1R! MUTATJUK!<\/h3>\n<h3><span style=\"color: #ff0000;\"><strong>A h\u00edr nem \u00e9rt v\u00e9get! Folytat\u00e1shoz haszn\u00e1ld a K\u00d6VETKEZ\u0150 OLDAL gombot!<\/strong><\/span><\/h3>\n<h3><strong><!--nextpage--><\/strong><\/h3>\n<h3>A m\u0171sor aktu\u00e1lis \u00e1ll\u00e1sa szerint vannak m\u00e9g p\u00e1rok, akikn\u00e9l a v\u00e9gs\u0151 d\u00f6nt\u00e9s NEM hangzott el, \u00e9s csak a k\u00f6vetkez\u0151 epiz\u00f3dokban der\u00fcl ki, hogyan z\u00e1rul a h\u00e1zass\u00e1guk. \u0150k azok, akikn\u00e9l minden rezd\u00fcl\u00e9s sz\u00e1m\u00edt, \u00e9s ahol az utols\u00f3 napok fesz\u00fclts\u00e9ge mindent fel\u00fcl\u00edrhat:<br \/>\nAz al\u00e1bbi p\u00e1rokn\u00e1l a d\u00f6nt\u00e9s M\u00c9G NEM ker\u00fclt ad\u00e1sba:<br \/>\nVas R\u00e9ka &amp; p\u00e1rja, De\u00e1k Rebeka &amp; Zsolt<br \/>\nBels\u0151s inf\u00f3k szerint k\u00f6z\u00fcl\u00fck senki sem marad meg p\u00e1rk\u00e9nt, de term\u00e9szetesen biztosan csak az utols\u00f3 r\u00e9sz ut\u00e1n lehet mondani!<\/h3>\n<p>VIA MSN<\/p>\n","protected":false},"excerpt":{"rendered":"<p>A most fut\u00f3 H\u00e1zass\u00e1g els\u0151 l\u00e1t\u00e1sra \u00e9vad a m\u0171sor t\u00f6rt\u00e9net\u00e9nek egyik legfesz\u00fclts\u00e9gtelibb sz\u00e9ri\u00e1ja lett. M\u00e1r az els\u0151 hetekben vil\u00e1goss\u00e1 v\u00e1lt: itt nem lesznek langyos megold\u00e1sok, mert a p\u00e1rok k\u00f6z\u00f6tt olyan indulatok, s\u00e9relmek&#8230;<\/p>\n","protected":false},"author":1,"featured_media":8406,"comment_status":"open","ping_status":"open","sticky":false,"template":"","format":"standard","meta":{"footnotes":""},"categories":[2],"tags":[],"class_list":["post-8405","post","type-post","status-publish","format-standard","has-post-thumbnail","hentry","category-altalanos"],"aioseo_notices":[],"_links":{"self":[{"href":"https:\/\/online-filmkatarzis.com\/kucko\/wp-json\/wp\/v2\/posts\/8405","targetHints":{"allow":["GET"]}}],"collection":[{"href":"https:\/\/online-filmkatarzis.com\/kucko\/wp-json\/wp\/v2\/posts"}],"about":[{"href":"https:\/\/online-filmkatarzis.com\/kucko\/wp-json\/wp\/v2\/types\/post"}],"author":[{"embeddable":true,"href":"https:\/\/online-filmkatarzis.com\/kucko\/wp-json\/wp\/v2\/users\/1"}],"replies":[{"embeddable":true,"href":"https:\/\/online-filmkatarzis.com\/kucko\/wp-json\/wp\/v2\/comments?post=8405"}],"version-history":[{"count":2,"href":"https:\/\/online-filmkatarzis.com\/kucko\/wp-json\/wp\/v2\/posts\/8405\/revisions"}],"predecessor-version":[{"id":8411,"href":"https:\/\/online-filmkatarzis.com\/kucko\/wp-json\/wp\/v2\/posts\/8405\/revisions\/8411"}],"wp:featuredmedia":[{"embeddable":true,"href":"https:\/\/online-filmkatarzis.com\/kucko\/wp-json\/wp\/v2\/media\/8406"}],"wp:attachment":[{"href":"https:\/\/online-filmkatarzis.com\/kucko\/wp-json\/wp\/v2\/media?parent=8405"}],"wp:term":[{"taxonomy":"category","embeddable":true,"href":"https:\/\/online-filmkatarzis.com\/kucko\/wp-json\/wp\/v2\/categories?post=8405"},{"taxonomy":"post_tag","embeddable":true,"href":"https:\/\/online-filmkatarzis.com\/kucko\/wp-json\/wp\/v2\/tags?post=8405"}],"curies":[{"name":"wp","href":"https:\/\/api.w.org\/{rel}","templated":true}]}}