{"id":8412,"date":"2025-11-22T15:21:49","date_gmt":"2025-11-22T14:21:49","guid":{"rendered":"https:\/\/online-filmkatarzis.com\/kucko\/?p=8412"},"modified":"2025-11-22T15:21:49","modified_gmt":"2025-11-22T14:21:49","slug":"vegul-vele-jott-ossze-milo-viki","status":"publish","type":"post","link":"https:\/\/online-filmkatarzis.com\/kucko\/vegul-vele-jott-ossze-milo-viki\/","title":{"rendered":"V\u00e9g\u00fcl vele j\u00f6tt \u00f6ssze Mil\u00f3 Viki!"},"content":{"rendered":"<h3>Ahogy k\u00f6zeledik a H\u00e1zass\u00e1g els\u0151 l\u00e1t\u00e1sra harmadik \u00e9vad\u00e1nak fin\u00e1l\u00e9ja, a n\u00e9z\u0151k egyre idegesebben figyelik, mi lesz Mil\u00f3 Viki sorsa \u2013 \u00e9s egyre t\u00f6bben mondj\u00e1k ki hangosan: ennek az \u00e9vadnak m\u00e1r r\u00e9g nem a szerelemr\u0151l kellene sz\u00f3lnia.<br \/>\nA p\u00e1rok k\u00f6z\u00f6tt alig l\u00e1tni val\u00f3di \u00f6sszhangot, a k\u00f6z\u00f6ns\u00e9g szerint ink\u00e1bb a botr\u00e1ny, a s\u00edr\u00e1s \u00e9s a veszeked\u00e9s lett a m\u0171sor motorja. Viki \u00e9s Attila kapcsolata pedig k\u00fcl\u00f6n\u00f6sen gyorsan fordult \u00e1t rem\u00e9nyb\u0151l hideg h\u00e1bor\u00faba.<br \/>\nA kommentek alapj\u00e1n a n\u00e9z\u0151k t\u00f6bbs\u00e9ge m\u00e1r nem is azt tal\u00e1lgatja, egy\u00fctt maradnak-e, hanem azt: melyik f\u00e9rjhez kellett volna egy\u00e1ltal\u00e1n hozz\u00e1mennie Mil\u00f3 Viki?<br \/>\nMEGLEPET\u00c9S AZ UTOL R\u00c9SZBEN! MUTATJUK!<\/h3>\n<h3><span style=\"color: #ff0000;\"><strong>A h\u00edr nem \u00e9rt v\u00e9get! Folytat\u00e1shoz haszn\u00e1ld a K\u00d6VETKEZ\u0150 OLDAL gombot!<\/strong><\/span><\/h3>\n<h3><strong><!--nextpage--><\/strong><\/h3>\n<h3>A rajong\u00f3k azonban nem \u00e1lltak meg a kritik\u00e1n\u00e1l \u2013 s\u0151t! H\u00e9tr\u0151l h\u00e9tre egyre er\u0151sebben bukkant fel egy meglep\u0151 gondolat:<br \/>\n\u201eMil\u00f3 Viki rossz f\u00e9rjet kapott.\u201d<br \/>\n\u00c9s ha ez nem lenne el\u00e9g, a k\u00f6z\u00f6ss\u00e9gi oldalakon egy teljesen \u00faj forgat\u00f3k\u00f6nyv kezdett k\u00f6rvonalaz\u00f3dni:<br \/>\na n\u00e9z\u0151k szerint nem is egy f\u00e9rfi, hanem egy m\u00e1sik feles\u00e9g lett volna Viki igazi p\u00e1rja.<br \/>\nKommentek sz\u00e1zai jelentek meg, amelyek ugyanarra a v\u00e1ratlan n\u00e9vre mutattak:<br \/>\nK\u00e1rmen.<br \/>\nA k\u00f6z\u00f6ns\u00e9g szerint a k\u00e9t n\u0151 temperamentuma, humora \u00e9s dinamik\u00e1ja sokkal jobban passzol egym\u00e1shoz, mint b\u00e1rmelyik f\u00e9rj\u00fckh\u00f6z.<br \/>\nA DOLOG ITT BIZONY NEM \u00c1LLT MEG.<\/h3>\n<h3><span style=\"color: #ff0000;\"><strong>A h\u00edr nem \u00e9rt v\u00e9get! Folytat\u00e1shoz haszn\u00e1ld a K\u00d6VETKEZ\u0150 OLDAL gombot!<\/strong><\/span><\/h3>\n<h3><strong><!--nextpage--><\/strong><\/h3>\n<h3>A rajong\u00f3k fant\u00e1zi\u00e1ja pedig nem \u00e1llt meg: ahogy k\u00f6zeledik a d\u00f6nt\u00e9s hete, egyre t\u00f6bben \u00edrj\u00e1k, hogy Viki gyakorlatilag \u201e\u00f6sszej\u00f6tt\u201d K\u00e1rmen f\u00e9rj\u00e9vel \u2013 legal\u00e1bbis l\u00e9lekben biztosan k\u00f6zelebb \u00e1llnak egym\u00e1shoz, mint saj\u00e1t p\u00e1rjaikhoz.<br \/>\nAz egyik kommentel\u0151 \u00edgy fogalmazott:<br \/>\n\u201eK\u00e1rmennek \u00e9s Mil\u00f3 Vikinek k\u00e9ne \u00f6sszeh\u00e1zasodni! (\u2026) Dani nagyon buta, ha es\u00e9lyt ad egy olyan n\u0151nek, aki nyilv\u00e1nosan megal\u00e1zta\u2026 Zsolt \u00e9s Peti l\u00e1tj\u00e1k j\u00f3l a dolgokat. Mil\u00f3 Viki f\u00e9rjet keres, de olyat, aki ne n\u00e9zzen r\u00e1, ne \u00e9rjen hozz\u00e1 \u2013 ez nagyon beteg\u2026\u201d<br \/>\nA n\u00e9z\u0151k teh\u00e1t kimondt\u00e1k azt, amir\u0151l a m\u0171sor alatt senki sem mert besz\u00e9lni:<br \/>\nMil\u00f3 Viki \u00e9s K\u00e1rmen k\u00f6z\u00f6tt t\u00f6bb a k\u00e9mia, mint a saj\u00e1t f\u00e9rjeikkel.<br \/>\nA fin\u00e1l\u00e9 el\u0151tt a k\u00f6z\u00f6ns\u00e9g pedig m\u00e1r biztos:<br \/>\nha lenne \u201ealternat\u00edv p\u00e1ros\u00edt\u00e1s\u201d, \u0151k ketten taroln\u00e1k az \u00e9vadot \u2013 \u00e9s nem Attila vagy Dani oldal\u00e1n.<\/h3>\n<p>VIA nlc<\/p>\n","protected":false},"excerpt":{"rendered":"<p>Ahogy k\u00f6zeledik a H\u00e1zass\u00e1g els\u0151 l\u00e1t\u00e1sra harmadik \u00e9vad\u00e1nak fin\u00e1l\u00e9ja, a n\u00e9z\u0151k egyre idegesebben figyelik, mi lesz Mil\u00f3 Viki sorsa \u2013 \u00e9s egyre t\u00f6bben mondj\u00e1k ki hangosan: ennek az \u00e9vadnak m\u00e1r r\u00e9g nem&#8230;<\/p>\n","protected":false},"author":1,"featured_media":8413,"comment_status":"open","ping_status":"open","sticky":false,"template":"","format":"standard","meta":{"footnotes":""},"categories":[2],"tags":[],"class_list":["post-8412","post","type-post","status-publish","format-standard","has-post-thumbnail","hentry","category-altalanos"],"aioseo_notices":[],"_links":{"self":[{"href":"https:\/\/online-filmkatarzis.com\/kucko\/wp-json\/wp\/v2\/posts\/8412","targetHints":{"allow":["GET"]}}],"collection":[{"href":"https:\/\/online-filmkatarzis.com\/kucko\/wp-json\/wp\/v2\/posts"}],"about":[{"href":"https:\/\/online-filmkatarzis.com\/kucko\/wp-json\/wp\/v2\/types\/post"}],"author":[{"embeddable":true,"href":"https:\/\/online-filmkatarzis.com\/kucko\/wp-json\/wp\/v2\/users\/1"}],"replies":[{"embeddable":true,"href":"https:\/\/online-filmkatarzis.com\/kucko\/wp-json\/wp\/v2\/comments?post=8412"}],"version-history":[{"count":1,"href":"https:\/\/online-filmkatarzis.com\/kucko\/wp-json\/wp\/v2\/posts\/8412\/revisions"}],"predecessor-version":[{"id":8414,"href":"https:\/\/online-filmkatarzis.com\/kucko\/wp-json\/wp\/v2\/posts\/8412\/revisions\/8414"}],"wp:featuredmedia":[{"embeddable":true,"href":"https:\/\/online-filmkatarzis.com\/kucko\/wp-json\/wp\/v2\/media\/8413"}],"wp:attachment":[{"href":"https:\/\/online-filmkatarzis.com\/kucko\/wp-json\/wp\/v2\/media?parent=8412"}],"wp:term":[{"taxonomy":"category","embeddable":true,"href":"https:\/\/online-filmkatarzis.com\/kucko\/wp-json\/wp\/v2\/categories?post=8412"},{"taxonomy":"post_tag","embeddable":true,"href":"https:\/\/online-filmkatarzis.com\/kucko\/wp-json\/wp\/v2\/tags?post=8412"}],"curies":[{"name":"wp","href":"https:\/\/api.w.org\/{rel}","templated":true}]}}