{"id":8451,"date":"2025-11-24T16:19:05","date_gmt":"2025-11-24T15:19:05","guid":{"rendered":"https:\/\/online-filmkatarzis.com\/kucko\/?p=8451"},"modified":"2025-11-24T16:19:05","modified_gmt":"2025-11-24T15:19:05","slug":"ezert-viselkedett-zavarodottan-sthol-andras","status":"publish","type":"post","link":"https:\/\/online-filmkatarzis.com\/kucko\/ezert-viselkedett-zavarodottan-sthol-andras\/","title":{"rendered":"Ez\u00e9rt viselkedett zavarodottan Sthol Andr\u00e1s!"},"content":{"rendered":"<h3>A Szt\u00e1rban Szt\u00e1r All Stars legut\u00f3bbi \u00e9l\u0151 ad\u00e1s\u00e1ban olyan jelenet t\u00f6rt\u00e9nt, amire senki nem volt felk\u00e9sz\u00fclve. A st\u00fadi\u00f3ban fesz\u00fclt, m\u00e9gis vid\u00e1m hangulat uralkodott, amikor hirtelen Stohl Andr\u00e1s \u2013 minden el\u0151zm\u00e9ny n\u00e9lk\u00fcl \u2013 a kamer\u00e1ba fordult, \u00e9s zavartan, f\u00e9lmosollyal csak ennyit mondott:<br \/>\n\u201eInnen is puszilom Bell\u00e1t!\u201d<br \/>\nA mondat teljesen kil\u00f3gott a besz\u00e9lget\u00e9sb\u0151l, nem gyerekprodukci\u00f3 zajlott, s\u0151t a zs\u0171ri \u00e9pp technikai r\u00e9szletekr\u0151l besz\u00e9lgetett. A koll\u00e9g\u00e1k el\u0151sz\u00f6r csak meglep\u0151dtek, majd k\u00ednos mosolyok k\u00f6vett\u00e9k a pillanatot. A n\u00e9z\u0151k pedig perceken bel\u00fcl elkezdtek tal\u00e1lgatni: mi\u00e9rt t\u00f6rte meg hirtelen a ritmust Stohl, \u00e9s mi\u00e9rt t\u0171nt ennyire zavartnak?<\/h3>\n<h3><span style=\"color: #ff0000;\"><strong>A h\u00edr nem \u00e9rt v\u00e9get! Folytat\u00e1shoz haszn\u00e1ld a K\u00d6VETKEZ\u0150 OLDAL gombot!<\/strong><\/span><\/h3>\n<h3><strong><!--nextpage--><\/strong><\/h3>\n<h3>A zavaros pillanatok nem \u00e1lltak meg itt. Amikor D\u00e9r Heni Csepregi \u00c9va b\u0151r\u00e9be b\u00fajt, Andr\u00e1s val\u00f3s\u00e1ggal l\u00e1zba j\u00f6tt: tet\u0151t\u0151l talpig dics\u00e9rte Henit \u2013 \u00e1m nem ak\u00e1rhogyan. A zs\u0171ri, majd a k\u00f6z\u00f6ns\u00e9g is csak n\u00e9zett, amikor Stohl arr\u00f3l \u00e1radozott, milyen \u201et\u00f6k\u00e9letes a nyaka\u201d, \u00e9s hogy \u201enyakb\u00f3l \u00e9nekelt, fantasztikusan k\u00e9pezve a hangokat\u201d.<br \/>\nTilla nem is b\u00edrta ki nevet\u00e9s n\u00e9lk\u00fcl, \u00e9s szemmel l\u00e1that\u00f3an \u0151t is meglepte ez a furcs\u00e1n, szokatlanul t\u00falf\u0171t\u00f6tt megnyilv\u00e1nul\u00e1s.<br \/>\nA st\u00fadi\u00f3ban ekkor m\u00e1r sokaknak felt\u0171nt: Stohl eg\u00e9sz ad\u00e1s alatt fesz\u00fclt, sz\u00e9tsz\u00f3rt \u00e9s indokolatlanul \u00e9rzelmes volt. T\u00f6bben is azt suttogt\u00e1k a h\u00e1tt\u00e9rben, hogy ez nem egyszer\u0171 elf\u00e1rad\u00e1s\u2026 itt valami m\u00e9lyebb dolog h\u00faz\u00f3dhat a h\u00e1tt\u00e9rben.<\/h3>\n<h3><span style=\"color: #ff0000;\"><strong>A h\u00edr nem \u00e9rt v\u00e9get! Folytat\u00e1shoz haszn\u00e1ld a K\u00d6VETKEZ\u0150 OLDAL gombot!<\/strong><\/span><\/h3>\n<h3><strong><!--nextpage--><\/strong><\/h3>\n<h3>A k\u00f6rnyezet\u00e9ben dolgoz\u00f3k tiszt\u00e1ban vannak vele, hogy Andr\u00e1s mennyire rajong legkisebb l\u00e1ny\u00e1\u00e9rt, Bell\u00e1\u00e9rt \u2013 \u00e9s milyen m\u00e9lyen megviselte, hogy harmadik csal\u00e1dja is sz\u00e9thullott. B\u00e1r munk\u00e1ba menek\u00fcl, \u00e9s l\u00e1tsz\u00f3lag remekel, a szakemberek szerint a viselked\u00e9se klasszikus jele a feldolgozatlan traum\u00e1nak.<br \/>\nEgy neve elhallgat\u00e1s\u00e1t k\u00e9r\u0151 szak\u00e9rt\u0151 \u00fagy fogalmazott:<br \/>\n\u201eA hirtelen, oda nem ill\u0151 \u00e9rzelmi kit\u00f6r\u00e9sek, a t\u00falz\u00f3 dics\u00e9retek \u00e9s a zavarodott f\u00f3kuszv\u00e1lt\u00e1sok gyakori k\u00f6vetkezm\u00e9nyei a tart\u00f3s lelki megterhel\u00e9snek. Stohl ezekb\u0151l t\u00f6bbet is mutatott azon az est\u00e9n.\u201d<br \/>\nA show-ban l\u00e1tott furcsa megjegyz\u00e9sek, a v\u00e1ratlan \u00fczenet Bella fel\u00e9, az \u00e9rzelmi hull\u00e1mz\u00e1s mind arra utalnak, hogy Stohl Andr\u00e1s m\u00e9g mindig nem heverte ki a mag\u00e1n\u00e9leti dr\u00e1m\u00e1it, b\u00e1rmennyire is pr\u00f3b\u00e1lja titkolni.<br \/>\nA szak\u00e9rt\u0151k szerint teh\u00e1t nem h\u00f3bort, nem v\u00e9letlen\u2026<br \/>\nhanem egy\u00e9rtelm\u0171en a m\u00faltb\u00f3l hozott traum\u00e1k t\u00f6rtek a felsz\u00ednre.<\/h3>\n<p>VIA blikkruzs<\/p>\n","protected":false},"excerpt":{"rendered":"<p>A Szt\u00e1rban Szt\u00e1r All Stars legut\u00f3bbi \u00e9l\u0151 ad\u00e1s\u00e1ban olyan jelenet t\u00f6rt\u00e9nt, amire senki nem volt felk\u00e9sz\u00fclve. A st\u00fadi\u00f3ban fesz\u00fclt, m\u00e9gis vid\u00e1m hangulat uralkodott, amikor hirtelen Stohl Andr\u00e1s \u2013 minden el\u0151zm\u00e9ny n\u00e9lk\u00fcl \u2013&#8230;<\/p>\n","protected":false},"author":1,"featured_media":8452,"comment_status":"open","ping_status":"open","sticky":false,"template":"","format":"standard","meta":{"footnotes":""},"categories":[2],"tags":[],"class_list":["post-8451","post","type-post","status-publish","format-standard","has-post-thumbnail","hentry","category-altalanos"],"aioseo_notices":[],"_links":{"self":[{"href":"https:\/\/online-filmkatarzis.com\/kucko\/wp-json\/wp\/v2\/posts\/8451","targetHints":{"allow":["GET"]}}],"collection":[{"href":"https:\/\/online-filmkatarzis.com\/kucko\/wp-json\/wp\/v2\/posts"}],"about":[{"href":"https:\/\/online-filmkatarzis.com\/kucko\/wp-json\/wp\/v2\/types\/post"}],"author":[{"embeddable":true,"href":"https:\/\/online-filmkatarzis.com\/kucko\/wp-json\/wp\/v2\/users\/1"}],"replies":[{"embeddable":true,"href":"https:\/\/online-filmkatarzis.com\/kucko\/wp-json\/wp\/v2\/comments?post=8451"}],"version-history":[{"count":1,"href":"https:\/\/online-filmkatarzis.com\/kucko\/wp-json\/wp\/v2\/posts\/8451\/revisions"}],"predecessor-version":[{"id":8453,"href":"https:\/\/online-filmkatarzis.com\/kucko\/wp-json\/wp\/v2\/posts\/8451\/revisions\/8453"}],"wp:featuredmedia":[{"embeddable":true,"href":"https:\/\/online-filmkatarzis.com\/kucko\/wp-json\/wp\/v2\/media\/8452"}],"wp:attachment":[{"href":"https:\/\/online-filmkatarzis.com\/kucko\/wp-json\/wp\/v2\/media?parent=8451"}],"wp:term":[{"taxonomy":"category","embeddable":true,"href":"https:\/\/online-filmkatarzis.com\/kucko\/wp-json\/wp\/v2\/categories?post=8451"},{"taxonomy":"post_tag","embeddable":true,"href":"https:\/\/online-filmkatarzis.com\/kucko\/wp-json\/wp\/v2\/tags?post=8451"}],"curies":[{"name":"wp","href":"https:\/\/api.w.org\/{rel}","templated":true}]}}