{"id":8468,"date":"2025-11-25T16:01:40","date_gmt":"2025-11-25T15:01:40","guid":{"rendered":"https:\/\/online-filmkatarzis.com\/kucko\/?p=8468"},"modified":"2025-11-25T16:01:40","modified_gmt":"2025-11-25T15:01:40","slug":"megrendeztek-oriasi-csalas-a-megasztarban","status":"publish","type":"post","link":"https:\/\/online-filmkatarzis.com\/kucko\/megrendeztek-oriasi-csalas-a-megasztarban\/","title":{"rendered":"MEGRENDEZT\u00c9K: \u00d3ri\u00e1si csal\u00e1s a Megaszt\u00e1rban!"},"content":{"rendered":"<h3>Fesz\u00fclt, m\u00e1r-m\u00e1r k\u00ednos percekkel indult a legut\u00f3bbi Megaszt\u00e1r \u00e9l\u0151 show: az els\u0151 15 percben Curtis sehol sem volt. A n\u00e9z\u0151k sokkja szinte tapinthat\u00f3 volt, hiszen napok \u00f3ta az keringett a neten, hogy a rapper v\u00e9gleg feladja a m\u0171sort. A balh\u00e9 \u00c1d\u00e1m Attila csal\u00e1dj\u00e1val \u00e9s az, hogy m\u00e1r nincsenek mentor\u00e1ltjai, el\u00e9gg\u00e9 megr\u00e1zta.<br \/>\nA TV2 \u00e1ltal m\u00e1r h\u00e9t k\u00f6zben k\u00f6zz\u00e9tett vide\u00f3ban Curtis a telefonban vallotta be T\u00f3th Gabinak:<br \/>\n\u201e\u00c9n ezt elengedem\u2026 nem akarok zavarni\u2026 ha k\u00f6tb\u00e9rt kell fizetni, fizetek.\u201d<br \/>\nMindenki azt hitte: ennyi volt, v\u00e9ge, a rapper kil\u00e9pett, mik\u00f6zben csak megvezett\u00e9k a n\u00e9z\u0151ket. MUTATJUK HOGY BUKTAK LE:<\/h3>\n<h3><span style=\"color: #ff0000;\"><strong>A h\u00edr nem \u00e9rt v\u00e9get! Folytat\u00e1shoz haszn\u00e1ld a K\u00d6VETKEZ\u0150 OLDAL gombot!<\/strong><\/span><\/h3>\n<h3><strong><!--nextpage--><\/strong><\/h3>\n<h3>\u00c9s ekkor \u2013 a 16. percben \u2013 szinte filmes fordulat t\u00f6rt\u00e9nt: Curtis hirtelen megjelent a st\u00fadi\u00f3ban. Be\u00fclt a hely\u00e9re, bocs\u00e1natot k\u00e9rt, \u00e9s azt mondta, nem akar senkit cserben hagyni.<br \/>\nA n\u00e9z\u0151k ujjongtak, a m\u0171sor megmenek\u00fclt, a t\u00f6rt\u00e9net pedig majdnem olyan meghat\u00f3 volt, mint egy hollywoodi dr\u00e1ma.<br \/>\nCsakhogy\u2026 valami nagyon nem stimmelt.<br \/>\nSokan eml\u00e9keztek arra is, hogy Curtis 2020-ban val\u00f3ban elt\u0171nt egy ad\u00e1s el\u0151l a Szt\u00e1rban Szt\u00e1rban, majd napokkal k\u00e9s\u0151bb magyar\u00e1zta ki mag\u00e1t \u2013 ez\u00e9rt most sokaknak gyan\u00fas volt a hirtelen \u201emegjavul\u00e1s\u201d.<br \/>\nDe az igazi lebuk\u00e1s csak ez ut\u00e1n t\u00f6rt\u00e9nt:<\/h3>\n<h3><span style=\"color: #ff0000;\"><strong>A h\u00edr nem \u00e9rt v\u00e9get! Folytat\u00e1shoz haszn\u00e1ld a K\u00d6VETKEZ\u0150 OLDAL gombot!<\/strong><\/span><\/h3>\n<h3><strong><!--nextpage--><\/strong><\/h3>\n<h3>A szemf\u00fcles n\u00e9z\u0151k ugyanis kisz\u00fart\u00e1k az ad\u00e1sban azt, amit a k\u00e9sz\u00edt\u0151k tal\u00e1n titokban szerettek volna tartani: a Megaszt\u00e1r Extra produkci\u00f3i mindig \u00f3r\u00e1kkal a m\u0171sor el\u0151tt ker\u00fclnek felv\u00e9telre. \u00cdgy volt ez T\u00f3th Gabi \u00faj, Hamvaim c\u00edm\u0171 dal\u00e1nak premierj\u00e9n is.<br \/>\n\u00c9s amikor Gabi \u00e9nekelt, egy pillanatra mutatt\u00e1k a zs\u0171riasztalt is\u2026 ahol Curtis ott \u00fclt a hely\u00e9n, \u00e9s nyugodtan n\u00e9zte a produkci\u00f3t.<br \/>\nVagyis:<br \/>\n-Curtis m\u00e1r \u00f3r\u00e1kkal a show el\u0151tt a TV2 st\u00fadi\u00f3j\u00e1ban volt, dolgozott, forgatott, r\u00e9szt vett mindenben \u00e9s esze \u00e1g\u00e1ban sem volt kihagyni az ad\u00e1st.<br \/>\nInnen pedig m\u00e1r egyszer\u0171 a matek: a zs\u0171ri megd\u00f6bben\u00e9se, s\u00f3hajtoz\u00e1sa \u00e9s \u201ehol van Curtis?\u201d-jelenetei val\u00f3sz\u00edn\u0171leg csak mesterien el\u0151adott sz\u00ednj\u00e1t\u00e9k voltak.<br \/>\nS\u0151t, m\u00e9g Herceg Erika dr\u00e1mai csal\u00f3dotts\u00e1ga is gyan\u00fas:<br \/>\n\u201eNagyon szomor\u00fa vagyok, hogy Ati nem \u00fclt be k\u00f6z\u00e9nk\u2026\u201d \u2013 mondta elcsukl\u00f3 hangon.<br \/>\nCsakhogy val\u00f3j\u00e1ban m\u00e1r \u00f3r\u00e1kkal kor\u00e1bban egy\u00fctt forgattak.<br \/>\nA n\u00e9z\u0151k pedig most jogosan k\u00e9rdezik:<br \/>\nHa ez mind el\u0151re le volt zs\u00edrozva, akkor mit is n\u00e9zt\u00fcnk val\u00f3j\u00e1ban?<br \/>\nA Megaszt\u00e1r t\u00f6rt\u00e9net\u00e9nek egyik legnagyobb megrendezett botr\u00e1nya sejlik fel a h\u00e1tt\u00e9rben\u2026<\/h3>\n<p>VIA Story<\/p>\n","protected":false},"excerpt":{"rendered":"<p>Fesz\u00fclt, m\u00e1r-m\u00e1r k\u00ednos percekkel indult a legut\u00f3bbi Megaszt\u00e1r \u00e9l\u0151 show: az els\u0151 15 percben Curtis sehol sem volt. A n\u00e9z\u0151k sokkja szinte tapinthat\u00f3 volt, hiszen napok \u00f3ta az keringett a neten, hogy&#8230;<\/p>\n","protected":false},"author":1,"featured_media":8470,"comment_status":"open","ping_status":"open","sticky":false,"template":"","format":"standard","meta":{"footnotes":""},"categories":[2],"tags":[],"class_list":["post-8468","post","type-post","status-publish","format-standard","has-post-thumbnail","hentry","category-altalanos"],"aioseo_notices":[],"_links":{"self":[{"href":"https:\/\/online-filmkatarzis.com\/kucko\/wp-json\/wp\/v2\/posts\/8468","targetHints":{"allow":["GET"]}}],"collection":[{"href":"https:\/\/online-filmkatarzis.com\/kucko\/wp-json\/wp\/v2\/posts"}],"about":[{"href":"https:\/\/online-filmkatarzis.com\/kucko\/wp-json\/wp\/v2\/types\/post"}],"author":[{"embeddable":true,"href":"https:\/\/online-filmkatarzis.com\/kucko\/wp-json\/wp\/v2\/users\/1"}],"replies":[{"embeddable":true,"href":"https:\/\/online-filmkatarzis.com\/kucko\/wp-json\/wp\/v2\/comments?post=8468"}],"version-history":[{"count":1,"href":"https:\/\/online-filmkatarzis.com\/kucko\/wp-json\/wp\/v2\/posts\/8468\/revisions"}],"predecessor-version":[{"id":8471,"href":"https:\/\/online-filmkatarzis.com\/kucko\/wp-json\/wp\/v2\/posts\/8468\/revisions\/8471"}],"wp:featuredmedia":[{"embeddable":true,"href":"https:\/\/online-filmkatarzis.com\/kucko\/wp-json\/wp\/v2\/media\/8470"}],"wp:attachment":[{"href":"https:\/\/online-filmkatarzis.com\/kucko\/wp-json\/wp\/v2\/media?parent=8468"}],"wp:term":[{"taxonomy":"category","embeddable":true,"href":"https:\/\/online-filmkatarzis.com\/kucko\/wp-json\/wp\/v2\/categories?post=8468"},{"taxonomy":"post_tag","embeddable":true,"href":"https:\/\/online-filmkatarzis.com\/kucko\/wp-json\/wp\/v2\/tags?post=8468"}],"curies":[{"name":"wp","href":"https:\/\/api.w.org\/{rel}","templated":true}]}}