{"id":8492,"date":"2025-11-26T17:57:46","date_gmt":"2025-11-26T16:57:46","guid":{"rendered":"https:\/\/online-filmkatarzis.com\/kucko\/?p=8492"},"modified":"2025-11-26T17:57:46","modified_gmt":"2025-11-26T16:57:46","slug":"megerkezett-a-brutalis-arviz","status":"publish","type":"post","link":"https:\/\/online-filmkatarzis.com\/kucko\/megerkezett-a-brutalis-arviz\/","title":{"rendered":"Meg\u00e9rkezett a brut\u00e1lis \u00e1rv\u00edz!"},"content":{"rendered":"<h3>F0jt0 gat\u00f3 fesz\u00fclts\u00e9g telepedett az orsz\u00e1gra, amikor az elm\u00falt napokban egym\u00e1st k\u00f6vett\u00e9k a mediterr\u00e1n ciklonok, \u00e9s szinte \u00f3r\u00e1r\u00f3l \u00f3r\u00e1ra v\u00e1lt egy\u00e9rtelm\u0171bb\u00e9: baj lesz. Az \u00e9szaki t\u00e9rs\u00e9gekben m\u00e1r p\u00e9ntekt\u0151l szakadatlanul zuhogott, a f\u00f6ld egyszer\u0171en nem b\u00edrta elnyelni a rengeteg vizet. A foly\u00f3k pedig \u2013 mintha csak megvadultak volna \u2013 fenyeget\u0151en kezdtek duzzadni.<br \/>\nOlyan \u00e9rkezett, amelyhez foghat\u00f3t tal\u00e1n m\u00e9g sosem l\u00e1ttunk\u2026<br \/>\nMUTATJUK A R\u00c9SZLETEKET!<\/h3>\n<h3><span style=\"color: #ff0000;\"><strong>A h\u00edr nem \u00e9rt v\u00e9get! Folytat\u00e1shoz haszn\u00e1ld a K\u00d6VETKEZ\u0150 OLDAL gombot!<\/strong><\/span><\/h3>\n<h3><strong><!--nextpage--><\/strong><\/h3>\n<h3>H\u00e9tf\u0151n azt\u00e1n meg\u00e9rkezett az \u00fajabb csap\u00e1s: egy friss ciklon, ami rekordmennyis\u00e9g\u0171 es\u0151t z\u00fad\u00edtott r\u00e1nk. A Nagykanizsa\u2013Veszpr\u00e9m\u2013Balassagyarmat s\u00e1vban egyetlen nap alatt t\u00f6bb helyen 30 millim\u00e9tern\u00e9l is t\u00f6bb es\u0151 esett, \u00e9s mire a 48 \u00f3ra letelt, az \u00c9szaki-k\u00f6z\u00e9phegys\u00e9g egyes pontjain a csapad\u00e9kmennyis\u00e9g el\u00e9rte a 60 millim\u00e9tert.<br \/>\nA Saj\u00f3n mindek\u00f6zben v\u00e9szj\u00f3sl\u00f3 emelked\u00e9s indult be: Saj\u00f3p\u00fcsp\u00f6kin\u00e9l m\u00e1r harmadfok\u00fa k\u00e9sz\u00fclts\u00e9gre k\u00e9sz\u00fclnek, a v\u00edzszint \u00f3r\u00e1r\u00f3l \u00f3r\u00e1ra k\u00faszik felfel\u00e9. A helyiek tehetetlen\u00fcl figyelik, ahogy a foly\u00f3 el\u00e9ri a telep\u00fcl\u00e9s hat\u00e1r\u00e1t.<br \/>\nITT M\u00c1R T\u00d6RT\u00c9NELMI MAGAS\u00c1GOKBAN A V\u00cdZSZINT!<\/h3>\n<h3><span style=\"color: #ff0000;\"><strong>A h\u00edr nem \u00e9rt v\u00e9get! Folytat\u00e1shoz haszn\u00e1ld a K\u00d6VETKEZ\u0150 OLDAL gombot!<\/strong><\/span><\/h3>\n<h3><strong><!--nextpage--><\/strong><\/h3>\n<h3>\u00c9s itt m\u00e9g nincs v\u00e9ge. Az Ipoly mostanra t\u00e9nyleg t\u00f6rt\u00e9nelmi magass\u00e1gokba emelkedett: Ipolytarn\u00f3cn\u00e1l szerda \u00e9jjel a valaha m\u00e9rt legnagyobb v\u00edzszint k\u00f6zel\u00e9ben tet\u0151zhet \u2013 ilyen dr\u00e1mai el\u0151rejelz\u00e9sre \u00e9vtizedek \u00f3ta nem volt p\u00e9lda. N\u00f3gr\u00e1dszak\u00e1ln\u00e1l m\u00e1r els\u0151fok\u00fa k\u00e9sz\u00fclts\u00e9g van \u00e9rv\u00e9nyben, \u00e9s mindenki att\u00f3l f\u00e9l, vajon b\u00edrj\u00e1k-e a g\u00e1tak.<br \/>\nK\u00f6zben \u00e1rhull\u00e1m indult el a B\u00f3dv\u00e1n, a Hern\u00e1don, a Bodrogon \u00e9s a Tarn\u00e1n is. Ha \u00edgy minden folytat\u00f3dik, csak id\u0151 k\u00e9rd\u00e9se, mikor l\u00e9pi \u00e1t a v\u00edz a kritikus hat\u00e1rt.<\/h3>\n<p>VIA Blikk<\/p>\n","protected":false},"excerpt":{"rendered":"<p>F0jt0 gat\u00f3 fesz\u00fclts\u00e9g telepedett az orsz\u00e1gra, amikor az elm\u00falt napokban egym\u00e1st k\u00f6vett\u00e9k a mediterr\u00e1n ciklonok, \u00e9s szinte \u00f3r\u00e1r\u00f3l \u00f3r\u00e1ra v\u00e1lt egy\u00e9rtelm\u0171bb\u00e9: baj lesz. Az \u00e9szaki t\u00e9rs\u00e9gekben m\u00e1r p\u00e9ntekt\u0151l szakadatlanul zuhogott, a f\u00f6ld&#8230;<\/p>\n","protected":false},"author":1,"featured_media":8493,"comment_status":"open","ping_status":"open","sticky":false,"template":"","format":"standard","meta":{"footnotes":""},"categories":[2],"tags":[],"class_list":["post-8492","post","type-post","status-publish","format-standard","has-post-thumbnail","hentry","category-altalanos"],"aioseo_notices":[],"_links":{"self":[{"href":"https:\/\/online-filmkatarzis.com\/kucko\/wp-json\/wp\/v2\/posts\/8492","targetHints":{"allow":["GET"]}}],"collection":[{"href":"https:\/\/online-filmkatarzis.com\/kucko\/wp-json\/wp\/v2\/posts"}],"about":[{"href":"https:\/\/online-filmkatarzis.com\/kucko\/wp-json\/wp\/v2\/types\/post"}],"author":[{"embeddable":true,"href":"https:\/\/online-filmkatarzis.com\/kucko\/wp-json\/wp\/v2\/users\/1"}],"replies":[{"embeddable":true,"href":"https:\/\/online-filmkatarzis.com\/kucko\/wp-json\/wp\/v2\/comments?post=8492"}],"version-history":[{"count":1,"href":"https:\/\/online-filmkatarzis.com\/kucko\/wp-json\/wp\/v2\/posts\/8492\/revisions"}],"predecessor-version":[{"id":8494,"href":"https:\/\/online-filmkatarzis.com\/kucko\/wp-json\/wp\/v2\/posts\/8492\/revisions\/8494"}],"wp:featuredmedia":[{"embeddable":true,"href":"https:\/\/online-filmkatarzis.com\/kucko\/wp-json\/wp\/v2\/media\/8493"}],"wp:attachment":[{"href":"https:\/\/online-filmkatarzis.com\/kucko\/wp-json\/wp\/v2\/media?parent=8492"}],"wp:term":[{"taxonomy":"category","embeddable":true,"href":"https:\/\/online-filmkatarzis.com\/kucko\/wp-json\/wp\/v2\/categories?post=8492"},{"taxonomy":"post_tag","embeddable":true,"href":"https:\/\/online-filmkatarzis.com\/kucko\/wp-json\/wp\/v2\/tags?post=8492"}],"curies":[{"name":"wp","href":"https:\/\/api.w.org\/{rel}","templated":true}]}}