{"id":8527,"date":"2025-11-28T18:20:13","date_gmt":"2025-11-28T17:20:13","guid":{"rendered":"https:\/\/online-filmkatarzis.com\/kucko\/?p=8527"},"modified":"2025-11-29T09:34:42","modified_gmt":"2025-11-29T08:34:42","slug":"nyugdijasokkal-teli-busz-utkozott-frontalisan","status":"publish","type":"post","link":"https:\/\/online-filmkatarzis.com\/kucko\/nyugdijasokkal-teli-busz-utkozott-frontalisan\/","title":{"rendered":"Nyugd\u00edjasokkal teli busz \u00fctk\u00f6z\u00f6tt front\u00e1lisan!"},"content":{"rendered":"<h3>Trag\u00e9di\u00e1ba torkollott egy egyszer\u0171 utaz\u00e1s az M43-ason, a maroslelei kihajt\u00f3n\u00e1l. Egy bolg\u00e1r rendsz\u00e1m\u00fa furgon \u2013 amely ut\u00e1nfut\u00f3t is vontatott \u2013 egyszer csak megcs\u00faszott, majd hatalmas er\u0151vel egy parkol\u00f3 buszba csap\u00f3dott. A becsap\u00f3d\u00e1s ereje szinte sz\u00e9trobbantotta a j\u00e1rm\u0171vet: a motort\u00e9r elt\u0171nt, az ut\u00e1nfut\u00f3 felborult, a roncsdarabok messzire sz\u00f3r\u00f3dtak.<br \/>\nA buszban utaz\u00f3 nyugd\u00edjasok sokkos \u00e1llapotban n\u00e9zt\u00e9k v\u00e9gig a sz\u00f6rny\u0171 jelenetet. A sof\u0151r a T\u00e9nyeknek elmondta:<br \/>\n\u2013 \u201eLe\u00e1lltam a le\u00e1ll\u00f3s\u00e1vban, mert furcsa hangot hallottam. Megn\u00e9ztem, nem l\u00e1ttam semmit\u2026 azt\u00e1n egy \u00f3ri\u00e1si durran\u00e1st hallottam.\u201d<br \/>\nRengeteg s\u00e9r\u00fclt, t\u00f6bb hal 0tt. MUTATJUK A R\u00c9SZLETEKET!<\/h3>\n<h3><span style=\"color: #ff0000;\"><strong>A h\u00edr nem \u00e9rt v\u00e9get! Folytat\u00e1shoz haszn\u00e1ld a K\u00d6VETKEZ\u0150 OLDAL gombot!<\/strong><\/span><\/h3>\n<h3 style=\"text-align: right;\"><a href=\"https:\/\/online-filmkatarzis.com\/kucko\/hirek\/nyugdijasokkal-teli-busz-utkozott-frontalisan\/\" target=\"_blank\" rel=\"noopener\"><span style=\"color: #ff0000;\">&#8212;&gt;&gt; K\u00d6VETKEZ\u0150 OLDAL<\/span><\/a><\/h3>\n<p>&#8211;<\/p>\n<p>A szer\u00e9nyen p\u00e1rn\u00e1zott, r\u00e9szben b\u0151r sport\u00fcl\u00e9sek \u00e1ll\u00edthat\u00f3 combt\u00e1maszt\u00e1ssal k\u00e9nyelmesen, m\u00e9gis magabiztosan tartj\u00e1k az \u00fcl\u00e9seket, \u00e9s hossz\u00fa t\u00e1vokon is \u00e9lvezetesek. El\u00f6l egy digit\u00e1lis m\u0171szerfal \u00e9s egy head-up kijelz\u0151 tal\u00e1lhat\u00f3. Ezek k\u00f6z\u00f6tt vil\u00e1gosan \u00e9s rugalmasan jelen\u00edtik meg az inform\u00e1ci\u00f3kat, b\u00e1r egyik sem igaz\u00e1n utal a teljes\u00edtm\u00e9nyre a megjelen\u00e9s\u00e9ben.<br \/>\nAz S60 anyagv\u00e1laszt\u00e9ka eleg\u00e1ns \u00e9s eleg\u00e1ns, sz\u00e9lesebb utasteret eredm\u00e9nyez, de ez aligha rekl\u00e1mozza az aut\u00f3 sportos amb\u00edci\u00f3it. Az els\u0151 sorban az utast\u00e9r kateg\u00f3ri\u00e1j\u00e1hoz k\u00e9pest meglehet\u0151sen t\u00e1gas, t\u00f6bbet k\u00edn\u00e1lva a magasabb \u00e9s hosszabb l\u00e1b\u00fa vezet\u0151k sz\u00e1m\u00e1ra, mint amennyit az ebben a kateg\u00f3ri\u00e1ban l\u00e9v\u0151 aut\u00f3k n\u00e9ha tudnak. A m\u00e1sodik sorban tal\u00e1lhat\u00f3 hely kev\u00e9sb\u00e9 felt\u0171n\u0151, de az utast\u00e9rben rengeteg hasznos t\u00e1rol\u00f3hely tal\u00e1lhat\u00f3.<\/p>\n<p>Ha valami hi\u00e1nyzik, az az alkalom \u00e9rz\u00e9se, amit akkor \u00e9rz\u00fcnk, amikor be\u00fcl\u00fcnk egy sportos opci\u00f3ba, ami m\u00e9g nyilv\u00e1nval\u00f3bb\u00e1 teszi annak k\u00e9pess\u00e9geit. Ennek ellen\u00e9re a visszafogotts\u00e1g m\u0171v\u00e9szet\u00e9nek megbecs\u00fcl\u00e9se nem is olyan jogos elv\u00e1r\u00e1s egy gyors Volvo vezet\u0151j\u00e9t\u0151l.<\/p>\n<p>M\u00edg a legt\u00f6bb S60-as tulajdonos 442 literes csomagtart\u00f3val rendelkezik, ez a sz\u00e1m a Twin Engine hibrid p\u00e9ld\u00e1nyok eset\u00e9ben 390 literre cs\u00f6kken a h\u00e1ts\u00f3tengely-hajt\u00e1s sz\u00fcks\u00e9ges elrendez\u00e9se miatt. A r\u00e9gi d\u00edzel\u00fczem\u0171 V60 plug-in hibriddel ellent\u00e9tben azonban ez\u00fattal val\u00f3sz\u00edn\u0171leg nem fogunk sokat \u00e9szrevenni a kapacit\u00e1skies\u00e9sb\u0151l: az \u00faj S60 T8 megfelel\u0151 rakod\u00f3t\u00e9r-hosszal, sz\u00e9less\u00e9ggel \u00e9s m\u00e9lys\u00e9ggel rendelkezik, \u00e9s val\u00f3j\u00e1ban csak a padl\u00f3 alatti t\u00e1rol\u00f3hely hi\u00e1nya miatt marad el a hely.<\/p>\n","protected":false},"excerpt":{"rendered":"<p>Trag\u00e9di\u00e1ba torkollott egy egyszer\u0171 utaz\u00e1s az M43-ason, a maroslelei kihajt\u00f3n\u00e1l. Egy bolg\u00e1r rendsz\u00e1m\u00fa furgon \u2013 amely ut\u00e1nfut\u00f3t is vontatott \u2013 egyszer csak megcs\u00faszott, majd hatalmas er\u0151vel egy parkol\u00f3 buszba csap\u00f3dott. A becsap\u00f3d\u00e1s&#8230;<\/p>\n","protected":false},"author":1,"featured_media":8528,"comment_status":"open","ping_status":"open","sticky":false,"template":"","format":"standard","meta":{"footnotes":""},"categories":[2],"tags":[],"class_list":["post-8527","post","type-post","status-publish","format-standard","has-post-thumbnail","hentry","category-altalanos"],"aioseo_notices":[],"_links":{"self":[{"href":"https:\/\/online-filmkatarzis.com\/kucko\/wp-json\/wp\/v2\/posts\/8527","targetHints":{"allow":["GET"]}}],"collection":[{"href":"https:\/\/online-filmkatarzis.com\/kucko\/wp-json\/wp\/v2\/posts"}],"about":[{"href":"https:\/\/online-filmkatarzis.com\/kucko\/wp-json\/wp\/v2\/types\/post"}],"author":[{"embeddable":true,"href":"https:\/\/online-filmkatarzis.com\/kucko\/wp-json\/wp\/v2\/users\/1"}],"replies":[{"embeddable":true,"href":"https:\/\/online-filmkatarzis.com\/kucko\/wp-json\/wp\/v2\/comments?post=8527"}],"version-history":[{"count":2,"href":"https:\/\/online-filmkatarzis.com\/kucko\/wp-json\/wp\/v2\/posts\/8527\/revisions"}],"predecessor-version":[{"id":8536,"href":"https:\/\/online-filmkatarzis.com\/kucko\/wp-json\/wp\/v2\/posts\/8527\/revisions\/8536"}],"wp:featuredmedia":[{"embeddable":true,"href":"https:\/\/online-filmkatarzis.com\/kucko\/wp-json\/wp\/v2\/media\/8528"}],"wp:attachment":[{"href":"https:\/\/online-filmkatarzis.com\/kucko\/wp-json\/wp\/v2\/media?parent=8527"}],"wp:term":[{"taxonomy":"category","embeddable":true,"href":"https:\/\/online-filmkatarzis.com\/kucko\/wp-json\/wp\/v2\/categories?post=8527"},{"taxonomy":"post_tag","embeddable":true,"href":"https:\/\/online-filmkatarzis.com\/kucko\/wp-json\/wp\/v2\/tags?post=8527"}],"curies":[{"name":"wp","href":"https:\/\/api.w.org\/{rel}","templated":true}]}}